{"id":18201,"date":"2023-04-08T11:00:16","date_gmt":"2023-04-08T09:00:16","guid":{"rendered":"https:\/\/edublog.educastur.es\/ixuxu\/?p=18201"},"modified":"2023-04-11T13:07:55","modified_gmt":"2023-04-11T11:07:55","slug":"18201","status":"publish","type":"post","link":"https:\/\/edublog.educastur.es\/ixuxu\/2023\/04\/18201\/","title":{"rendered":"De graneru a complementu d&#8217;una vivienda o negociu"},"content":{"rendered":"<ul>\n<li>Fonte: <a href=\"https:\/\/www.lavozdeasturias.es\/noticia\/asturias\/2023\/04\/07\/granero-complemento-vivienda-negocio-detalles-plan-busca\/00031680887395179811672.htm?fbclid=IwAR3E6Xq-eTVeq8x5K0oS5bXSK6OA5k2Cq0a1LnTkWCr_y90LWL2oVXAF9Pk\">La Voz de Asturias<\/a> \/<\/li>\n<\/ul>\n<p>De graneru\/tenada a complementu d&#8217;una vivienda o negociu: les mid\u00edes del plan que regula nuevos usos para los horros.<\/p>\n<p><a href=\"https:\/\/cflvdg.avoz.es\/sc\/Qb2zOhv8q9wepEkkdQAUwPD1oFQ=\/768x\/2017\/02\/02\/00121486058115677118558\/Foto\/horreoh.jpg\"><img loading=\"lazy\" decoding=\"async\" class=\"aligncenter size-full\" src=\"https:\/\/cflvdg.avoz.es\/sc\/Qb2zOhv8q9wepEkkdQAUwPD1oFQ=\/768x\/2017\/02\/02\/00121486058115677118558\/Foto\/horreoh.jpg\" width=\"768\" height=\"431\" \/><\/a><\/p>\n<p style=\"text-align: left\">\u00abL&#8217;horru nun ye un f\u00f3sil, inda ta vivu y agora podr\u00e1 afaese a les necesidaes actuales\u00bb, valoren na <a href=\"https:\/\/www.horreosdeasturias.es\/author\/amigos_del_horreo\/\"><span style=\"color: #008080\"><strong>Asociaci\u00f3n d&#8217;Amigos del Horru Asturianu<\/strong><\/span><\/a>, na que destaquen tami\u00e9n los beneficios de qu&#8217;exemplares \u00abque son casi pieces de mus\u00e9u\u00bb pasen a ser <a href=\"https:\/\/es.wikipedia.org\/wiki\/Bien_de_Inter%C3%A9s_Cultural_(Espa%C3%B1a)\"><span style=\"color: #008080\"><strong>BIC: Bienes d&#8217;inter\u00e9s Cultural.<\/strong><\/span><\/a><!--more--><\/p>\n<p>N&#8217;Asturies neng\u00fan horru ye bien d&#8217;inter\u00e9s cultural (BIC), pero en principiu podr\u00eden ser dellos cientos los que, por ser aut\u00e9ntiques xoyes del patrimoniu etnogr\u00e1ficu, pasen a tener esta protecci\u00f3n que, seg\u00fan el primer <strong><span style=\"color: #008080\">Plan del Horru<\/span><\/strong> present\u00e1u apocay\u00e1 pola Conseyer\u00eda de Cultura, Pol\u00edtica Lling\u00fc\u00edstica y Turismu, <span style=\"color: #008080\">va suponer que los sos propietarios van recibir ayudes espec\u00edfiques de l&#8217;Alministraci\u00f3n para&#8217;l so caltenimientu<\/span>. Ye una de les mid\u00edes d&#8217;un plan col que se prop\u00f3n modificar el reglamentu de desenvolvimientu de la Llei de Patrimoniu Cultural para incentivar el caltenimientu d&#8217;horros, paneres y cabazos n&#8217;Asturies, que tami\u00e9n<span style=\"color: #008080\"> va regular nuevos usos, am\u00e1s d&#8217;almac\u00e9n o tenada, para los exemplares que nun s\u00edan consideraos BIC.<\/span><\/p>\n<p><em><span style=\"color: #008080\">\u00abL&#8217;horru nun ye un f\u00f3sil. Inda ta vivu, nun morri\u00f3, y agora podr\u00e1 afaese a les necesidaes de los tiempos presentes\u00bb<\/span><\/em>, valora l&#8217;arque\u00f3logu Fernando Mora, que pertenez a l&#8217;Asociaci\u00f3n d&#8217;Amigos del Horru Asturianu y que s&#8217;amuesa convenc\u00edu de qu&#8217;esti Plan del Horru, una vegada qu&#8217;empiece a aplicase, va tener ensin dulda muncha acoyida. <em><span style=\"color: #008080\">\u00abSi l&#8217;horru cumple les condiciones, va pod\u00e9se-y dar otra oportunid\u00e1, restaur\u00e1ndolo afechiscamente y d\u00e1ndo-y un usu m\u00e1s actual. Hai xente que sigue utiliz\u00e1ndolos como almac\u00e9n, pero hai enforma que nun almacena nin el granu nin la comida y qu&#8217;agora-y van a poder dar otru usu\u00bb,<\/span><\/em> diz, se\u00f1alando qu&#8217;a diariu na asociaci\u00f3n reciben consultes precisamente sobro esti asuntu.<\/p>\n<p><strong><span style=\"color: #008080\">Asina, los horros y paneres van poder ser complementu d&#8217;una vivienda o negociu, y\u00e1 s\u00eda d&#8217;hosteler\u00eda o hoteler\u00eda, d&#8217;informaci\u00f3n tur\u00edstica o cultural o puestos de vienta por casu de productos asturianos.<\/span><\/strong> Pero solu como complementu de la edificaci\u00f3n principal. \u00abUn horru nun va poder ser xuna vivienda exenta nunca\u00bb, matiza Mora, que recuerda qu&#8217;estes construcciones siempres tuvieron amestaes a viviendes y que, ello ye que son bien pocos los horros exentos qu&#8217;esisten. <em><span style=\"color: #008080\">\u00abSi hai ye porque se movieron por devenires de la vida moderna, pero hasta los horros qu&#8217;hai nes bra\u00f1es t\u00e1n al llau de la cabana de la bra\u00f1a. Tami\u00e9n les paneres que t\u00e1n nel centru de les places tienen la so casa enfrente. Tolos horros y les paneres t\u00e1n siempres venceyaos a una casa porque si nun pierden el so sent\u00edu tradicional\u00bb.<\/span><\/em><\/p>\n<p style=\"text-align: center\">\n<!-- iframe plugin v.6.0 wordpress.org\/plugins\/iframe\/ -->\n<iframe loading=\"lazy\" width=\"100%\" height=\"395\" src=\"https:\/\/www.youtube.com\/embed\/JUr2IkgnuHg\" title=\"\u00bfQu\u00e9 es un BIEN DE INTER\u00c9S CULTURAL (BIC)?\" frameborder=\"0\" allow=\"accelerometer; autoplay; clipboard-write; encrypted-media; gyroscope; picture-in-picture; web-share\" 0=\"allowfullscreen\" 1=\"\/iframe\" scrolling=\"yes\" class=\"iframe-class\"><\/iframe>\n<\/p>\n","protected":false},"excerpt":{"rendered":"<p>Fonte: La Voz de Asturias \/ De graneru\/tenada a complementu d&#8217;una vivienda o negociu: les mid\u00edes del plan que regula nuevos usos para los horros. \u00abL&#8217;horru nun ye un f\u00f3sil, inda ta vivu y agora podr\u00e1 afaese a les necesidaes actuales\u00bb, valoren na Asociaci\u00f3n d&#8217;Amigos del Horru Asturianu, na que destaquen tami\u00e9n los beneficios de [&hellip;]<\/p>\n","protected":false},"author":117,"featured_media":0,"comment_status":"open","ping_status":"open","sticky":false,"template":"","format":"standard","meta":{"footnotes":""},"categories":[116],"tags":[],"class_list":["post-18201","post","type-post","status-publish","format-standard","hentry","category-horru"],"_links":{"self":[{"href":"https:\/\/edublog.educastur.es\/ixuxu\/wp-json\/wp\/v2\/posts\/18201","targetHints":{"allow":["GET"]}}],"collection":[{"href":"https:\/\/edublog.educastur.es\/ixuxu\/wp-json\/wp\/v2\/posts"}],"about":[{"href":"https:\/\/edublog.educastur.es\/ixuxu\/wp-json\/wp\/v2\/types\/post"}],"author":[{"embeddable":true,"href":"https:\/\/edublog.educastur.es\/ixuxu\/wp-json\/wp\/v2\/users\/117"}],"replies":[{"embeddable":true,"href":"https:\/\/edublog.educastur.es\/ixuxu\/wp-json\/wp\/v2\/comments?post=18201"}],"version-history":[{"count":3,"href":"https:\/\/edublog.educastur.es\/ixuxu\/wp-json\/wp\/v2\/posts\/18201\/revisions"}],"predecessor-version":[{"id":18204,"href":"https:\/\/edublog.educastur.es\/ixuxu\/wp-json\/wp\/v2\/posts\/18201\/revisions\/18204"}],"wp:attachment":[{"href":"https:\/\/edublog.educastur.es\/ixuxu\/wp-json\/wp\/v2\/media?parent=18201"}],"wp:term":[{"taxonomy":"category","embeddable":true,"href":"https:\/\/edublog.educastur.es\/ixuxu\/wp-json\/wp\/v2\/categories?post=18201"},{"taxonomy":"post_tag","embeddable":true,"href":"https:\/\/edublog.educastur.es\/ixuxu\/wp-json\/wp\/v2\/tags?post=18201"}],"curies":[{"name":"wp","href":"https:\/\/api.w.org\/{rel}","templated":true}]}}