{"id":1821,"date":"2020-12-11T20:00:35","date_gmt":"2020-12-11T18:00:35","guid":{"rendered":"https:\/\/edublog.educastur.es\/ixuxu\/?p=1821"},"modified":"2020-12-17T23:30:47","modified_gmt":"2020-12-17T21:30:47","slug":"un-nuevu-anu-una-oportunida-pa-la-llingua-felicitacion-de-lalla","status":"publish","type":"post","link":"https:\/\/edublog.educastur.es\/ixuxu\/2020\/12\/un-nuevu-anu-una-oportunida-pa-la-llingua-felicitacion-de-lalla\/","title":{"rendered":"\u00abUn nuevu a\u00f1u, una oportunid\u00e1 pa la llingua\u00bb, felicitaci\u00f3n de l&#8217;ALLA"},"content":{"rendered":"<div class=\"field field-name-body field-type-text-with-summary field-label-hidden\">\n<div class=\"field-items\">\n<div class=\"field-item even\">\n<p><a href=\"https:\/\/asturies.com\/sites\/default\/files\/styles\/large\/public\/felicitacion_navida_2020-2021_alla.png?itok=xBKr04gm\"><img loading=\"lazy\" decoding=\"async\" class=\"alignnone size-full\" src=\"https:\/\/asturies.com\/sites\/default\/files\/styles\/large\/public\/felicitacion_navida_2020-2021_alla.png?itok=xBKr04gm\" width=\"458\" height=\"611\" \/><\/a><\/p>\n<p>La instituci\u00f3n acad\u00e9mica desea sal\u00fa pa estes Navidaes n&#8217;asturianu y gallego-asturiano.<\/p>\n<p><!--more--><\/p>\n<p>&#8216;Un nuevu a\u00f1u, una oportunid\u00e1 pa la llingua nel 2021&#8217;\/&#8217;Un novo ano, \u00faa oportunid\u00e1 pr\u00e1 llingua en 2021&#8217; ye la felicitaci\u00f3n asoleyada pola <a href=\"http:\/\/www.academiadelallingua.com\/\">Academia de la Llingua Asturiana (ALLA)<\/a> estes fiestes navidiegues. El testu vien acompa\u00f1\u00e1u por una imaxe d&#8217;una flor na nieve autor\u00eda de Carlos Salvo.<\/p>\n<p>Xunto cola tarxeta, en formatu GIF en dambes lling\u00fces en redes sociales, un des\u00e9u de \u00absal\u00fa nestes Navidaes\u00bb. <a href=\"https:\/\/asturies.com\/noticies\/un-nuevu-anu-una-oportunida-pa-la-llingua-felicitacion-de-lalla\"><em><span style=\"text-decoration: underline\">Ver noticia n\u00b4Asturies.com<\/span><\/em><\/a>.<\/p>\n<ul>\n<li><a href=\"http:\/\/www.academiadelallingua.com\/\">ALLA<\/a><\/li>\n<\/ul>\n<\/div>\n<\/div>\n<\/div>\n","protected":false},"excerpt":{"rendered":"<p>La instituci\u00f3n acad\u00e9mica desea sal\u00fa pa estes Navidaes n&#8217;asturianu y gallego-asturiano.<\/p>\n","protected":false},"author":117,"featured_media":0,"comment_status":"closed","ping_status":"open","sticky":false,"template":"","format":"standard","meta":{"footnotes":""},"categories":[83,56],"tags":[],"class_list":["post-1821","post","type-post","status-publish","format-standard","hentry","category-felicitaciones","category-fotografia"],"_links":{"self":[{"href":"https:\/\/edublog.educastur.es\/ixuxu\/wp-json\/wp\/v2\/posts\/1821","targetHints":{"allow":["GET"]}}],"collection":[{"href":"https:\/\/edublog.educastur.es\/ixuxu\/wp-json\/wp\/v2\/posts"}],"about":[{"href":"https:\/\/edublog.educastur.es\/ixuxu\/wp-json\/wp\/v2\/types\/post"}],"author":[{"embeddable":true,"href":"https:\/\/edublog.educastur.es\/ixuxu\/wp-json\/wp\/v2\/users\/117"}],"replies":[{"embeddable":true,"href":"https:\/\/edublog.educastur.es\/ixuxu\/wp-json\/wp\/v2\/comments?post=1821"}],"version-history":[{"count":3,"href":"https:\/\/edublog.educastur.es\/ixuxu\/wp-json\/wp\/v2\/posts\/1821\/revisions"}],"predecessor-version":[{"id":1919,"href":"https:\/\/edublog.educastur.es\/ixuxu\/wp-json\/wp\/v2\/posts\/1821\/revisions\/1919"}],"wp:attachment":[{"href":"https:\/\/edublog.educastur.es\/ixuxu\/wp-json\/wp\/v2\/media?parent=1821"}],"wp:term":[{"taxonomy":"category","embeddable":true,"href":"https:\/\/edublog.educastur.es\/ixuxu\/wp-json\/wp\/v2\/categories?post=1821"},{"taxonomy":"post_tag","embeddable":true,"href":"https:\/\/edublog.educastur.es\/ixuxu\/wp-json\/wp\/v2\/tags?post=1821"}],"curies":[{"name":"wp","href":"https:\/\/api.w.org\/{rel}","templated":true}]}}