{"id":18320,"date":"2023-04-13T21:16:16","date_gmt":"2023-04-13T19:16:16","guid":{"rendered":"https:\/\/edublog.educastur.es\/ixuxu\/?p=18320"},"modified":"2023-04-13T21:17:42","modified_gmt":"2023-04-13T19:17:42","slug":"inauguracion-de-la-esposicion-80-40-anos-con-el-principin","status":"publish","type":"post","link":"https:\/\/edublog.educastur.es\/ixuxu\/2023\/04\/inauguracion-de-la-esposicion-80-40-anos-con-el-principin\/","title":{"rendered":"Inauguraci\u00f3n de la esposici\u00f3n \u00ab80\/40 a\u00f1os con \u00abEl princip\u00edn\u00bb!"},"content":{"rendered":"<p>\u00abCon esta esposici\u00f3n ense\u00f1amos la importancia de &#8216;El Principito&#8217;\u00bb<\/p>\n<p style=\"text-align: center\"><a href=\"https:\/\/s3.ppllstatics.com\/elcomercio\/www\/multimedia\/2023\/04\/13\/82590319--758x531.jpg\"><img loading=\"lazy\" decoding=\"async\" class=\"aligncenter size-full\" src=\"https:\/\/s3.ppllstatics.com\/elcomercio\/www\/multimedia\/2023\/04\/13\/82590319--758x531.jpg\" width=\"758\" height=\"531\" \/><\/a><\/p>\n<p>L&#8217;Antiguu Institutu acoy\u00f3 l&#8217;apertura d&#8217;una amuesa que celebra los 80 a\u00f1os de la obra y 40 de la edici\u00f3n n&#8217;asturianu.<\/p>\n<ul>\n<li>Fonte: El Comercio \/ <a href=\"https:\/\/www.facebook.com\/ofillin\">Ofi Lling\u00fc\u00edstica Xix\u00f3n<\/a> \/<a href=\"https:\/\/www.facebook.com\/photo?fbid=595838429245793&amp;set=pcb.595838579245778\">semeyes<\/a><\/li>\n<\/ul>\n<p><!--more--><\/p>\n<div class=\"x11i5rnm xat24cr x1mh8g0r x1vvkbs xdj266r x126k92a\">\n<div dir=\"auto\">\u00a1\u00c9situ total ayeri na inauguraci\u00f3n de la esposici\u00f3n \u00ab80\/40 a\u00f1os con \u00abEl princip\u00edn\u00bb!<\/div>\n<\/div>\n<div class=\"x11i5rnm xat24cr x1mh8g0r x1vvkbs xtlvy1s x126k92a\">\n<div dir=\"auto\"><span class=\"x3nfvp2 x1j61x8r x1fcty0u xdj266r xhhsvwb xat24cr xgzva0m xxymvpz xlup9mm x1kky2od\"><img loading=\"lazy\" decoding=\"async\" src=\"https:\/\/static.xx.fbcdn.net\/images\/emoji.php\/v9\/tae\/1\/16\/1f3ad.png\" alt=\"?\" width=\"16\" height=\"16\" \/><\/span> Les casi 50 persones qu&#8217;asistieron pudieron disfrutar en dos pases d&#8217;una llectura teatralizada de la obra a cargu de la compa\u00f1\u00eda de teatr<a class=\"x1i10hfl xjbqb8w x6umtig x1b1mbwd xaqea5y xav7gou x9f619 x1ypdohk xt0psk2 xe8uvvx xdj266r x11i5rnm xat24cr x1mh8g0r xexx8yu x4uap5 x18d9i69 xkhd6sd x16tdsg8 x1hl2dhg xggy1nq x1a2a7pz xt0b8zv x1qq9wsj xo1l8bm\" role=\"link\" href=\"https:\/\/www.facebook.com\/profile.php?id=100029087656944&amp;__cft__[0]=AZVnCV9f_Q7iMBa0sicI8PJ-lWW1ZGvoTyuOG3KMlLgivv543FzbjyxU0WZACkwKnZontbLYcDQbzAO6CJhkVbqZfRWS4uMKO8YZEjQIe-cq7DarKjM28dbKW5R5eZrGWgiW_5DMtDtxi-t8rnsmAA0zJ9jQKI74zheocIEnbaZ73oR9YOQwSQnyV8jQGln0SxvCRWVQR6-i4I5ZwliC7h9Y&amp;__tn__=-]K-y-R\"><span class=\"xt0psk2\">u Higi\u00e9nico Papel Teat<\/span><\/a>ro. \u00a1Pudimos c\u00e1sique metenos nel propiu llibru!<\/div>\n<\/div>\n<div class=\"x11i5rnm xat24cr x1mh8g0r x1vvkbs xtlvy1s x126k92a\">\n<div dir=\"auto\"><span class=\"x3nfvp2 x1j61x8r x1fcty0u xdj266r xhhsvwb xat24cr xgzva0m xxymvpz xlup9mm x1kky2od\"><img loading=\"lazy\" decoding=\"async\" src=\"https:\/\/static.xx.fbcdn.net\/images\/emoji.php\/v9\/t38\/1\/16\/1f58c.png\" alt=\"?\ufe0f\" width=\"16\" height=\"16\" \/><\/span> Los cuadros de les ilustraciones orixinales y los fragmentos del testu t\u00e1n acompa\u00f1aos de delles pieces d&#8217;artesan\u00eda ellaboraes y ced\u00edes pol <a class=\"x1i10hfl xjbqb8w x6umtig x1b1mbwd xaqea5y xav7gou x9f619 x1ypdohk xt0psk2 xe8uvvx xdj266r x11i5rnm xat24cr x1mh8g0r xexx8yu x4uap5 x18d9i69 xkhd6sd x16tdsg8 x1hl2dhg xggy1nq x1a2a7pz xt0b8zv x1qq9wsj xo1l8bm\" role=\"link\" href=\"https:\/\/www.facebook.com\/MercadoArtesanoyEcologico?__cft__[0]=AZVnCV9f_Q7iMBa0sicI8PJ-lWW1ZGvoTyuOG3KMlLgivv543FzbjyxU0WZACkwKnZontbLYcDQbzAO6CJhkVbqZfRWS4uMKO8YZEjQIe-cq7DarKjM28dbKW5R5eZrGWgiW_5DMtDtxi-t8rnsmAA0zJ9jQKI74zheocIEnbaZ73oR9YOQwSQnyV8jQGln0SxvCRWVQR6-i4I5ZwliC7h9Y&amp;__tn__=-]K-y-R\"><span class=\"xt0psk2\">Mercado Artesano y Ecol\u00f3gico<\/span><\/a> y por m\u00e1s d&#8217;una cincuentena d&#8217;ediciones de la obra en distintes lling\u00fces.<\/div>\n<\/div>\n<div class=\"x11i5rnm xat24cr x1mh8g0r x1vvkbs xtlvy1s x126k92a\">\n<div dir=\"auto\"><span style=\"color: #008080\"><span class=\"x3nfvp2 x1j61x8r x1fcty0u xdj266r xhhsvwb xat24cr xgzva0m xxymvpz xlup9mm x1kky2od\"><img loading=\"lazy\" decoding=\"async\" src=\"https:\/\/static.xx.fbcdn.net\/images\/emoji.php\/v9\/t5c\/1\/16\/1f5d3.png\" alt=\"?\ufe0f\" width=\"16\" height=\"16\" \/><\/span> Puedes venir a ver la esposici\u00f3n hasta&#8217;l 25 de mayu nel horariu que vien darr\u00e9u:<\/span><\/div>\n<\/div>\n<div class=\"x11i5rnm xat24cr x1mh8g0r x1vvkbs xtlvy1s x126k92a\">\n<div dir=\"auto\"><span style=\"color: #008080\">LL-V: 17:30 &#8211; 20:30<\/span><\/div>\n<div dir=\"auto\"><span style=\"color: #008080\">S: 12:30 &#8211; 14:00 y 17:30 &#8211; 20:30<\/span><\/div>\n<div dir=\"auto\"><span style=\"color: #008080\">D: 12:30 &#8211; 14:00<\/span><\/div>\n<\/div>\n<div class=\"x11i5rnm xat24cr x1mh8g0r x1vvkbs xtlvy1s x126k92a\">\n<div dir=\"auto\"><span class=\"x3nfvp2 x1j61x8r x1fcty0u xdj266r xhhsvwb xat24cr xgzva0m xxymvpz xlup9mm x1kky2od\"><img loading=\"lazy\" decoding=\"async\" src=\"https:\/\/static.xx.fbcdn.net\/images\/emoji.php\/v9\/tdc\/1\/16\/26a0.png\" alt=\"\u26a0\ufe0f\" width=\"16\" height=\"16\" \/><\/span> \u00a1Y sigu\u00edi sollertes, porque en mayu va haber dalguna sorpresa m\u00e1s tan prestosa como la d&#8217;ayeri o m\u00e1s!<\/div>\n<div dir=\"auto\"><\/div>\n<\/div>\n<div dir=\"auto\">\n<!-- iframe plugin v.6.0 wordpress.org\/plugins\/iframe\/ -->\n<iframe loading=\"lazy\" src=\"https:\/\/www.facebook.com\/plugins\/post.php?href=https%3A%2F%2Fwww.facebook.com%2Fphoto.php%3Ffbid%3D595838429245793%26set%3Da.286986966797609%26type%3D3&#038;show_text=false&#038;width=500\" width=\"500\" height=\"868\" style=\"border:none;overflow:hidden\" scrolling=\"no\" frameborder=\"0\" allowfullscreen=\"true\" allow=\"autoplay; clipboard-write; encrypted-media; picture-in-picture; web-share\" 0=\"\/iframe\" class=\"iframe-class\"><\/iframe>\n<\/div>\n<blockquote>\n<div dir=\"auto\"><span style=\"font-size: 14px\">\u00abEsta nun ye una esposici\u00f3n al usu. Esta esposici\u00f3n nun tien biograf\u00edes nin vides, sin\u00f3n que ta pensada por que la visiten les persones amigues de los volcanes, los que nun se cansen de ver atapeceres y los que son capaces de ver lo esencial, col coraz\u00f3n\u00bb, esplic\u00f3 ayeri Mar\u00eda Xos\u00e9 Rodr\u00edguez, la responsable de la Oficina de Normalizaci\u00f3n Lling\u00fc\u00edstica. Estes palabres sirvieron p&#8217;abrir l&#8217;amuesa sobro &#8216;El Principito&#8217;, de Saint-Exup\u00e9ry, qu&#8217;acueye l&#8217;Antiguu Institutu, y que conmemora los 80 a\u00f1os de la publicaci\u00f3n de la obra y los 40 de la primer edici\u00f3n n&#8217;asturianu. \u00abSirve pa ense\u00f1ar la importancia d&#8217;esti llibru\u00bb, resum\u00eda Miguel Barreru, director de la Fundaci\u00f3n Municipal de Cultura. \u00abTr\u00e1tase d&#8217;una doble efem\u00e9ride porque foi&#8217;l 6 d&#8217;abril de 1943 cuando la editorial norteamericana Reynal&amp;Hitckcock publica por primer vegada y fai 40 a\u00f1os que se traduci\u00f3 a nuesa llingua\u00bb, prosigu\u00eda.<\/span><\/div>\n<\/blockquote>\n","protected":false},"excerpt":{"rendered":"<p>\u00abCon esta esposici\u00f3n ense\u00f1amos la importancia de &#8216;El Principito&#8217;\u00bb L&#8217;Antiguu Institutu acoy\u00f3 l&#8217;apertura d&#8217;una amuesa que celebra los 80 a\u00f1os de la obra y 40 de la edici\u00f3n n&#8217;asturianu. Fonte: El Comercio \/ Ofi Lling\u00fc\u00edstica Xix\u00f3n \/semeyes<\/p>\n","protected":false},"author":117,"featured_media":0,"comment_status":"open","ping_status":"open","sticky":false,"template":"","format":"standard","meta":{"footnotes":""},"categories":[14],"tags":[],"class_list":["post-18320","post","type-post","status-publish","format-standard","hentry","category-esposiciones"],"_links":{"self":[{"href":"https:\/\/edublog.educastur.es\/ixuxu\/wp-json\/wp\/v2\/posts\/18320","targetHints":{"allow":["GET"]}}],"collection":[{"href":"https:\/\/edublog.educastur.es\/ixuxu\/wp-json\/wp\/v2\/posts"}],"about":[{"href":"https:\/\/edublog.educastur.es\/ixuxu\/wp-json\/wp\/v2\/types\/post"}],"author":[{"embeddable":true,"href":"https:\/\/edublog.educastur.es\/ixuxu\/wp-json\/wp\/v2\/users\/117"}],"replies":[{"embeddable":true,"href":"https:\/\/edublog.educastur.es\/ixuxu\/wp-json\/wp\/v2\/comments?post=18320"}],"version-history":[{"count":3,"href":"https:\/\/edublog.educastur.es\/ixuxu\/wp-json\/wp\/v2\/posts\/18320\/revisions"}],"predecessor-version":[{"id":18323,"href":"https:\/\/edublog.educastur.es\/ixuxu\/wp-json\/wp\/v2\/posts\/18320\/revisions\/18323"}],"wp:attachment":[{"href":"https:\/\/edublog.educastur.es\/ixuxu\/wp-json\/wp\/v2\/media?parent=18320"}],"wp:term":[{"taxonomy":"category","embeddable":true,"href":"https:\/\/edublog.educastur.es\/ixuxu\/wp-json\/wp\/v2\/categories?post=18320"},{"taxonomy":"post_tag","embeddable":true,"href":"https:\/\/edublog.educastur.es\/ixuxu\/wp-json\/wp\/v2\/tags?post=18320"}],"curies":[{"name":"wp","href":"https:\/\/api.w.org\/{rel}","templated":true}]}}