{"id":18359,"date":"2023-04-14T14:00:27","date_gmt":"2023-04-14T12:00:27","guid":{"rendered":"https:\/\/edublog.educastur.es\/ixuxu\/?p=18359"},"modified":"2023-04-14T21:38:21","modified_gmt":"2023-04-14T19:38:21","slug":"musica-sidra-y-cerveza-artesano-esta-fin-de-selmana","status":"publish","type":"post","link":"https:\/\/edublog.educastur.es\/ixuxu\/2023\/04\/musica-sidra-y-cerveza-artesano-esta-fin-de-selmana\/","title":{"rendered":"M\u00fasica, sidra y cerveza artesano esta fin de selmana"},"content":{"rendered":"<ul>\n<li><a href=\"https:\/\/asturies.com\/noticies\/musica-sidra-y-cerveza-artesano-nes-dos-cuenques-esta-fin-de-selmana?fbclid=IwAR0CM21Ly3_GOdvB-dqqUcSThQcfjow6W3MZhGSkqxCW74js748J6U-4jFQ\">Fonte: Asturies.com \/M\u00fasica, sidra y cerveza artesano nes dos cuenques esta fin de selmana<\/a><\/li>\n<\/ul>\n<div class=\"field field-name-body field-type-text-with-summary field-label-hidden\">\n<div class=\"field-items\">\n<div class=\"field-item even\">\n<p style=\"text-align: center\">\n<!-- iframe plugin v.6.0 wordpress.org\/plugins\/iframe\/ -->\n<iframe loading=\"lazy\" src=\"https:\/\/www.facebook.com\/plugins\/post.php?href=https%3A%2F%2Fwww.facebook.com%2Ffundacionbelenos%2Fposts%2Fpfbid02qbxNqxekiAUvLZm9gSR3hRzfAgrX1uybCZJGaVz7dz4neUQQs6ZTTRtXMxxxq1BNl&#038;show_text=false&#038;width=500\" width=\"500\" height=\"498\" style=\"border:none;overflow:hidden\" scrolling=\"no\" frameborder=\"0\" allowfullscreen=\"true\" allow=\"autoplay; clipboard-write; encrypted-media; picture-in-picture; web-share\" 0=\"\/iframe\" class=\"iframe-class\"><\/iframe>\n<\/p>\n<p>Llega la primavera y entamen les fiestes y celebraciones a ocupar el calendariu asturianu. Esta fin de selmana\u2019l focu va tar nes dos cuenques: La Pola celebra La Flor y La Felguera acueye\u2019l Festival Internacional de Cerveza Artesano de Llangr\u00e9u (FICAL), que programen conciertos de bandes como Dixebra, Skama la Rede o Algaire. <a href=\"https:\/\/www.facebook.com\/photo\/?fbid=6090086477772685&amp;set=a.326009754180415\">Cartelu Llena.<\/a><\/p>\n<p><!--more--><\/p>\n<p>En \u1e36\u1e37ena t\u00e1n festexando La Flor estos d\u00edes, cola presencia de grupos y orquestes como Assia (g\u00fcei), Cuarta Calle (ma\u00f1ana) o Clan Zero (domingu), am\u00e1s de munches actividaes y la vista puesta na romer\u00eda del llunes nel prau La Flor de Piedracea. Una parte importante de la celebraci\u00f3n ye\u2019l XVIII Merc\u00e1u Tradicional La Flor de \u1e36\u1e37ena, nel barriu La Caleya, qu\u2019esti a\u00f1u recupera\u2019l formatu habitual depu\u00e9s d\u2019una edici\u00f3n m\u00e1s peque\u00f1a por cuenta la situaci\u00f3n sanitaria pola pandemia de COVID-19, nel que lo asturiano y la sidra ye protagonista.<\/p>\n<p>Va abrir ma\u00f1ana a les 10 hores y va contar con una alborada de pareyes de gaita y tambor, y pasucais de la Banda de Gaites G\u00fcestia, organizadora del merc\u00e1u, col preg\u00f3n y actos institucionales previstos a les 12.30 hores. Pela tarde, llueu de delles actuaciones musicales, van entamase unes xornaes de convivencia de los talleres de la Escuela de M\u00fasica Tradicional, cuentacuentos, teatru y presencia de Los Zamarrones, pa finar, dende les 20 hores, col conciertu de Xuacu Amieva &amp; Dobra, y Dixebra.<\/p>\n<p>La Bandina\u2019l Garrote va amenizar l\u2019alborada del domingu, que va contar con pasucais de les agrupaciones de baille Flor de Xaranzaina y Les Xanines de Quintes, y una ruta cultural per La Pola lliteraria, que va tener continuid\u00e1 pela tarde. A les 13 hores va entamase\u2019l Festival de Canci\u00f3n Asturiana \u2018Ayalgues de l\u2019asturian\u00e1\u2019 con Alicia Villanueva, Od\u00f3n del Pagan\u00e9u y Luis \u00c1lvarez Pola.<\/p>\n<p>Pela tarde ta prevista una \u2018Tarde en danza\u2019 dende les 19 hores con G\u00fcestia, la Bandina\u2019l Busgosu y Pandereteres del Artusu. A les 21.30 va pesllar el merc\u00e1u Algaire.<\/p>\n<p><strong>3 d\u00edes de conciertos<\/strong><\/p>\n<p>Un a\u00f1u m\u00e1s los xardinos de la Pinacoteca Eduardo \u00darculo acueye\u2019l Festival Internacional de Cerveza Artesano de Llangr\u00e9u (FICAL), que per tres d\u00edes va llevar a La Felguera productores de cerveza de dientro y fuera d\u2019Asturies, y muncha m\u00fasica de primer nivel. Los asistentes van poder prebar la b\u00e9bora de Caleya, Asturias Brewing Company, D\u2019Equ\u00ed, Naparbier, Laugar, Dougall\u2019s, S\u00e1ez and Son, Garage, La Pirata, La Gr\u00faa, Redneck, Saltus, Basqueland, Sanfrutos, 3 Monos, Lervig, Prizm, Akia Brygghus y Brew by Numbers, y participar en delles actividaes y acudir a charres especializaes.<\/p>\n<p>L\u2019accesu, de baldre, permite ver tolos conciertos. Na primer xornada, esta tarde, van tocar Kinkis Gru\u00f1ones (20.30 hores), O\u2019funk&#8217;illo (22), International Hardcore All Stars (23.45), Dixebra (00.45) y Skama la Rede (2).<\/p>\n<p>Ma\u00f1ana, mentes, va arrancar la m\u00fasica con Pol\u00e9mika (19.30 hores) y siguir con Pin Pals (21), Ni\u00f1a Coyote eta Chico Tornado (22.15), Mausoleo (23.45), Miguel Costas (00.45) y Los B\u00e1rcenas (2.15), protagonizando la sesi\u00f3n verm\u00fa Los Jimaguas (13 hores). El domingu, a les 14 hores, ta prevista l\u2019actuaci\u00f3n de 2 Insolentes.<\/p>\n<\/div>\n<\/div>\n<\/div>\n<p>&nbsp;<\/p>\n<div class=\"field field-name-upload field-type-file field-label-hidden\">\n<div class=\"field-items\">\n<div class=\"field-item even\">\n<table class=\"sticky-header\">\n<thead>\n<tr>\n<th><\/th>\n<th><\/th>\n<\/tr>\n<\/thead>\n<\/table>\n<table class=\"sticky-enabled tableheader-processed sticky-table\">\n<thead>\n<tr>\n<th>Adxuntu<\/th>\n<th>Tama\u00f1u<\/th>\n<\/tr>\n<\/thead>\n<tbody>\n<tr class=\"odd\">\n<td><span class=\"file\"><img decoding=\"async\" class=\"file-icon\" title=\"image\/jpeg\" src=\"https:\/\/asturies.com\/modules\/file\/icons\/image-x-generic.png\" alt=\"Image icon\" \/> <a title=\"programa_xviii_mercau_tradicional_la_flor_de_llena_sabadu_manana.jpg\" href=\"https:\/\/asturies.com\/sites\/default\/files\/programa_xviii_mercau_tradicional_la_flor_de_llena_sabadu_manana.jpg\">Programa XVIII Merc\u00e1u Tradicional La Flor de \u1e36\u1e37ena (s\u00e1badu ma\u00f1ana)<\/a><\/span><\/td>\n<td>269.65 KB<\/td>\n<\/tr>\n<tr class=\"even\">\n<td><span class=\"file\"><img decoding=\"async\" class=\"file-icon\" title=\"image\/jpeg\" src=\"https:\/\/asturies.com\/modules\/file\/icons\/image-x-generic.png\" alt=\"Image icon\" \/> <a title=\"programa_xviii_mercau_tradicional_la_flor_de_llena_sabadu_tarde.jpg\" href=\"https:\/\/asturies.com\/sites\/default\/files\/programa_xviii_mercau_tradicional_la_flor_de_llena_sabadu_tarde.jpg\">Programa XVIII Merc\u00e1u Tradicional La Flor de \u1e36\u1e37ena (s\u00e1badu tarde)<\/a><\/span><\/td>\n<td>273.42 KB<\/td>\n<\/tr>\n<tr class=\"odd\">\n<td><span class=\"file\"><img decoding=\"async\" class=\"file-icon\" title=\"image\/jpeg\" src=\"https:\/\/asturies.com\/modules\/file\/icons\/image-x-generic.png\" alt=\"Image icon\" \/> <a title=\"programa_xviii_mercau_tradicional_la_flor_de_llena_domingu_manana.jpg\" href=\"https:\/\/asturies.com\/sites\/default\/files\/programa_xviii_mercau_tradicional_la_flor_de_llena_domingu_manana.jpg\">Programa XVIII Merc\u00e1u Tradicional La Flor de \u1e36\u1e37ena (domingu ma\u00f1ana)<\/a><\/span><\/td>\n<td>286.38 KB<\/td>\n<\/tr>\n<tr class=\"even\">\n<td><span class=\"file\"><img decoding=\"async\" class=\"file-icon\" title=\"image\/jpeg\" src=\"https:\/\/asturies.com\/modules\/file\/icons\/image-x-generic.png\" alt=\"Image icon\" \/> <a title=\"programa_xviii_mercau_tradicional_la_flor_de_llena_domingu_tarde.jpg\" href=\"https:\/\/asturies.com\/sites\/default\/files\/programa_xviii_mercau_tradicional_la_flor_de_llena_domingu_tarde.jpg\">Programa XVIII Merc\u00e1u Tradicional La Flor de \u1e36\u1e37ena (domingu tarde)<\/a><\/span><\/td>\n<td>273.85 KB<\/td>\n<\/tr>\n<tr class=\"odd\">\n<td><span class=\"file\"><img decoding=\"async\" class=\"file-icon\" title=\"image\/jpeg\" src=\"https:\/\/asturies.com\/modules\/file\/icons\/image-x-generic.png\" alt=\"Image icon\" \/> <a title=\"programa_fical_23_vienres.jpg\" href=\"https:\/\/asturies.com\/sites\/default\/files\/programa_fical_23_vienres.jpg\">Programa FICAL 23 (vienres) \/ Hai cambiu final nel horariu d&#8217;O&#8217;funk&#8217;illo<\/a><\/span><\/td>\n<td>115.33 KB<\/td>\n<\/tr>\n<tr class=\"even\">\n<td><span class=\"file\"><img decoding=\"async\" class=\"file-icon\" title=\"image\/jpeg\" src=\"https:\/\/asturies.com\/modules\/file\/icons\/image-x-generic.png\" alt=\"Image icon\" \/> <a title=\"programa_fical_23_sabadu.jpg\" href=\"https:\/\/asturies.com\/sites\/default\/files\/programa_fical_23_sabadu.jpg\">Programa FICAL 23 (s\u00e1badu)<\/a><\/span><\/td>\n<td>107.28 KB<\/td>\n<\/tr>\n<tr class=\"odd\">\n<td><span class=\"file\"><img decoding=\"async\" class=\"file-icon\" title=\"image\/jpeg\" src=\"https:\/\/asturies.com\/modules\/file\/icons\/image-x-generic.png\" alt=\"Image icon\" \/> <a title=\"programa_fical_23_domingu.jpg\" href=\"https:\/\/asturies.com\/sites\/default\/files\/programa_fical_23_domingu.jpg\">Programa FICAL 23 (domingu)<\/a><\/span><\/td>\n<\/tr>\n<\/tbody>\n<\/table>\n<\/div>\n<\/div>\n<\/div>\n","protected":false},"excerpt":{"rendered":"<p>Fonte: Asturies.com \/M\u00fasica, sidra y cerveza artesano nes dos cuenques esta fin de selmana Llega la primavera y entamen les fiestes y celebraciones a ocupar el calendariu asturianu. Esta fin de selmana\u2019l focu va tar nes dos cuenques: La Pola celebra La Flor y La Felguera acueye\u2019l Festival Internacional de Cerveza Artesano de Llangr\u00e9u (FICAL), [&hellip;]<\/p>\n","protected":false},"author":117,"featured_media":0,"comment_status":"open","ping_status":"open","sticky":false,"template":"","format":"standard","meta":{"footnotes":""},"categories":[1],"tags":[],"class_list":["post-18359","post","type-post","status-publish","format-standard","hentry","category-sin-categoria"],"_links":{"self":[{"href":"https:\/\/edublog.educastur.es\/ixuxu\/wp-json\/wp\/v2\/posts\/18359","targetHints":{"allow":["GET"]}}],"collection":[{"href":"https:\/\/edublog.educastur.es\/ixuxu\/wp-json\/wp\/v2\/posts"}],"about":[{"href":"https:\/\/edublog.educastur.es\/ixuxu\/wp-json\/wp\/v2\/types\/post"}],"author":[{"embeddable":true,"href":"https:\/\/edublog.educastur.es\/ixuxu\/wp-json\/wp\/v2\/users\/117"}],"replies":[{"embeddable":true,"href":"https:\/\/edublog.educastur.es\/ixuxu\/wp-json\/wp\/v2\/comments?post=18359"}],"version-history":[{"count":4,"href":"https:\/\/edublog.educastur.es\/ixuxu\/wp-json\/wp\/v2\/posts\/18359\/revisions"}],"predecessor-version":[{"id":18363,"href":"https:\/\/edublog.educastur.es\/ixuxu\/wp-json\/wp\/v2\/posts\/18359\/revisions\/18363"}],"wp:attachment":[{"href":"https:\/\/edublog.educastur.es\/ixuxu\/wp-json\/wp\/v2\/media?parent=18359"}],"wp:term":[{"taxonomy":"category","embeddable":true,"href":"https:\/\/edublog.educastur.es\/ixuxu\/wp-json\/wp\/v2\/categories?post=18359"},{"taxonomy":"post_tag","embeddable":true,"href":"https:\/\/edublog.educastur.es\/ixuxu\/wp-json\/wp\/v2\/tags?post=18359"}],"curies":[{"name":"wp","href":"https:\/\/api.w.org\/{rel}","templated":true}]}}