{"id":18364,"date":"2023-04-14T15:00:01","date_gmt":"2023-04-14T13:00:01","guid":{"rendered":"https:\/\/edublog.educastur.es\/ixuxu\/?p=18364"},"modified":"2023-04-17T12:04:55","modified_gmt":"2023-04-17T10:04:55","slug":"programa-siguir-en-camin","status":"publish","type":"post","link":"https:\/\/edublog.educastur.es\/ixuxu\/2023\/04\/programa-siguir-en-camin\/","title":{"rendered":"Programa \u00abSiguir en cam\u00edn\u00bb"},"content":{"rendered":"<p style=\"text-align: center\">\n<!-- iframe plugin v.6.0 wordpress.org\/plugins\/iframe\/ -->\n<iframe loading=\"lazy\" src=\"https:\/\/www.facebook.com\/plugins\/video.php?height=314&#038;href=https%3A%2F%2Fwww.facebook.com%2Fsiguirencamin%2Fvideos%2F620912706083970%2F&#038;show_text=true&#038;width=560&#038;t=0\" width=\"560\" height=\"429\" style=\"border:none;overflow:hidden\" scrolling=\"no\" frameborder=\"0\" allowfullscreen=\"true\" allow=\"autoplay; clipboard-write; encrypted-media; picture-in-picture; web-share\" 0=\"\/iframe\" class=\"iframe-class\"><\/iframe>\n<\/p>\n<ul>\n<li>RTPA \/ <a href=\"https:\/\/www.facebook.com\/siguirencamin\">Siguir en cam\u00edn<\/a> \/<\/li>\n<li>RTPA: <a href=\"https:\/\/www.rtpa.es\/video:Siguir%20en%20Camin_551681688035.html?fbclid=IwAR0qHMdkTiWO58rQP7uQ6unGAWbBI3Rs0mPzzn2ioHk_6Qgqq_eIYfUmLI8\">Cap. 1<\/a> \/<\/li>\n<\/ul>\n<p><em>Serie documental inspirada nel Archivu de la Tradici\u00f3n Oral d\u2019Amb\u00e1s, presentada por Xos\u00e9 Amb\u00e1s y Rams\u00e9s Ilesies y dirixida por Ram\u00f3n Llu\u00eds Bande.<\/em><\/p>\n<p><!--more--><\/p>\n<p style=\"text-align: center\">\n<!-- iframe plugin v.6.0 wordpress.org\/plugins\/iframe\/ -->\n<iframe loading=\"lazy\" src=\"https:\/\/www.facebook.com\/plugins\/video.php?height=314&#038;href=https%3A%2F%2Fwww.facebook.com%2Fsiguirencamin%2Fvideos%2F260563749781364%2F&#038;show_text=false&#038;width=560&#038;t=0\" width=\"560\" height=\"314\" style=\"border:none;overflow:hidden\" scrolling=\"no\" frameborder=\"0\" allowfullscreen=\"true\" allow=\"autoplay; clipboard-write; encrypted-media; picture-in-picture; web-share\" 0=\"\/iframe\" class=\"iframe-class\"><\/iframe>\n<\/p>\n","protected":false},"excerpt":{"rendered":"<p>RTPA \/ Siguir en cam\u00edn \/ RTPA: Cap. 1 \/ Serie documental inspirada nel Archivu de la Tradici\u00f3n Oral d\u2019Amb\u00e1s, presentada por Xos\u00e9 Amb\u00e1s y Rams\u00e9s Ilesies y dirixida por Ram\u00f3n Llu\u00eds Bande.<\/p>\n","protected":false},"author":117,"featured_media":0,"comment_status":"open","ping_status":"open","sticky":false,"template":"","format":"standard","meta":{"footnotes":""},"categories":[59,293],"tags":[],"class_list":["post-18364","post","type-post","status-publish","format-standard","hentry","category-rtpa","category-siguir-en-camin"],"_links":{"self":[{"href":"https:\/\/edublog.educastur.es\/ixuxu\/wp-json\/wp\/v2\/posts\/18364","targetHints":{"allow":["GET"]}}],"collection":[{"href":"https:\/\/edublog.educastur.es\/ixuxu\/wp-json\/wp\/v2\/posts"}],"about":[{"href":"https:\/\/edublog.educastur.es\/ixuxu\/wp-json\/wp\/v2\/types\/post"}],"author":[{"embeddable":true,"href":"https:\/\/edublog.educastur.es\/ixuxu\/wp-json\/wp\/v2\/users\/117"}],"replies":[{"embeddable":true,"href":"https:\/\/edublog.educastur.es\/ixuxu\/wp-json\/wp\/v2\/comments?post=18364"}],"version-history":[{"count":5,"href":"https:\/\/edublog.educastur.es\/ixuxu\/wp-json\/wp\/v2\/posts\/18364\/revisions"}],"predecessor-version":[{"id":18426,"href":"https:\/\/edublog.educastur.es\/ixuxu\/wp-json\/wp\/v2\/posts\/18364\/revisions\/18426"}],"wp:attachment":[{"href":"https:\/\/edublog.educastur.es\/ixuxu\/wp-json\/wp\/v2\/media?parent=18364"}],"wp:term":[{"taxonomy":"category","embeddable":true,"href":"https:\/\/edublog.educastur.es\/ixuxu\/wp-json\/wp\/v2\/categories?post=18364"},{"taxonomy":"post_tag","embeddable":true,"href":"https:\/\/edublog.educastur.es\/ixuxu\/wp-json\/wp\/v2\/tags?post=18364"}],"curies":[{"name":"wp","href":"https:\/\/api.w.org\/{rel}","templated":true}]}}