{"id":18377,"date":"2023-04-14T14:30:02","date_gmt":"2023-04-14T12:30:02","guid":{"rendered":"https:\/\/edublog.educastur.es\/ixuxu\/?p=18377"},"modified":"2023-04-14T21:59:09","modified_gmt":"2023-04-14T19:59:09","slug":"18377","status":"publish","type":"post","link":"https:\/\/edublog.educastur.es\/ixuxu\/2023\/04\/18377\/","title":{"rendered":"Clasificaci\u00f3n de les esplotaciones bovines n&#8217;Asturies"},"content":{"rendered":"<p style=\"text-align: center\">\n<!-- iframe plugin v.6.0 wordpress.org\/plugins\/iframe\/ -->\n<iframe loading=\"lazy\" src=\"https:\/\/www.facebook.com\/plugins\/post.php?href=https%3A%2F%2Fwww.facebook.com%2Fpermalink.php%3Fstory_fbid%3Dpfbid0A3nAJWCE3U2e3kkqSiLQPoAH3Lhg1c559aYsWPnwnFMXJXnjH6DDeDMLvA2w2ukCl%26id%3D100076247984665&#038;show_text=false&#038;width=500\" width=\"500\" height=\"378\" style=\"border:none;overflow:hidden\" scrolling=\"no\" frameborder=\"0\" allowfullscreen=\"true\" allow=\"autoplay; clipboard-write; encrypted-media; picture-in-picture; web-share\" 0=\"\/iframe\" class=\"iframe-class\"><\/iframe>\n<\/p>\n<p>? Publicada g\u00fcei nel Bopa el resolvimientu pola que s&#8217;aprueba la clasificaci\u00f3n provisional de las esplotaciones bovines inscrites nel REGAPA del Princip\u00e1u d&#8217;Asturies. <strong><a href=\"https:\/\/www.facebook.com\/photo?fbid=234434902441441&amp;set=a.201797665705165\">MAPA<\/a><\/strong> \/ <a href=\"https:\/\/www.facebook.com\/profile.php?id=100076247984665\">Fonte: Princip\u00e1u d&#8217;Asturies<\/a><\/p>\n<p><span style=\"color: #008080\">\u2705<em> Clasif\u00edquense 15.070 esplotaciones asturianes de producci\u00f3n y reproducci\u00f3n de bov\u00edn (CEA&#8217;s)<\/em><\/span><br \/>\n<em><span style=\"color: #008080\">\u2705 Dase cumplimientu a la esixencia recoyida nel Real Decretu d&#8217;Ordenaci\u00f3n del Bov\u00edn y na normativa PAC<\/span><\/em><br \/>\n<em><span style=\"color: #008080\">\u2705Plazu hasta&#8217;l 28 d&#8217;abril para solicitar el camb\u00e9u na clasificaci\u00f3n si l&#8217;asignada nun s&#8217;afai a la realid\u00e1 de la to esplotaci\u00f3n<\/span><\/em><\/p>\n","protected":false},"excerpt":{"rendered":"<p>? Publicada g\u00fcei nel Bopa el resolvimientu pola que s&#8217;aprueba la clasificaci\u00f3n provisional de las esplotaciones bovines inscrites nel REGAPA del Princip\u00e1u d&#8217;Asturies. MAPA \/ Fonte: Princip\u00e1u d&#8217;Asturies \u2705 Clasif\u00edquense 15.070 esplotaciones asturianes de producci\u00f3n y reproducci\u00f3n de bov\u00edn (CEA&#8217;s) \u2705 Dase cumplimientu a la esixencia recoyida nel Real Decretu d&#8217;Ordenaci\u00f3n del Bov\u00edn y na [&hellip;]<\/p>\n","protected":false},"author":117,"featured_media":0,"comment_status":"open","ping_status":"open","sticky":false,"template":"","format":"standard","meta":{"footnotes":""},"categories":[1],"tags":[],"class_list":["post-18377","post","type-post","status-publish","format-standard","hentry","category-sin-categoria"],"_links":{"self":[{"href":"https:\/\/edublog.educastur.es\/ixuxu\/wp-json\/wp\/v2\/posts\/18377","targetHints":{"allow":["GET"]}}],"collection":[{"href":"https:\/\/edublog.educastur.es\/ixuxu\/wp-json\/wp\/v2\/posts"}],"about":[{"href":"https:\/\/edublog.educastur.es\/ixuxu\/wp-json\/wp\/v2\/types\/post"}],"author":[{"embeddable":true,"href":"https:\/\/edublog.educastur.es\/ixuxu\/wp-json\/wp\/v2\/users\/117"}],"replies":[{"embeddable":true,"href":"https:\/\/edublog.educastur.es\/ixuxu\/wp-json\/wp\/v2\/comments?post=18377"}],"version-history":[{"count":5,"href":"https:\/\/edublog.educastur.es\/ixuxu\/wp-json\/wp\/v2\/posts\/18377\/revisions"}],"predecessor-version":[{"id":18382,"href":"https:\/\/edublog.educastur.es\/ixuxu\/wp-json\/wp\/v2\/posts\/18377\/revisions\/18382"}],"wp:attachment":[{"href":"https:\/\/edublog.educastur.es\/ixuxu\/wp-json\/wp\/v2\/media?parent=18377"}],"wp:term":[{"taxonomy":"category","embeddable":true,"href":"https:\/\/edublog.educastur.es\/ixuxu\/wp-json\/wp\/v2\/categories?post=18377"},{"taxonomy":"post_tag","embeddable":true,"href":"https:\/\/edublog.educastur.es\/ixuxu\/wp-json\/wp\/v2\/tags?post=18377"}],"curies":[{"name":"wp","href":"https:\/\/api.w.org\/{rel}","templated":true}]}}