{"id":18438,"date":"2023-04-18T10:31:46","date_gmt":"2023-04-18T08:31:46","guid":{"rendered":"https:\/\/edublog.educastur.es\/ixuxu\/?p=18438"},"modified":"2023-04-22T20:58:19","modified_gmt":"2023-04-22T18:58:19","slug":"dia-del-llibru","status":"publish","type":"post","link":"https:\/\/edublog.educastur.es\/ixuxu\/2023\/04\/dia-del-llibru\/","title":{"rendered":"D\u00eda Mundial del Llibru y del Derechu d&#8217;Autor"},"content":{"rendered":"<p style=\"text-align: center\"><img loading=\"lazy\" decoding=\"async\" class=\"aligncenter size-full\" src=\"https:\/\/www.culturaydeporte.gob.es\/.imaging\/mte\/mcd-theme\/contenido-cgi-mdm\/dam\/mcd\/cultura\/areas\/libro\/mc\/dia-libro\/2023\/cartel\/bable\/jcr:content\/bable.jpg.jpg\" width=\"576\" height=\"801\" \/><\/p>\n<ul>\n<li><a href=\"https:\/\/www.facebook.com\/photo.php?fbid=2208785392658118&amp;set=a.243374109199266&amp;type=3\">Cartelu<\/a> \/ Fonte:<a href=\"https:\/\/asturies.com\/noticies\/el-cartelu-del-dia-del-llibru-del-ministeriu-tamien-nasturianu?fbclid=IwAR22VVuvcKAdhISRdkI51NzZ2Z96ZLbQYaInoumWEpd1cAEwf8drb5x3tZE\"> Asturies.com<\/a>\/Fonte: <a href=\"https:\/\/www.facebook.com\/selmana.lletresasturianes\">Pol\u00edtica lling\u00fc\u00edstica<\/a><\/li>\n<li><a href=\"https:\/\/www.culturaydeporte.gob.es\/cultura\/areas\/libro\/mc\/dia-libro\/presentacion\/2023\/inicio.html\">Web Ministeriu<\/a> \/ <a href=\"https:\/\/www.culturaydeporte.gob.es\/cultura\/areas\/libro\/mc\/dia-libro\/presentacion\/2023\/cartel-dia-libro.html\">carteles<\/a><\/li>\n<\/ul>\n<p><em><!--more--><\/em><\/p>\n<p style=\"text-align: center\"><a href=\"https:\/\/www.culturaydeporte.gob.es\/.imaging\/mte\/mcd-theme\/cabecera-fondoCabecera\/dam\/mcd\/cultura\/areas\/libro\/mc\/dia-libro\/2023\/cartel\/cabecera-micrositio\/jcr:content\/cabecera-micrositio.jpg.jpg\"><img loading=\"lazy\" decoding=\"async\" class=\"aligncenter size-full\" src=\"https:\/\/www.culturaydeporte.gob.es\/.imaging\/mte\/mcd-theme\/cabecera-fondoCabecera\/dam\/mcd\/cultura\/areas\/libro\/mc\/dia-libro\/2023\/cartel\/cabecera-micrositio\/jcr:content\/cabecera-micrositio.jpg.jpg\" width=\"1280\" height=\"333\" \/><\/a><\/p>\n<p><em>El 23 d&#8217;abril conmemora&#8217;l D\u00eda Mundial del Llibru y del Derechu d&#8217;Autor. La raz\u00f3n: el 23 d&#8217;abril de 1616 finaben Cervantes, Shakespeare ya Garcilaso de la Vega. Por esti motivu, esta fecha tan simb\u00f3lica para la lliteratura universal foi la escoyida pola Conferencia Xeneral de la UNESCO, en 1995, para rindir un homenaxe mundial al llibru y los sos autores.<\/em><\/p>\n<p style=\"text-align: center\">\n<!-- iframe plugin v.6.0 wordpress.org\/plugins\/iframe\/ -->\n<iframe loading=\"lazy\" width=\"100\" height=\"324\" src=\"https:\/\/www.youtube.com\/embed\/hzDg6egVOts\" title=\"Historia de la celebraci\u00f3n del D\u00eda Mundial del Libro y del Derecho de Autor\" frameborder=\"0\" allow=\"accelerometer; autoplay; clipboard-write; encrypted-media; gyroscope; picture-in-picture; web-share\" 0=\"allowfullscreen\" 1=\"\/iframe\" scrolling=\"yes\" class=\"iframe-class\"><\/iframe>\n<\/p>\n<p>El cartelu del D\u00eda del Llibru d&#8217;angua\u00f1o foi dise\u00f1\u00e1u pol ilustrador Sergio Garc\u00eda S\u00e1nchez, Premiu Nacional d&#8217;Ilustraci\u00f3n 2022, a partir d&#8217;una cita del postreru galardon\u00e1u col Premiu de Lliteratura en Llingua Castellana \u201cMiguel de Cervantes\u201d, Rafael Cadenas.<\/p>\n<p style=\"text-align: center\">\n<!-- iframe plugin v.6.0 wordpress.org\/plugins\/iframe\/ -->\n<iframe loading=\"lazy\" src=\"https:\/\/www.facebook.com\/plugins\/post.php?href=https%3A%2F%2Fwww.facebook.com%2Fselmana.lletresasturianes%2Fposts%2Fpfbid0fcP1WZjNeF9M1HtfgXbftmGDacd9UafhnG3xEjMZw4DkR9y8FH9XHZF349KaJYtKl&#038;show_text=true&#038;width=500\" width=\"500\" height=\"646\" style=\"border:none;overflow:hidden\" scrolling=\"no\" frameborder=\"0\" allowfullscreen=\"true\" allow=\"autoplay; clipboard-write; encrypted-media; picture-in-picture; web-share\" 0=\"\/iframe\" class=\"iframe-class\"><\/iframe>\n<\/p>\n<div id=\"contenedor_noticies\">\n<div id=\"main-content\" class=\"clearfix\">\n<div id=\"main-content-inner\" class=\"main-equal\">\n<div class=\"region region-content\">\n<div id=\"block-system-main\" class=\"block block-system\">\n<div class=\"block-inner\">\n<div class=\"content\">\n<div id=\"node-55413\" class=\"node node-noticies node-promoted clearfix\">\n<div class=\"node-inner\">\n<div class=\"full-node\">\n<div class=\"content clearfix\">\n<div class=\"field field-name-body field-type-text-with-summary field-label-hidden\">\n<div class=\"field-items\">\n<div class=\"field-item even\">\n<p>Ye&#8217;l tercer a\u00f1u nel que l&#8217;idioma apaez n&#8217;iguald\u00e1 de condiciones col restu de lling\u00fces del Est\u00e1u.<\/p>\n<p>El Ministeriu de Cultura y Deporte inaugur\u00f3&#8217;l llunes la &#8216;Semana Cervantina&#8217;, dedicada a la celebraci\u00f3n del D\u00eda del Llibru y del Derechu d&#8217;Autor, cola presentaci\u00f3n del cartelu conmemorativu d&#8217;esti a\u00f1u. El so autor ye Sergio Garc\u00eda S\u00e1nchez, Premio Nacional de Ilustraci\u00f3n 2022, con color de Lola Moral, a partir d&#8217;una cita del \u00faltimo galardonado con el Premio de Literatura en Lengua Castellana Miguel de Cervantes, Rafael Cadenas: \u00abLa literatura es un muro contra las barbaries\u00bb.<\/p>\n<p>Asina, pue vese a una muyer lleendo un llibru en compa\u00f1\u00eda d&#8217;un cr\u00edu frente a una ventana colos cristales frayaos y im\u00e1xenes qu&#8217;amuesen detalles d&#8217;una guerra al fondu. <a href=\"https:\/\/www.culturaydeporte.gob.es\/cultura\/areas\/libro\/mc\/dia-libro\/presentacion\/2023\/cartel-dia-libro.html\">El cartelu tien versi\u00f3n<\/a> en castellanu y en toles lling\u00fces oficiales (aran\u00e9s, catal\u00e1n, eusquera, gallegu y valencianu), am\u00e1s de n&#8217;aragon\u00e9s y n&#8217;asturianu, que se presenta como &#8216;bable&#8217; y &#8216;leon\u00e9s&#8217; al ser \u00e9stos los nomes que s&#8217;empleguen nos estatutos d&#8217;autonom\u00eda d&#8217;Asturies y de Castilla y Lle\u00f3n pa referise al idioma asturlleon\u00e9s.<\/p>\n<\/div>\n<\/div>\n<\/div>\n<div class=\"field field-name-upload field-type-file field-label-hidden\">\n<div class=\"field-items\">\n<div class=\"field-item even\">\n<table class=\"sticky-header\">\n<thead>\n<tr>\n<th><\/th>\n<th><\/th>\n<\/tr>\n<\/thead>\n<\/table>\n<table class=\"sticky-enabled tableheader-processed sticky-table\">\n<thead>\n<tr>\n<th>Adxuntu<\/th>\n<th>Tama\u00f1u<\/th>\n<\/tr>\n<\/thead>\n<tbody>\n<tr class=\"odd\">\n<td><span class=\"file\"><img decoding=\"async\" class=\"file-icon\" title=\"application\/pdf\" src=\"https:\/\/asturies.com\/modules\/file\/icons\/application-pdf.png\" alt=\"PDF icon\" \/> <a title=\"cartelu_dia_del_llibru_2023_espana_bable.pdf\" href=\"https:\/\/asturies.com\/sites\/default\/files\/cartelu_dia_del_llibru_2023_espana_bable.pdf\">Cartelu D\u00eda del Llibru 2023 &#8216;bable&#8217;<\/a><\/span><\/td>\n<td>1.59 MB<\/td>\n<\/tr>\n<tr class=\"even\">\n<td><span class=\"file\"><img decoding=\"async\" class=\"file-icon\" title=\"application\/pdf\" src=\"https:\/\/asturies.com\/modules\/file\/icons\/application-pdf.png\" alt=\"PDF icon\" \/> <a title=\"cartelu_dia_del_llibru_2023_espana_leones.pdf\" href=\"https:\/\/asturies.com\/sites\/default\/files\/cartelu_dia_del_llibru_2023_espana_leones.pdf\">Cartelu D\u00eda del Llibru 2023 &#8216;leon\u00e9s&#8217;<\/a><\/span><\/td>\n<td>1.59 MB<\/td>\n<\/tr>\n<\/tbody>\n<\/table>\n<\/div>\n<\/div>\n<\/div>\n<\/div>\n<\/div>\n<\/div>\n<\/div>\n<\/div>\n<\/div>\n<\/div>\n<\/div>\n<\/div>\n<\/div>\n<\/div>\n<div class=\"sidebar-second clearfix main-equal\">\n<div class=\"sidebar-first-inner\">\n<div class=\"region region-sidebar-second\">\n<div id=\"block-block-7\" class=\"block block-block\">\n<div class=\"block-inner\">\n<div class=\"content\">\n<div class=\"clearfloat\"><\/div>\n<\/div>\n<\/div>\n<\/div>\n<\/div>\n<\/div>\n<\/div>\n","protected":false},"excerpt":{"rendered":"<p>Cartelu \/ Fonte: Asturies.com\/Fonte: Pol\u00edtica lling\u00fc\u00edstica Web Ministeriu \/ carteles<\/p>\n","protected":false},"author":117,"featured_media":0,"comment_status":"open","ping_status":"open","sticky":false,"template":"","format":"standard","meta":{"footnotes":""},"categories":[6],"tags":[],"class_list":["post-18438","post","type-post","status-publish","format-standard","hentry","category-dia-de"],"_links":{"self":[{"href":"https:\/\/edublog.educastur.es\/ixuxu\/wp-json\/wp\/v2\/posts\/18438","targetHints":{"allow":["GET"]}}],"collection":[{"href":"https:\/\/edublog.educastur.es\/ixuxu\/wp-json\/wp\/v2\/posts"}],"about":[{"href":"https:\/\/edublog.educastur.es\/ixuxu\/wp-json\/wp\/v2\/types\/post"}],"author":[{"embeddable":true,"href":"https:\/\/edublog.educastur.es\/ixuxu\/wp-json\/wp\/v2\/users\/117"}],"replies":[{"embeddable":true,"href":"https:\/\/edublog.educastur.es\/ixuxu\/wp-json\/wp\/v2\/comments?post=18438"}],"version-history":[{"count":8,"href":"https:\/\/edublog.educastur.es\/ixuxu\/wp-json\/wp\/v2\/posts\/18438\/revisions"}],"predecessor-version":[{"id":18495,"href":"https:\/\/edublog.educastur.es\/ixuxu\/wp-json\/wp\/v2\/posts\/18438\/revisions\/18495"}],"wp:attachment":[{"href":"https:\/\/edublog.educastur.es\/ixuxu\/wp-json\/wp\/v2\/media?parent=18438"}],"wp:term":[{"taxonomy":"category","embeddable":true,"href":"https:\/\/edublog.educastur.es\/ixuxu\/wp-json\/wp\/v2\/categories?post=18438"},{"taxonomy":"post_tag","embeddable":true,"href":"https:\/\/edublog.educastur.es\/ixuxu\/wp-json\/wp\/v2\/tags?post=18438"}],"curies":[{"name":"wp","href":"https:\/\/api.w.org\/{rel}","templated":true}]}}