{"id":1854,"date":"2020-12-17T12:00:28","date_gmt":"2020-12-17T10:00:28","guid":{"rendered":"https:\/\/edublog.educastur.es\/ixuxu\/?p=1854"},"modified":"2020-12-17T22:16:17","modified_gmt":"2020-12-17T20:16:17","slug":"fotografias-de-oviedo","status":"publish","type":"post","link":"https:\/\/edublog.educastur.es\/ixuxu\/2020\/12\/fotografias-de-oviedo\/","title":{"rendered":"Fotos: una amuesa con 653 imaxes de la ciud\u00e1"},"content":{"rendered":"<ul>\n<li><a href=\"https:\/\/www.lne.es\/oviedo\/2020\/12\/17\/oviedo-fotografias-repasan-120-anos-26441676.html\">Enlace a noticia en\u00a0 LNE<\/a><\/li>\n<li><a href=\"https:\/\/www.lne.es\/fotos\/oviedo\/2020\/12\/17\/oviedo-1858-1978-traves-fotografias-26442283.html#foto=1\"><span style=\"color: #008080\"><strong><em>Ver galer\u00eda<\/em><\/strong><\/span><\/a><\/li>\n<li><a href=\"https:\/\/www.facebook.com\/MuseudelPuebludAsturies\/photos\/pcb.2152759191524829\/2152754684858613\/\">Ver muestra de fotos nesti enllaz<\/a><\/li>\n<li><a href=\"https:\/\/www.facebook.com\/MuseudelPuebludAsturies\/\">Mus\u00e9u del Pueblu d\u00b4Asturies<\/a><\/li>\n<\/ul>\n<p><img loading=\"lazy\" decoding=\"async\" class=\"alignnone size-full\" src=\"https:\/\/estaticos-cdn.prensaiberica.es\/clip\/3e9b30ee-3f04-40cf-aa4c-41ac247174f1_source-aspect-ratio_default_0.jpg\" width=\"640\" height=\"467\" \/><\/p>\n<p><!--more--><\/p>\n<p><span style=\"font-size: 16px\"><a href=\"https:\/\/www.lne.es\/fotos\/oviedo\/2020\/12\/17\/oviedo-1858-1978-traves-fotografias-26442283.html#foto=1\"><span style=\"color: #008080\"><strong>120 a\u00f1os de la hestoria d&#8217;Uvi\u00e9u al travi\u00e9s de 653 fotograf\u00edes.<\/strong> <\/span><\/a>Esta ye la esperiencia que prop\u00f3n la esposici\u00f3n <span style=\"color: #008080\"><em><strong>\u00abLa ciud\u00e1 despierta\u00bb<\/strong><\/em><\/span>, una gran amuesa sobro Uvi\u00e9u realizada colos fondos de la colecci\u00f3n fotogr\u00e1fica qu&#8217;el <a href=\"https:\/\/www.facebook.com\/MuseudelPuebludAsturies\/\"><span style=\"color: #008080\"><strong>Mus\u00e9u del Pueblu d\u2019Asturies<\/strong><\/span> <\/a>tien de la capital asturiana, y entamada pola Conseyer\u00eda de Cultura cola collaboraci\u00f3n del Conceyu de Xix\u00f3n. <\/span><\/p>\n<p><img loading=\"lazy\" decoding=\"async\" class=\"alignnone size-full\" src=\"https:\/\/scontent.fmad7-1.fna.fbcdn.net\/v\/t1.0-9\/131545282_2151556694978412_2323992858991332856_o.jpg?_nc_cat=108&amp;ccb=2&amp;_nc_sid=730e14&amp;_nc_ohc=1MD87aZ2OB4AX-48t1N&amp;_nc_ht=scontent.fmad7-1.fna&amp;oh=6891ef28e1dc066eb25d928b326e1a4a&amp;oe=60029CF7\" width=\"1712\" height=\"886\" \/><\/p>\n<p><span style=\"font-size: 16px\">L&#8217;amuesa foi inaugurada g\u00fcei na sala Sabadell Herrero d&#8217;Uvi\u00e9u pola conseyera de <strong>Cultura, Pol\u00edtica Lling\u00fc\u00edstica y Turismu<\/strong>, Berta Pi\u00f1\u00e1n. Nel actu participaron, am\u00e1s de Pi\u00f1\u00e1n, el director xeneral del Sabadell Herrero, Pablo Junceda y el conceyal de Cultura del Conceyu de Xix\u00f3n, Alberto Ferrao, y tuvieron tami\u00e9n presentes la vilba de Francisco Quir\u00f3s, Asunci\u00f3n Garc\u00eda-Prindes, el director del Mus\u00e9u del Pueblu d\u2019Asturies, Juaco L\u00f3pez y el comisariu de l&#8217;amuesa, Francisco Crabiffosse. <\/span><\/p>\n<p><img loading=\"lazy\" decoding=\"async\" class=\"alignnone size-full\" src=\"https:\/\/scontent.fmad7-1.fna.fbcdn.net\/v\/t1.0-9\/131584575_2152754701525278_5172989794219177077_o.jpg?_nc_cat=104&amp;ccb=2&amp;_nc_sid=730e14&amp;_nc_ohc=6LTfXOditGsAX8jCDui&amp;_nc_ht=scontent.fmad7-1.fna&amp;oh=caa2a7fe5a5395fb21cf60c78ce5f9ca&amp;oe=60002EBC\" width=\"2048\" height=\"1518\" \/><\/p>\n","protected":false},"excerpt":{"rendered":"<p>Enlace a noticia en\u00a0 LNE Ver galer\u00eda Ver muestra de fotos nesti enllaz Mus\u00e9u del Pueblu d\u00b4Asturies<\/p>\n","protected":false},"author":117,"featured_media":0,"comment_status":"closed","ping_status":"open","sticky":false,"template":"","format":"standard","meta":{"footnotes":""},"categories":[56,17,1],"tags":[],"class_list":["post-1854","post","type-post","status-publish","format-standard","hentry","category-fotografia","category-semeyes","category-sin-categoria"],"_links":{"self":[{"href":"https:\/\/edublog.educastur.es\/ixuxu\/wp-json\/wp\/v2\/posts\/1854","targetHints":{"allow":["GET"]}}],"collection":[{"href":"https:\/\/edublog.educastur.es\/ixuxu\/wp-json\/wp\/v2\/posts"}],"about":[{"href":"https:\/\/edublog.educastur.es\/ixuxu\/wp-json\/wp\/v2\/types\/post"}],"author":[{"embeddable":true,"href":"https:\/\/edublog.educastur.es\/ixuxu\/wp-json\/wp\/v2\/users\/117"}],"replies":[{"embeddable":true,"href":"https:\/\/edublog.educastur.es\/ixuxu\/wp-json\/wp\/v2\/comments?post=1854"}],"version-history":[{"count":6,"href":"https:\/\/edublog.educastur.es\/ixuxu\/wp-json\/wp\/v2\/posts\/1854\/revisions"}],"predecessor-version":[{"id":1885,"href":"https:\/\/edublog.educastur.es\/ixuxu\/wp-json\/wp\/v2\/posts\/1854\/revisions\/1885"}],"wp:attachment":[{"href":"https:\/\/edublog.educastur.es\/ixuxu\/wp-json\/wp\/v2\/media?parent=1854"}],"wp:term":[{"taxonomy":"category","embeddable":true,"href":"https:\/\/edublog.educastur.es\/ixuxu\/wp-json\/wp\/v2\/categories?post=1854"},{"taxonomy":"post_tag","embeddable":true,"href":"https:\/\/edublog.educastur.es\/ixuxu\/wp-json\/wp\/v2\/tags?post=1854"}],"curies":[{"name":"wp","href":"https:\/\/api.w.org\/{rel}","templated":true}]}}