{"id":18646,"date":"2023-04-23T20:59:43","date_gmt":"2023-04-23T18:59:43","guid":{"rendered":"https:\/\/edublog.educastur.es\/ixuxu\/?p=18646"},"modified":"2023-04-23T21:00:11","modified_gmt":"2023-04-23T19:00:11","slug":"18646","status":"publish","type":"post","link":"https:\/\/edublog.educastur.es\/ixuxu\/2023\/04\/18646\/","title":{"rendered":""},"content":{"rendered":"<p style=\"text-align: center\"><span style=\"color: #800080\"><strong><em><span style=\"font-size: 24px\">\u00abLleer salv\u00f3me, non la vida sin\u00f3n l&#8217;esp\u00edritu. <\/span><\/em><\/strong><\/span><br \/>\n<span style=\"color: #800080\"><strong><em><span style=\"font-size: 24px\">Lleer ye protecci\u00f3n y abelugu en tiempos dif\u00edciles.<\/span><\/em><\/strong><\/span><br \/>\n<span style=\"color: #800080\"><strong><em><span style=\"font-size: 24px\"> Y en tiempos de paz y felicid\u00e1,<\/span><\/em><\/strong><\/span><br \/>\n<span style=\"color: #800080\"><strong><em><span style=\"font-size: 24px\"> lleer sigue siendo abelugu del esp\u00edritu. <\/span><\/em><\/strong><\/span><br \/>\n<span style=\"color: #800080\"><strong><em><span style=\"font-size: 24px\">Non asedia, acueye. Nun refuga, \u00e1brese\u00bb.<\/span> <\/em><\/strong><\/span><br \/>\n<span style=\"font-size: 14px\">Catherine Clement<\/span><\/p>\n<p style=\"text-align: center\">\n<!-- iframe plugin v.6.0 wordpress.org\/plugins\/iframe\/ -->\n<iframe loading=\"lazy\" src=\"https:\/\/www.facebook.com\/plugins\/post.php?href=https%3A%2F%2Fwww.facebook.com%2Fliterland%2Fposts%2Fpfbid0t9cZ61dRNdadcXHvDqqUdidg76SoFgAVqDBebKZjdHgBWmAmzWYzdEeEJe62Qsb7l&#038;show_text=false&#038;width=500\" width=\"500\" height=\"497\" style=\"border:none;overflow:hidden\" scrolling=\"no\" frameborder=\"0\" allowfullscreen=\"true\" allow=\"autoplay; clipboard-write; encrypted-media; picture-in-picture; web-share\" 0=\"\/iframe\" class=\"iframe-class\"><\/iframe>\n<\/p>\n","protected":false},"excerpt":{"rendered":"<p>\u00abLleer salv\u00f3me, non la vida sin\u00f3n l&#8217;esp\u00edritu. Lleer ye protecci\u00f3n y abelugu en tiempos dif\u00edciles. Y en tiempos de paz y felicid\u00e1, lleer sigue siendo abelugu del esp\u00edritu. Non asedia, acueye. Nun refuga, \u00e1brese\u00bb. Catherine Clement<\/p>\n","protected":false},"author":117,"featured_media":0,"comment_status":"open","ping_status":"open","sticky":false,"template":"","format":"quote","meta":{"footnotes":""},"categories":[1],"tags":[],"class_list":["post-18646","post","type-post","status-publish","format-quote","hentry","category-sin-categoria","post_format-post-format-quote"],"_links":{"self":[{"href":"https:\/\/edublog.educastur.es\/ixuxu\/wp-json\/wp\/v2\/posts\/18646","targetHints":{"allow":["GET"]}}],"collection":[{"href":"https:\/\/edublog.educastur.es\/ixuxu\/wp-json\/wp\/v2\/posts"}],"about":[{"href":"https:\/\/edublog.educastur.es\/ixuxu\/wp-json\/wp\/v2\/types\/post"}],"author":[{"embeddable":true,"href":"https:\/\/edublog.educastur.es\/ixuxu\/wp-json\/wp\/v2\/users\/117"}],"replies":[{"embeddable":true,"href":"https:\/\/edublog.educastur.es\/ixuxu\/wp-json\/wp\/v2\/comments?post=18646"}],"version-history":[{"count":2,"href":"https:\/\/edublog.educastur.es\/ixuxu\/wp-json\/wp\/v2\/posts\/18646\/revisions"}],"predecessor-version":[{"id":18648,"href":"https:\/\/edublog.educastur.es\/ixuxu\/wp-json\/wp\/v2\/posts\/18646\/revisions\/18648"}],"wp:attachment":[{"href":"https:\/\/edublog.educastur.es\/ixuxu\/wp-json\/wp\/v2\/media?parent=18646"}],"wp:term":[{"taxonomy":"category","embeddable":true,"href":"https:\/\/edublog.educastur.es\/ixuxu\/wp-json\/wp\/v2\/categories?post=18646"},{"taxonomy":"post_tag","embeddable":true,"href":"https:\/\/edublog.educastur.es\/ixuxu\/wp-json\/wp\/v2\/tags?post=18646"}],"curies":[{"name":"wp","href":"https:\/\/api.w.org\/{rel}","templated":true}]}}