{"id":18666,"date":"2023-04-24T09:00:18","date_gmt":"2023-04-24T07:00:18","guid":{"rendered":"https:\/\/edublog.educastur.es\/ixuxu\/?p=18666"},"modified":"2023-04-24T11:19:45","modified_gmt":"2023-04-24T09:19:45","slug":"alcuentru-musical-con-david-varela","status":"publish","type":"post","link":"https:\/\/edublog.educastur.es\/ixuxu\/2023\/04\/alcuentru-musical-con-david-varela\/","title":{"rendered":"Alcuentru musical con David Varela"},"content":{"rendered":"<p style=\"text-align: center\">\n<!-- iframe plugin v.6.0 wordpress.org\/plugins\/iframe\/ -->\n<iframe loading=\"lazy\" src=\"https:\/\/www.facebook.com\/plugins\/post.php?href=https%3A%2F%2Fwww.facebook.com%2Freciella.asturies%2Fposts%2Fpfbid0212ELKkQovTqQ4ATmLdL1pNJ8hugxPW5S7qKCPCwTayW2ZNBoHwwLtT7SVB62p8bQl&#038;show_text=false&#038;width=500\" width=\"500\" height=\"497\" style=\"border:none;overflow:hidden\" scrolling=\"no\" frameborder=\"0\" allowfullscreen=\"true\" allow=\"autoplay; clipboard-write; encrypted-media; picture-in-picture; web-share\" 0=\"\/iframe\" class=\"iframe-class\"><\/iframe>\n<\/p>\n<ul>\n<li><a href=\"https:\/\/www.facebook.com\/DAVIZVARELA?__cft__[0]=AZXyJeWY-ZpsHMLYzI4QNUHslCAIARUUZ0gB9xJXIOiubfM3r7jZV_MfFtHF6W5Vq1yLEVAne2K9fHDNLpedehq0_WwXM8Ke34j8RwtPstnIz95c8Um7RjLYS2wStJJ44J9IhfjNmAvOTLPk1qjzmy_-huxf3ee6BMdjWQ1EcaFoP678_S8RUsokKSOMhQhxb27bRJsZwzFBHGT5oanL7gAI&amp;__tn__=-]K*F\">David Varela<\/a> \/<\/li>\n<\/ul>\n<p><span class=\"x193iq5w xeuugli x13faqbe x1vvkbs x1xmvt09 x1lliihq x1s928wv xhkezso x1gmr53x x1cpjm7i x1fgarty x1943h6x xudqn12 x3x7a5m x1f6kntn xvq8zen xo1l8bm xzsf02u\" dir=\"auto\">Esti mes volvemos facer otru alcuentru musical con <a class=\"x1i10hfl xjbqb8w x6umtig x1b1mbwd xaqea5y xav7gou x9f619 x1ypdohk xt0psk2 xe8uvvx xdj266r x11i5rnm xat24cr x1mh8g0r xexx8yu x4uap5 x18d9i69 xkhd6sd x16tdsg8 x1hl2dhg xggy1nq x1a2a7pz xt0b8zv xzsf02u x1s688f\" role=\"link\" href=\"https:\/\/www.facebook.com\/DAVIZVARELA?__cft__[0]=AZXyJeWY-ZpsHMLYzI4QNUHslCAIARUUZ0gB9xJXIOiubfM3r7jZV_MfFtHF6W5Vq1yLEVAne2K9fHDNLpedehq0_WwXM8Ke34j8RwtPstnIz95c8Um7RjLYS2wStJJ44J9IhfjNmAvOTLPk1qjzmy_-huxf3ee6BMdjWQ1EcaFoP678_S8RUsokKSOMhQhxb27bRJsZwzFBHGT5oanL7gAI&amp;__tn__=-]K*F\"><span class=\"xt0psk2\">DAVID VARELA<\/span><\/a>. Una activid\u00e1 perguapa pa families socies. Si tienes ne\u00f1os o ne\u00f1es y quies que faigan actividaes n&#8217;asturianu con m\u00e1s reciella y en familia has contactar con n\u00f3s. Si y\u00e1 fal\u00e1is asturianu en casa ye una oportunid\u00e1 p&#8217;acceder a espacios de socializaci\u00f3n na vuestra llingua, y si nun fal\u00e1is pero quer\u00e9is incorporar l&#8217;asturianu, pas\u00edn a pasu, como una llingua m\u00e1s de casa, en Reciella ten\u00e9is una forma de facelo con otres families que t\u00e1n na mesma situaci\u00f3n.<\/span><\/p>\n","protected":false},"excerpt":{"rendered":"<p>David Varela \/ Esti mes volvemos facer otru alcuentru musical con DAVID VARELA. Una activid\u00e1 perguapa pa families socies. Si tienes ne\u00f1os o ne\u00f1es y quies que faigan actividaes n&#8217;asturianu con m\u00e1s reciella y en familia has contactar con n\u00f3s. Si y\u00e1 fal\u00e1is asturianu en casa ye una oportunid\u00e1 p&#8217;acceder a espacios de socializaci\u00f3n na [&hellip;]<\/p>\n","protected":false},"author":117,"featured_media":0,"comment_status":"open","ping_status":"open","sticky":false,"template":"","format":"standard","meta":{"footnotes":""},"categories":[169,35],"tags":[],"class_list":["post-18666","post","type-post","status-publish","format-standard","hentry","category-alcuentru","category-musica"],"_links":{"self":[{"href":"https:\/\/edublog.educastur.es\/ixuxu\/wp-json\/wp\/v2\/posts\/18666","targetHints":{"allow":["GET"]}}],"collection":[{"href":"https:\/\/edublog.educastur.es\/ixuxu\/wp-json\/wp\/v2\/posts"}],"about":[{"href":"https:\/\/edublog.educastur.es\/ixuxu\/wp-json\/wp\/v2\/types\/post"}],"author":[{"embeddable":true,"href":"https:\/\/edublog.educastur.es\/ixuxu\/wp-json\/wp\/v2\/users\/117"}],"replies":[{"embeddable":true,"href":"https:\/\/edublog.educastur.es\/ixuxu\/wp-json\/wp\/v2\/comments?post=18666"}],"version-history":[{"count":1,"href":"https:\/\/edublog.educastur.es\/ixuxu\/wp-json\/wp\/v2\/posts\/18666\/revisions"}],"predecessor-version":[{"id":18667,"href":"https:\/\/edublog.educastur.es\/ixuxu\/wp-json\/wp\/v2\/posts\/18666\/revisions\/18667"}],"wp:attachment":[{"href":"https:\/\/edublog.educastur.es\/ixuxu\/wp-json\/wp\/v2\/media?parent=18666"}],"wp:term":[{"taxonomy":"category","embeddable":true,"href":"https:\/\/edublog.educastur.es\/ixuxu\/wp-json\/wp\/v2\/categories?post=18666"},{"taxonomy":"post_tag","embeddable":true,"href":"https:\/\/edublog.educastur.es\/ixuxu\/wp-json\/wp\/v2\/tags?post=18666"}],"curies":[{"name":"wp","href":"https:\/\/api.w.org\/{rel}","templated":true}]}}