{"id":18688,"date":"2023-04-23T20:00:07","date_gmt":"2023-04-23T18:00:07","guid":{"rendered":"https:\/\/edublog.educastur.es\/ixuxu\/?p=18688"},"modified":"2023-04-25T12:17:17","modified_gmt":"2023-04-25T10:17:17","slug":"rodrigo-cuevas-da-a-conocer-la-nueva-vida-del-folclore-nasturies","status":"publish","type":"post","link":"https:\/\/edublog.educastur.es\/ixuxu\/2023\/04\/rodrigo-cuevas-da-a-conocer-la-nueva-vida-del-folclore-nasturies\/","title":{"rendered":"Rodrigo Cuevas da a conocer la nueva vida del folclore n&#8217;Asturies"},"content":{"rendered":"<p>G\u00fcei, en<a href=\"http:\/\/tinyurl.com\/35eyts2u?fbclid=IwAR03dlZw_l9NWfyChavouZi4tXuD4C3LJ0gNG3Aaw4rrOPzrmeR9tksYGIs\"><strong> Lo d&#8217;\u00c9vole, Rodrigo Cuevas<\/strong><\/a> da a conocer la nueva vida del folclore n&#8217;Asturies con Jordi \u00c9vole.<\/p>\n<p style=\"text-align: center\">\n<!-- iframe plugin v.6.0 wordpress.org\/plugins\/iframe\/ -->\n<iframe loading=\"lazy\" src=\"https:\/\/www.facebook.com\/plugins\/post.php?href=https%3A%2F%2Fwww.facebook.com%2FJordiEvole%2Fposts%2Fpfbid02x1paWsCZt7QasRzr6v1G95ZdGGHMCnPSyWMQPYpm12v1D83sV4onSQfu8WKZD1YRl&#038;show_text=false&#038;width=500\" width=\"500\" height=\"281\" style=\"border:none;overflow:hidden\" scrolling=\"no\" frameborder=\"0\" allowfullscreen=\"true\" allow=\"autoplay; clipboard-write; encrypted-media; picture-in-picture; web-share\" 0=\"\/iframe\" class=\"iframe-class\"><\/iframe>\n<\/p>\n<p>Modernid\u00e1, tradici\u00f3n, folclore y cultura dan la mano na m\u00fasica de Rodrigo Cuevas. L&#8217;artista cavilga na so entrevista con Jordi \u00c9vole sobro los tipos de masculinid\u00e1, la vida rural y el bullying que sufri\u00f3 cuando yera ne\u00f1u.<\/p>\n<ul>\n<li><strong>Rodrigo Cuevas<\/strong>: <a href=\"https:\/\/es.wikipedia.org\/wiki\/Rodrigo_Cuevas_(cantante)\">wiki<\/a> \/<a href=\"https:\/\/rodrigocuevas.sexy\/\"> web<\/a> \/ semeyes \/<\/li>\n<li><a href=\"https:\/\/rodrigocuevas.sexy\/producto\/manual-de-cortejo\/\">Manual de Cortejo<\/a> \/\u00a0<span class=\"x193iq5w xeuugli x13faqbe x1vvkbs x1xmvt09 x1lliihq x1s928wv xhkezso x1gmr53x x1cpjm7i x1fgarty x1943h6x xudqn12 x3x7a5m x1f6kntn xvq8zen xo1l8bm xzsf02u x1yc453h\" dir=\"auto\"> <a class=\"x1i10hfl xjbqb8w x6umtig x1b1mbwd xaqea5y xav7gou x9f619 x1ypdohk xt0psk2 xe8uvvx xdj266r x11i5rnm xat24cr x1mh8g0r xexx8yu x4uap5 x18d9i69 xkhd6sd x16tdsg8 x1hl2dhg xggy1nq x1a2a7pz xt0b8zv x1qq9wsj xo1l8bm\" role=\"link\" href=\"https:\/\/www.facebook.com\/hashtag\/loderodrigocuevas?__eep__=6&amp;__cft__[0]=AZVWIlLhB0apIf8osusC-PzsaW9pouXUVtQSsDlp8gybpLkQYDPE3z7tDydJHpR-k-iyOcazOAfiz5igkApRxj-IXMfDXC6OZ6BOnlPVe2SBwIUFrmdEK431m5MNCHfI4CGZuz16Od7nD78DeNdPOSuqnLB7FR_GUT-nGrZqOgSBVPSBhDdUvFi4k2r1NdYOryo&amp;__tn__=*NK-R\">#LoDeRodrigoCuevas<\/a>.<\/span><\/li>\n<li><a href=\"https:\/\/labenefica.org\/\">La Ben\u00e9fica: web<\/a> \/ <a href=\"https:\/\/www.google.com\/search?q=la+benefica&amp;client=firefox-b-d&amp;source=lnms&amp;tbm=isch&amp;sa=X&amp;ved=2ahUKEwjjx-eUn8L-AhV5T6QEHfywD3gQ_AUoAnoECAIQBA&amp;biw=1120&amp;bih=541&amp;dpr=1.71\">semeyes<\/a><\/li>\n<li>Noticies: <a href=\"https:\/\/www.elcomercio.es\/culturas\/rodrigo-cuevas-llamar-maricon-20230424030049-nt.html\">El Comercio<\/a> \/ <a href=\"http:\/\/tinyurl.com\/35eyts2u?fbclid=IwAR03dlZw_l9NWfyChavouZi4tXuD4C3LJ0gNG3Aaw4rrOPzrmeR9tksYGIs\">VER PROGRAMA<\/a>\n<div dir=\"auto\"><\/div>\n<\/li>\n<\/ul>\n<p><!--more--><\/p>\n<blockquote><p><span style=\"color: #008080\"><em>La guapura qu&#8217;escuende la cultura d&#8217;un pueblu ta nel so folclore.<\/em><\/span><br \/>\n<span style=\"color: #008080\"><em>La tradici\u00f3n, ye una v\u00eda d&#8217;espresi\u00f3n com\u00fan a tolos seres humanos.<\/em><\/span><br \/>\n<span style=\"color: #008080\"><em>El folclore ye un ser vivu que s&#8217;estiende por tola cara de la tierra, <\/em><\/span><br \/>\n<span style=\"color: #008080\"><em>como un miceliu, nun entiende de barreres f\u00edsiques nin pol\u00edtiques.<\/em><\/span><\/p><\/blockquote>\n<ul>\n<li class=\"title page-title\"><a href=\"https:\/\/asturies.com\/noticies\/rodrigo-cuevas-amuesa-la-cultura-asturiana-a-nivel-estatal-nhorariu-daudiencia-maxima?fbclid=IwAR36I9kCoCHqpQH9CbKGvlzKEIM4sl6jOZqYvc8lSY_oIliFezuaYzl1Ifs\"><strong><span style=\"font-size: 14px\">Asturies.com \/Rodrigo Cuevas amuesa la cultura asturiana a nivel estatal n&#8217;horariu d&#8217;audiencia m\u00e1xima<\/span><\/strong><\/a><\/li>\n<\/ul>\n<div class=\"region region-content\">\n<div id=\"block-system-main\" class=\"block block-system\">\n<div class=\"block-inner\">\n<div class=\"content\">\n<div id=\"node-55433\" class=\"node node-noticies node-promoted clearfix\">\n<div class=\"node-inner\">\n<div class=\"full-node\">\n<div class=\"content clearfix\">\n<div class=\"field field-name-body field-type-text-with-summary field-label-hidden\">\n<div class=\"field-items\">\n<div class=\"field-item even\">\n<p>Protagoniz\u00f3&#8217;l programa <a href=\"https:\/\/www.lasexta.com\/programas\/lo-de-evole\/\">&#8216;Lo de \u00c9vole&#8217;<\/a> de laSexta, que se centr\u00f3 no rural y el folclor.<\/p>\n<p>Jordi \u00c9vole entrevist\u00f3 a Rodrigo Cuevas pal so programa d&#8217;esti domingu, que se emiti\u00f3 n&#8217;horariu d&#8217;audiencia m\u00e1xima (21.30 hores). El comunicador catal\u00e1n convers\u00f3 col cantante na so casa de Pilo\u00f1a, conoci\u00f3 les obres del proyeutu de La Ben\u00e9fica y vivi\u00f3 una nueche de sidra, cantares y bailles asturianos nun chigre.<\/p>\n<p>Lo rural y el folclor centr\u00f3 gran parte del espaciu, onde l&#8217;uvie\u00edn tami\u00e9n falo de la so infancia, de masculinidaes, llibertaes, rellaciones con vecinos y mayores y de lo tradicional, ente otros munchos temes. Nun se fal\u00f3 del asturianu, que s\u00ed se pudo sentir en delles intervenciones, ente elles la de Xos\u00e9 Ant\u00f3n Fern\u00e1ndez &#8216;Amb\u00e1s&#8217;, o na interpretaci\u00f3n d&#8217;un cachu del y\u00e1 inc\u00f3nicu tema &#8216;Rambal\u00edn&#8217;.<\/p>\n<p>Pue ver el programa completu <a href=\"https:\/\/www.atresplayer.com\/lasexta\/programas\/lo-de-evole\/temporada-4\/rodrigo-cuevas_644270729e78b0e4a1cd4ce0\/\">nesti enllaz<\/a>.<\/p>\n<\/div>\n<\/div>\n<\/div>\n<\/div>\n<\/div>\n<\/div>\n<\/div>\n<\/div>\n<\/div>\n<\/div>\n<\/div>\n<p>M\u00fasicu, showman, artista total, animal esc\u00e9nicu y axitador folcl\u00f3ricu: asina ye como se define Rodrigo Cuevas, unu de los \u00faltimos iconos de la escena musical espa\u00f1ola. Como y\u00e1 fixeren Rosal\u00eda o C Tangana, l&#8217;asturianu enconti\u00f3 la so carrera na reinterpretaci\u00f3n y actualizaci\u00f3n de la m\u00fasica tradicional, que llogr\u00f3 llevar a escenarios de too el mundu (Par\u00eds, Miami o Dubai).<\/p>\n<p style=\"text-align: center\"><a href=\"https:\/\/rodrigocuevas.sexy\/rc\/2017\/06\/DVerdiciu-600x600.jpg\"><img loading=\"lazy\" decoding=\"async\" class=\"aligncenter size-full\" src=\"https:\/\/rodrigocuevas.sexy\/rc\/2017\/06\/DVerdiciu-600x600.jpg\" width=\"600\" height=\"600\" \/><\/a><\/p>\n<p>El trabayu que-y dio la fama foi<strong> Manual de Cortexu<\/strong> (2019), unu de los discos de la pandemia y que grab\u00f3 xuntu al Ra\u00fcl Fern\u00e1ndez \u00abRefree\u00bb, productor tami\u00e9n de Rosal\u00eda o Amaia. N\u00e9l versionaba coples, fandangos, mu\u00f1eires o xiring\u00fcelus. Los sos conciertos son espect\u00e1culos totales que combinen performance, cabar\u00e9 o m\u00fasica electr\u00f3nica con folk, am\u00e1s d&#8217;una prevocaci\u00f3n siempres intelixente que conquist\u00f3 tantu a hipsters como a se\u00f1ores con ganes de *verbena. \u00abEl folclor ponnos a toos nel mesmu sitiu\u00bb.<\/p>\n<p style=\"text-align: center\">\n<!-- iframe plugin v.6.0 wordpress.org\/plugins\/iframe\/ -->\n<iframe loading=\"lazy\" src=\"https:\/\/www.facebook.com\/plugins\/video.php?height=314&#038;href=https%3A%2F%2Fwww.facebook.com%2FJordiEvole%2Fvideos%2F111508948566826%2F&#038;show_text=false&#038;width=560&#038;t=0\" width=\"560\" height=\"314\" style=\"border:none;overflow:hidden\" scrolling=\"no\" frameborder=\"0\" allowfullscreen=\"true\" allow=\"autoplay; clipboard-write; encrypted-media; picture-in-picture; web-share\" 0=\"\/iframe\" class=\"iframe-class\"><\/iframe>\n<\/p>\n<p>Vida rural vs vida urbana<\/p>\n<p>La so revoluci\u00f3n ye tami\u00e9n la de la vida llue\u00f1e de la gran ciud\u00e1. La de la Espa\u00f1a balerada que s&#8217;aguanta a sumir. Vive n&#8217;una pequena aldega asturiana: de tan solo 13 habitantes, Caperea ta nel conceyu de Pilo\u00f1a, ell\u00ed onde los picos d&#8217;Europa y\u00e1 nun espunten y nun pasen nin los pelegrinos. Vive col so noviu, dos burros, delles pites y un perru. Y con los sos vecinos, porque como \u00e9l diz, nun pueblu asina&#8217;l to vecinderu ye como parte de la familia o como compa\u00f1eros de pisu, la intimid\u00e1 nun esiste.<\/p>\n<p style=\"text-align: center\"><a href=\"https:\/\/s3.ppllstatics.com\/elcomercio\/www\/multimedia\/2023\/04\/19\/rodrigo-cuevas-jordi-evole-programa1--758x531.jpg\"><img loading=\"lazy\" decoding=\"async\" class=\"aligncenter size-full\" src=\"https:\/\/s3.ppllstatics.com\/elcomercio\/www\/multimedia\/2023\/04\/19\/rodrigo-cuevas-jordi-evole-programa1--758x531.jpg\" width=\"758\" height=\"412\" \/><\/a><\/p>\n<p>Jordi \u00c9vole pasa tr\u00e9s d\u00edes en casa de Rodrigo, compartiendo con \u00e9l les xeres del campu, la convivencia colos vecinos o&#8217;l nuevu proyectu nel que ta implic\u00e1u: la recuperaci\u00f3n de<strong> La Ben\u00e9fica<\/strong>, un antiguu teatru que Cueves pretende reabrir en Pilo\u00f1a por que la xente tenga una raz\u00f3n m\u00e1s para quedase nel rural. Y ye que como diz nel programa, l&#8217;ociu ye tami\u00e9n un factor de cohesi\u00f3n social.<\/p>\n<p style=\"text-align: center\"><a href=\"https:\/\/labenefica.org\/wp-content\/uploads\/2021\/10\/Proyecto-1-1024x398.jpg\"><img loading=\"lazy\" decoding=\"async\" class=\"aligncenter size-full\" src=\"https:\/\/labenefica.org\/wp-content\/uploads\/2021\/10\/Proyecto-1-1024x398.jpg\" width=\"1024\" height=\"398\" \/><\/a><\/p>\n<p style=\"text-align: center\"><a href=\"https:\/\/ca.goteo.org\/img\/700x700\/pantalla-5.3.png\"><img loading=\"lazy\" decoding=\"async\" class=\"aligncenter size-full\" src=\"https:\/\/ca.goteo.org\/img\/700x700\/pantalla-5.3.png\" width=\"700\" height=\"394\" \/><\/a><\/p>\n<p style=\"text-align: center\">\n<!-- iframe plugin v.6.0 wordpress.org\/plugins\/iframe\/ -->\n<iframe style=\"border-radius:12px\" src=\"https:\/\/open.spotify.com\/embed\/artist\/1d3CepUS2V6F3cP9YWNfUO?utm_source=generator\" width=\"100%\" height=\"352\" frameborder=\"0\" allowfullscreen allow=\"autoplay; clipboard-write; encrypted-media; fullscreen; picture-in-picture\" loading=\"lazy\" 0=\"\/iframe\" scrolling=\"yes\" class=\"iframe-class\"><\/iframe>\n<\/p>\n","protected":false},"excerpt":{"rendered":"<p>G\u00fcei, en Lo d&#8217;\u00c9vole, Rodrigo Cuevas da a conocer la nueva vida del folclore n&#8217;Asturies con Jordi \u00c9vole. Modernid\u00e1, tradici\u00f3n, folclore y cultura dan la mano na m\u00fasica de Rodrigo Cuevas. L&#8217;artista cavilga na so entrevista con Jordi \u00c9vole sobro los tipos de masculinid\u00e1, la vida rural y el bullying que sufri\u00f3 cuando yera ne\u00f1u. [&hellip;]<\/p>\n","protected":false},"author":117,"featured_media":0,"comment_status":"open","ping_status":"open","sticky":false,"template":"","format":"standard","meta":{"footnotes":""},"categories":[283],"tags":[],"class_list":["post-18688","post","type-post","status-publish","format-standard","hentry","category-folclore"],"_links":{"self":[{"href":"https:\/\/edublog.educastur.es\/ixuxu\/wp-json\/wp\/v2\/posts\/18688","targetHints":{"allow":["GET"]}}],"collection":[{"href":"https:\/\/edublog.educastur.es\/ixuxu\/wp-json\/wp\/v2\/posts"}],"about":[{"href":"https:\/\/edublog.educastur.es\/ixuxu\/wp-json\/wp\/v2\/types\/post"}],"author":[{"embeddable":true,"href":"https:\/\/edublog.educastur.es\/ixuxu\/wp-json\/wp\/v2\/users\/117"}],"replies":[{"embeddable":true,"href":"https:\/\/edublog.educastur.es\/ixuxu\/wp-json\/wp\/v2\/comments?post=18688"}],"version-history":[{"count":10,"href":"https:\/\/edublog.educastur.es\/ixuxu\/wp-json\/wp\/v2\/posts\/18688\/revisions"}],"predecessor-version":[{"id":18705,"href":"https:\/\/edublog.educastur.es\/ixuxu\/wp-json\/wp\/v2\/posts\/18688\/revisions\/18705"}],"wp:attachment":[{"href":"https:\/\/edublog.educastur.es\/ixuxu\/wp-json\/wp\/v2\/media?parent=18688"}],"wp:term":[{"taxonomy":"category","embeddable":true,"href":"https:\/\/edublog.educastur.es\/ixuxu\/wp-json\/wp\/v2\/categories?post=18688"},{"taxonomy":"post_tag","embeddable":true,"href":"https:\/\/edublog.educastur.es\/ixuxu\/wp-json\/wp\/v2\/tags?post=18688"}],"curies":[{"name":"wp","href":"https:\/\/api.w.org\/{rel}","templated":true}]}}