{"id":187,"date":"2020-08-09T16:52:55","date_gmt":"2020-08-09T16:52:55","guid":{"rendered":"https:\/\/edublog.educastur.es\/ixuxu\/?p=187"},"modified":"2020-08-09T17:30:12","modified_gmt":"2020-08-09T17:30:12","slug":"novedaes-dimpronta-editorial","status":"publish","type":"post","link":"https:\/\/edublog.educastur.es\/ixuxu\/2020\/08\/novedaes-dimpronta-editorial\/","title":{"rendered":"Novedaes d\u00b4Impronta Editorial"},"content":{"rendered":"<div class=\"l9j0dhe7 jxk88fls rops0bsn n851cfcs\">\n<div class=\"stjgntxs ni8dbmo4\"><a href=\"https:\/\/imgbox.es\/images\/2020\/04\/10\/impronta978eb62841772dff.jpg\"><img loading=\"lazy\" decoding=\"async\" class=\"alignnone \" src=\"https:\/\/imgbox.es\/images\/2020\/04\/10\/impronta978eb62841772dff.jpg\" width=\"277\" height=\"80\" \/><\/a><\/div>\n<div>\n<div dir=\"auto\">Fonte: <a href=\"https:\/\/www.facebook.com\/groups\/293417997831658\">Escritores d\u00b4Asturies<\/a><\/div>\n<div dir=\"auto\"><a class=\"oajrlxb2 g5ia77u1 qu0x051f esr5mh6w e9989ue4 r7d6kgcz rq0escxv nhd2j8a9 nc684nl6 p7hjln8o kvgmc6g5 cxmmr5t8 oygrvhab hcukyx3x jb3vyjys rz4wbd8a qt6c0cv9 a8nywdso i1ao9s8h esuyzwwr f1sip0of lzcic4wl oo9gr5id gpro0wi8 lrazzd5p\" role=\"link\" href=\"https:\/\/www.facebook.com\/carlos.gonzalezespina?__cft__[0]=AZVzFxTCdGHLvG2lzK4PRyYc9FPu4a-CiBIYbIK3poz7dlHL_HPlDWgEkSwW6U2Wkn5wA9lEnxLNo2FouHzc7yQ-_CvumZ4EXGbWALn6Rwi5Rd9L-G35w0fE1Fb_XDBrRRsoOggOAImtpuS4vsO5HG_SaAkPQuenj306pgeFve9H_g&amp;__tn__=-UC%2CP-y-R\"><strong>Carlos Gonzalez Espina<\/strong><\/a><\/div>\n<\/div>\n<\/div>\n<div class=\"dati1w0a hv4rvrfc osnr6wyh\">\n<div class=\"btwxx1t3 j83agx80 cwj9ozl2\">\n<div class=\"j83agx80 cbu4d94t ew0dbk1b irj2b8pg\">\n<div class=\"qzhwtbm6 knvmm38d\">\n<div class=\"nc684nl6\"><\/div>\n<\/div>\n<div class=\"qzhwtbm6 knvmm38d\"><\/div>\n<\/div>\n<\/div>\n<\/div>\n<div class=\"\" dir=\"auto\">\n<div class=\"\" dir=\"auto\">\n<div class=\"ecm0bbzt hv4rvrfc ihqw7lf3 dati1w0a\" data-ad-comet-preview=\"message\" data-ad-preview=\"message\">\n<div class=\"j83agx80 cbu4d94t ew0dbk1b irj2b8pg\">\n<div class=\"qzhwtbm6 knvmm38d\">\n<div class=\"kvgmc6g5 cxmmr5t8 oygrvhab hcukyx3x c1et5uql ii04i59q\">\n<div dir=\"auto\"><em>Pr\u00e9stanos anunciar a la reciella l&#8217;inminente desconfinamientu d&#8217;un cor\u00edu y tres gochinos. Los cuatro van y\u00e1, llibres, cam\u00edn de les llibrer\u00edes. Falando n&#8217;asturianu y m\u00e1s guapos que nunca, gracies a les ilustraciones de David G. Ferrero y Mar\u00eda D\u00edaz Perera.<\/em><\/div>\n<div dir=\"auto\"><\/div>\n<div dir=\"auto\"><\/div>\n<\/div>\n<div dir=\"auto\"><img loading=\"lazy\" decoding=\"async\" class=\"alignnone wp-image-188\" src=\"http:\/\/edublog.educastur.es\/ixuxu\/files\/2020\/08\/coriu.jpg\" alt=\"\" width=\"336\" height=\"337\" srcset=\"https:\/\/edublog.educastur.es\/ixuxu\/files\/2020\/08\/coriu.jpg 1999w, https:\/\/edublog.educastur.es\/ixuxu\/files\/2020\/08\/coriu-300x300.jpg 300w, https:\/\/edublog.educastur.es\/ixuxu\/files\/2020\/08\/coriu-1020x1024.jpg 1020w, https:\/\/edublog.educastur.es\/ixuxu\/files\/2020\/08\/coriu-150x150.jpg 150w, https:\/\/edublog.educastur.es\/ixuxu\/files\/2020\/08\/coriu-768x771.jpg 768w, https:\/\/edublog.educastur.es\/ixuxu\/files\/2020\/08\/coriu-1530x1536.jpg 1530w, https:\/\/edublog.educastur.es\/ixuxu\/files\/2020\/08\/coriu-85x85.jpg 85w, https:\/\/edublog.educastur.es\/ixuxu\/files\/2020\/08\/coriu-1000x1004.jpg 1000w, https:\/\/edublog.educastur.es\/ixuxu\/files\/2020\/08\/coriu-299x300.jpg 299w\" sizes=\"auto, (max-width: 336px) 100vw, 336px\" \/><\/div>\n<div class=\"kvgmc6g5 cxmmr5t8 oygrvhab hcukyx3x c1et5uql ii04i59q\">\n<div dir=\"auto\"><\/div>\n<div dir=\"auto\"><em>Escritu por Hans Cristian Andersen (1805-1875), l\u2019autor cimeru de la lliteratura infantil de tolos tiempos, \u00ab<strong>El cor\u00edu feu<\/strong>\u00bb ye un preciosu allegatu contra la marxinaci\u00f3n y a favor de la tolerancia y el respetu a les diferencies. El so mensaxe rescampla: lo diferente nun ye feo. Afonda tami\u00e9n na necesid\u00e1 de querenos a n\u00f3s mesmos, coles nuestres taches y les nuestres virt\u00faes. Acordies con esti testu universal, les po\u00e9tiques ilustraciones de David G. Ferrero dan-y a la versi\u00f3n en llingua asturiana d\u2019Irene Riera un encantu nuevu y orixinal.<\/em><\/div>\n<div dir=\"auto\"><\/div>\n<div dir=\"auto\"><img loading=\"lazy\" decoding=\"async\" class=\"alignnone wp-image-189\" src=\"http:\/\/edublog.educastur.es\/ixuxu\/files\/2020\/08\/gochinos.jpg\" alt=\"\" width=\"335\" height=\"337\" srcset=\"https:\/\/edublog.educastur.es\/ixuxu\/files\/2020\/08\/gochinos.jpg 2011w, https:\/\/edublog.educastur.es\/ixuxu\/files\/2020\/08\/gochinos-298x300.jpg 298w, https:\/\/edublog.educastur.es\/ixuxu\/files\/2020\/08\/gochinos-1018x1024.jpg 1018w, https:\/\/edublog.educastur.es\/ixuxu\/files\/2020\/08\/gochinos-150x150.jpg 150w, https:\/\/edublog.educastur.es\/ixuxu\/files\/2020\/08\/gochinos-768x773.jpg 768w, https:\/\/edublog.educastur.es\/ixuxu\/files\/2020\/08\/gochinos-1527x1536.jpg 1527w, https:\/\/edublog.educastur.es\/ixuxu\/files\/2020\/08\/gochinos-85x85.jpg 85w, https:\/\/edublog.educastur.es\/ixuxu\/files\/2020\/08\/gochinos-1000x1006.jpg 1000w\" sizes=\"auto, (max-width: 335px) 100vw, 335px\" \/><\/div>\n<div dir=\"auto\"><em>\u00ab<strong>Los tres gochinos y el llobu<\/strong>\u00bb ye \u00fan de los cuentos m\u00e1s famosos de la lliteratura infantil de siempre. El valor, la intelixencia y el procuru vuelven a vencer na so llucha contra\u2019l mieu, pero vais poder descubrir dellos detalles poco conoc\u00edos de la historia. Puntu y aparte merecen les lluminoses ilustraciones del llibru, obra de Mar\u00eda Perera.<\/em><\/div>\n<\/div>\n<div class=\"o9v6fnle cxmmr5t8 oygrvhab hcukyx3x c1et5uql ii04i59q\">\n<ul>\n<li><a class=\"oajrlxb2 g5ia77u1 qu0x051f esr5mh6w e9989ue4 r7d6kgcz rq0escxv nhd2j8a9 nc684nl6 p7hjln8o kvgmc6g5 cxmmr5t8 oygrvhab hcukyx3x jb3vyjys rz4wbd8a qt6c0cv9 a8nywdso i1ao9s8h esuyzwwr f1sip0of lzcic4wl py34i1dx gpro0wi8\" role=\"link\" href=\"https:\/\/l.facebook.com\/l.php?u=https%3A%2F%2Fimprontaeditorial.wordpress.com%2Fllibros-infantiles-asturianu%2F%3Ffbclid%3DIwAR0YX3IxaPST-_KPrRzcs4RaHLtyu6LlQ9vz3IiRuSFSsjRDzyb2Ie14Ri0&amp;h=AT2h1Pd5wGjED1jlZyfImPOyjYhhNmyPzH7lxJUkCctLiKpksXH_34AxKL-C0b7CkHyKtrehDJrgDBM8unXMzWIWvy8uVRYDPk2lTiXNZn_eABgXP9-OigZJKcdTLFQ2tQ&amp;__tn__=-UK-y-R&amp;c[0]=AT3LTaQUYC6MYr1FzVpGuGLAqv7qPJl87aepswDQj9fNHlW6tyRA5wk4ceUOHdeFgw47VAv46pC-nw6Uuscw51oWXnY_LCufGkb2FmmBwu8Xun71jQwIaNWz4KdciN8vdI7pISYtXGhV4xTIAvKZqDRcyDtpPQHKEhBry30PwdS_sRGge46acJzlaQ\" target=\"_blank\" rel=\"nofollow noopener noreferrer\">https:\/\/improntaeditorial.wordpress.com\/llibros-infantiles-asturianu\/<\/a><\/li>\n<li><a href=\"https:\/\/improntaeditorial.wordpress.com\/llibros-infantiles-asturianu\/?fbclid=IwAR0YX3IxaPST-_KPrRzcs4RaHLtyu6LlQ9vz3IiRuSFSsjRDzyb2Ie14Ri0\">Ver m\u00e1s llibros d\u00b4Impronta n\u00b4asturianu<\/a><\/li>\n<\/ul>\n<\/div>\n<\/div>\n<\/div>\n<\/div>\n<\/div>\n<\/div>\n","protected":false},"excerpt":{"rendered":"<p>Fonte: Escritores d\u00b4Asturies Carlos Gonzalez Espina Pr\u00e9stanos anunciar a la reciella l&#8217;inminente desconfinamientu d&#8217;un cor\u00edu y tres gochinos. Los cuatro van y\u00e1, llibres, cam\u00edn de les llibrer\u00edes. Falando n&#8217;asturianu y m\u00e1s guapos que nunca, gracies a les ilustraciones de David G. Ferrero y Mar\u00eda D\u00edaz Perera. Escritu por Hans Cristian Andersen (1805-1875), l\u2019autor cimeru de [&hellip;]<\/p>\n","protected":false},"author":117,"featured_media":0,"comment_status":"closed","ping_status":"open","sticky":false,"template":"","format":"standard","meta":{"footnotes":""},"categories":[12,10,13],"tags":[],"class_list":["post-187","post","type-post","status-publish","format-standard","hentry","category-editoriales","category-llibros-reciella","category-novedaes"],"_links":{"self":[{"href":"https:\/\/edublog.educastur.es\/ixuxu\/wp-json\/wp\/v2\/posts\/187","targetHints":{"allow":["GET"]}}],"collection":[{"href":"https:\/\/edublog.educastur.es\/ixuxu\/wp-json\/wp\/v2\/posts"}],"about":[{"href":"https:\/\/edublog.educastur.es\/ixuxu\/wp-json\/wp\/v2\/types\/post"}],"author":[{"embeddable":true,"href":"https:\/\/edublog.educastur.es\/ixuxu\/wp-json\/wp\/v2\/users\/117"}],"replies":[{"embeddable":true,"href":"https:\/\/edublog.educastur.es\/ixuxu\/wp-json\/wp\/v2\/comments?post=187"}],"version-history":[{"count":4,"href":"https:\/\/edublog.educastur.es\/ixuxu\/wp-json\/wp\/v2\/posts\/187\/revisions"}],"predecessor-version":[{"id":193,"href":"https:\/\/edublog.educastur.es\/ixuxu\/wp-json\/wp\/v2\/posts\/187\/revisions\/193"}],"wp:attachment":[{"href":"https:\/\/edublog.educastur.es\/ixuxu\/wp-json\/wp\/v2\/media?parent=187"}],"wp:term":[{"taxonomy":"category","embeddable":true,"href":"https:\/\/edublog.educastur.es\/ixuxu\/wp-json\/wp\/v2\/categories?post=187"},{"taxonomy":"post_tag","embeddable":true,"href":"https:\/\/edublog.educastur.es\/ixuxu\/wp-json\/wp\/v2\/tags?post=187"}],"curies":[{"name":"wp","href":"https:\/\/api.w.org\/{rel}","templated":true}]}}