{"id":18713,"date":"2023-04-25T11:00:43","date_gmt":"2023-04-25T09:00:43","guid":{"rendered":"https:\/\/edublog.educastur.es\/ixuxu\/?p=18713"},"modified":"2023-04-25T12:38:21","modified_gmt":"2023-04-25T10:38:21","slug":"parque-de-la-prehistoria-de-teverga","status":"publish","type":"post","link":"https:\/\/edublog.educastur.es\/ixuxu\/2023\/04\/parque-de-la-prehistoria-de-teverga\/","title":{"rendered":"Parque de la Prehistoria de Teverga"},"content":{"rendered":"<div class=\"\" dir=\"auto\">\n<div class=\"\" dir=\"auto\">\n<div class=\"x1iorvi4 x1pi30zi x1swvt13 x1l90r2v\" data-ad-comet-preview=\"message\" data-ad-preview=\"message\">\n<div class=\"x78zum5 xdt5ytf xz62fqu x16ldp7u\">\n<div class=\"xu06os2 x1ok221b\">\n<div class=\"x11i5rnm xat24cr x1mh8g0r x1vvkbs xdj266r x126k92a\">\n<div dir=\"auto\" style=\"text-align: center\">\n<!-- iframe plugin v.6.0 wordpress.org\/plugins\/iframe\/ -->\n<iframe loading=\"lazy\" src=\"https:\/\/www.facebook.com\/plugins\/post.php?href=https%3A%2F%2Fwww.facebook.com%2Fphoto.php%3Ffbid%3D2212547468948577%26set%3Da.243374109199266%26type%3D3&#038;show_text=false&#038;width=500\" width=\"500\" height=\"766\" style=\"border:none;overflow:hidden\" scrolling=\"no\" frameborder=\"0\" allowfullscreen=\"true\" allow=\"autoplay; clipboard-write; encrypted-media; picture-in-picture; web-share\" 0=\"\/iframe\" class=\"iframe-class\"><\/iframe>\n<\/div>\n<div dir=\"auto\"><\/div>\n<div dir=\"auto\">El <a class=\"x1i10hfl xjbqb8w x6umtig x1b1mbwd xaqea5y xav7gou x9f619 x1ypdohk xt0psk2 xe8uvvx xdj266r x11i5rnm xat24cr x1mh8g0r xexx8yu x4uap5 x18d9i69 xkhd6sd x16tdsg8 x1hl2dhg xggy1nq x1a2a7pz xt0b8zv x1qq9wsj xo1l8bm\" role=\"link\" href=\"https:\/\/www.facebook.com\/Parquedelaprehistoria\/?__cft__[0]=AZVIcOS6gUVia9iGZUQQbIlRqAsLBgMkHL_Dux-xfa_6ycNzXXDOBXtMpNKHFLPylypeAvaTiiCDINKbreuFIt1j9p-TOGsY5ulF1Wn82cjIaPH6Ef-_7yfptfid3wm5kHqbk5jIFHgBCpsXpl3npDjdMdyxxtSfm48mbbsLRmu9wgLFLH_YgePdSwDaqEtZPBE4N__A4CJ9b3CeUb_7v-y5&amp;__tn__=kK-y-R\"><span class=\"xt0psk2\">Parque de la Prehistoria de Teverga<\/span><\/a>, a tres kil\u00f3metros y mediu de la capital del conceyu Teberga, en Samart\u00edn.<\/div>\n<ul>\n<li><a href=\"http:\/\/www.parquedelaprehistoria.es\">Web<\/a> \/ <a href=\"https:\/\/www.facebook.com\/Parquedelaprehistoria\/\">Facebook<\/a> \/<a href=\"https:\/\/scontent-mad1-1.xx.fbcdn.net\/v\/t39.30808-6\/342974678_776939863835864_2627066419548893200_n.jpg?_nc_cat=101&amp;ccb=1-7&amp;_nc_sid=730e14&amp;_nc_ohc=TO7EsPx9gqkAX9p6qlT&amp;_nc_ht=scontent-mad1-1.xx&amp;oh=00_AfDYrhEXLzU0fQe6QBVH9_ADUZanS47w9Vvqyrfpba3aIQ&amp;oe=644D99DB\"> cartelu 1<\/a> \/ <a href=\"https:\/\/scontent-mad1-1.xx.fbcdn.net\/v\/t39.30808-6\/342995294_945288816505590_679269731594545954_n.jpg?_nc_cat=107&amp;ccb=1-7&amp;_nc_sid=730e14&amp;_nc_ohc=OJZTNq8GXGUAX-s3gmy&amp;_nc_ht=scontent-mad1-1.xx&amp;oh=00_AfDSCOuTfPWEfIpFGnlnoRy5SHPpjsYdLLxKKh1AEkh_yA&amp;oe=644C65AE\">cartelu 2<\/a><\/li>\n<li><a href=\"https:\/\/l.facebook.com\/l.php?u=http%3A%2F%2Fparquedelaprehistoria.es%2Fuploads%2Fdocumentos%2Fparqueprehteverga_itinerario_web_ast.pdf%3Ffbclid%3DIwAR3fOFAZ7TRx2VACzyziNPwftnREC_ZZlHU8u4-Fe1NuXO4k81kRl370eSg&amp;h=AT10sk5qfYh-KMUSJd6IIkKYTu063bhX6BsCkKVL08fhNcLL9YLxccPWO_dNAnVgfWjFnMGlkWRfSSv-rIvPzGXqgEsXkJBRIDVmgKiYLjBSXdEiJ3lU8PT0CLbrVi8TSCM\">Decarga&#8217;l material en pdf<\/a><\/li>\n<\/ul>\n<div dir=\"auto\"><!--more--><\/div>\n<div dir=\"auto\"><strong>Ofrez a la xente que lu visita, n&#8217;asturianu:<\/strong><\/div>\n<\/div>\n<div class=\"x11i5rnm xat24cr x1mh8g0r x1vvkbs xtlvy1s x126k92a\">\n<div dir=\"auto\"><span class=\"x3nfvp2 x1j61x8r x1fcty0u xdj266r xhhsvwb xat24cr xgzva0m xxymvpz xlup9mm x1kky2od\"><img loading=\"lazy\" decoding=\"async\" src=\"https:\/\/static.xx.fbcdn.net\/images\/emoji.php\/v9\/taa\/1.5\/16\/1f449.png\" alt=\"?\" width=\"16\" height=\"16\" \/><\/span>Paneles esteriores de los zarros d&#8217;animales<\/div>\n<div dir=\"auto\"><span class=\"x3nfvp2 x1j61x8r x1fcty0u xdj266r xhhsvwb xat24cr xgzva0m xxymvpz xlup9mm x1kky2od\"><img loading=\"lazy\" decoding=\"async\" src=\"https:\/\/static.xx.fbcdn.net\/images\/emoji.php\/v9\/taa\/1.5\/16\/1f449.png\" alt=\"?\" width=\"16\" height=\"16\" \/><\/span>Paneles esteriores del horru<\/div>\n<div dir=\"auto\"><span class=\"x3nfvp2 x1j61x8r x1fcty0u xdj266r xhhsvwb xat24cr xgzva0m xxymvpz xlup9mm x1kky2od\"><img loading=\"lazy\" decoding=\"async\" src=\"https:\/\/static.xx.fbcdn.net\/images\/emoji.php\/v9\/taa\/1.5\/16\/1f449.png\" alt=\"?\" width=\"16\" height=\"16\" \/><\/span>Paneles esteriores de bienllegada tanto pela entrada principal como pel accesu de la sienda del osu<\/div>\n<div dir=\"auto\"><span class=\"x3nfvp2 x1j61x8r x1fcty0u xdj266r xhhsvwb xat24cr xgzva0m xxymvpz xlup9mm x1kky2od\"><img loading=\"lazy\" decoding=\"async\" src=\"https:\/\/static.xx.fbcdn.net\/images\/emoji.php\/v9\/taa\/1.5\/16\/1f449.png\" alt=\"?\" width=\"16\" height=\"16\" \/><\/span>Paneles de la \u00abCueva de Cueves\u00bb<\/div>\n<div dir=\"auto\"><span class=\"x3nfvp2 x1j61x8r x1fcty0u xdj266r xhhsvwb xat24cr xgzva0m xxymvpz xlup9mm x1kky2od\"><img loading=\"lazy\" decoding=\"async\" src=\"https:\/\/static.xx.fbcdn.net\/images\/emoji.php\/v9\/taa\/1.5\/16\/1f449.png\" alt=\"?\" width=\"16\" height=\"16\" \/><\/span>V\u00eddeos de la \u00abCueva de Cueves\u00bb<\/div>\n<div dir=\"auto\"><span class=\"x3nfvp2 x1j61x8r x1fcty0u xdj266r xhhsvwb xat24cr xgzva0m xxymvpz xlup9mm x1kky2od\"><img loading=\"lazy\" decoding=\"async\" src=\"https:\/\/static.xx.fbcdn.net\/images\/emoji.php\/v9\/taa\/1.5\/16\/1f449.png\" alt=\"?\" width=\"16\" height=\"16\" \/><\/span>Paneles de la \u00abGaler\u00eda\u00bb<\/div>\n<div dir=\"auto\"><span class=\"x3nfvp2 x1j61x8r x1fcty0u xdj266r xhhsvwb xat24cr xgzva0m xxymvpz xlup9mm x1kky2od\"><img loading=\"lazy\" decoding=\"async\" src=\"https:\/\/static.xx.fbcdn.net\/images\/emoji.php\/v9\/taa\/1.5\/16\/1f449.png\" alt=\"?\" width=\"16\" height=\"16\" \/><\/span>Paneles del itinerariu de flora y fauna con un QR pa consultalos n&#8217;asturianu<\/div>\n<div dir=\"auto\"><span class=\"x3nfvp2 x1j61x8r x1fcty0u xdj266r xhhsvwb xat24cr xgzva0m xxymvpz xlup9mm x1kky2od\"><img loading=\"lazy\" decoding=\"async\" src=\"https:\/\/static.xx.fbcdn.net\/images\/emoji.php\/v9\/taa\/1.5\/16\/1f449.png\" alt=\"?\" width=\"16\" height=\"16\" \/><\/span>Gu\u00eda de mano<\/div>\n<div dir=\"auto\"><span class=\"x3nfvp2 x1j61x8r x1fcty0u xdj266r xhhsvwb xat24cr xgzva0m xxymvpz xlup9mm x1kky2od\"><img loading=\"lazy\" decoding=\"async\" src=\"https:\/\/static.xx.fbcdn.net\/images\/emoji.php\/v9\/taa\/1.5\/16\/1f449.png\" alt=\"?\" width=\"16\" height=\"16\" \/><\/span>Folletu de los zarros d&#8217;animales<\/div>\n<div dir=\"auto\"><span class=\"x3nfvp2 x1j61x8r x1fcty0u xdj266r xhhsvwb xat24cr xgzva0m xxymvpz xlup9mm x1kky2od\"><img loading=\"lazy\" decoding=\"async\" src=\"https:\/\/static.xx.fbcdn.net\/images\/emoji.php\/v9\/taa\/1.5\/16\/1f449.png\" alt=\"?\" width=\"16\" height=\"16\" \/><\/span>Mapa de los rincones del osu<\/div>\n<div dir=\"auto\"><span class=\"x3nfvp2 x1j61x8r x1fcty0u xdj266r xhhsvwb xat24cr xgzva0m xxymvpz xlup9mm x1kky2od\"><img loading=\"lazy\" decoding=\"async\" src=\"https:\/\/static.xx.fbcdn.net\/images\/emoji.php\/v9\/taa\/1.5\/16\/1f449.png\" alt=\"?\" width=\"16\" height=\"16\" \/><\/span>Web<\/div>\n<div dir=\"auto\"><span class=\"x3nfvp2 x1j61x8r x1fcty0u xdj266r xhhsvwb xat24cr xgzva0m xxymvpz xlup9mm x1kky2od\"><img loading=\"lazy\" decoding=\"async\" src=\"https:\/\/static.xx.fbcdn.net\/images\/emoji.php\/v9\/taa\/1.5\/16\/1f449.png\" alt=\"?\" width=\"16\" height=\"16\" \/><\/span>Audiogu\u00eda<\/div>\n<\/div>\n<div class=\"x11i5rnm xat24cr x1mh8g0r x1vvkbs xtlvy1s x126k92a\">\n<div dir=\"auto\">Acciones como esta formen parte del llabor que lleva alantre la Conseyer\u00eda de Cultura, Pol\u00edtica Lling\u00fc\u00edstica y Turismu de se\u00f1alizar los sos equipamientos n&#8217;asturianu de manera progresiva (una gran parte y\u00e1 lo t\u00e1n)<\/div>\n<div dir=\"auto\" style=\"text-align: center\"><a href=\"http:\/\/www.parquedelaprehistoria.es\/images\/NOTICIAS.jpg\"><img loading=\"lazy\" decoding=\"async\" class=\"aligncenter size-full\" src=\"http:\/\/www.parquedelaprehistoria.es\/images\/NOTICIAS.jpg\" width=\"1170\" height=\"600\" \/><\/a><\/div>\n<\/div>\n<\/div>\n<\/div>\n<\/div>\n<\/div>\n<\/div>\n<p>&nbsp;<\/p>\n","protected":false},"excerpt":{"rendered":"<p>El Parque de la Prehistoria de Teverga, a tres kil\u00f3metros y mediu de la capital del conceyu Teberga, en Samart\u00edn. Web \/ Facebook \/ cartelu 1 \/ cartelu 2 Decarga&#8217;l material en pdf<\/p>\n","protected":false},"author":117,"featured_media":0,"comment_status":"open","ping_status":"open","sticky":false,"template":"","format":"standard","meta":{"footnotes":""},"categories":[291],"tags":[],"class_list":["post-18713","post","type-post","status-publish","format-standard","hentry","category-parques"],"_links":{"self":[{"href":"https:\/\/edublog.educastur.es\/ixuxu\/wp-json\/wp\/v2\/posts\/18713","targetHints":{"allow":["GET"]}}],"collection":[{"href":"https:\/\/edublog.educastur.es\/ixuxu\/wp-json\/wp\/v2\/posts"}],"about":[{"href":"https:\/\/edublog.educastur.es\/ixuxu\/wp-json\/wp\/v2\/types\/post"}],"author":[{"embeddable":true,"href":"https:\/\/edublog.educastur.es\/ixuxu\/wp-json\/wp\/v2\/users\/117"}],"replies":[{"embeddable":true,"href":"https:\/\/edublog.educastur.es\/ixuxu\/wp-json\/wp\/v2\/comments?post=18713"}],"version-history":[{"count":2,"href":"https:\/\/edublog.educastur.es\/ixuxu\/wp-json\/wp\/v2\/posts\/18713\/revisions"}],"predecessor-version":[{"id":18715,"href":"https:\/\/edublog.educastur.es\/ixuxu\/wp-json\/wp\/v2\/posts\/18713\/revisions\/18715"}],"wp:attachment":[{"href":"https:\/\/edublog.educastur.es\/ixuxu\/wp-json\/wp\/v2\/media?parent=18713"}],"wp:term":[{"taxonomy":"category","embeddable":true,"href":"https:\/\/edublog.educastur.es\/ixuxu\/wp-json\/wp\/v2\/categories?post=18713"},{"taxonomy":"post_tag","embeddable":true,"href":"https:\/\/edublog.educastur.es\/ixuxu\/wp-json\/wp\/v2\/tags?post=18713"}],"curies":[{"name":"wp","href":"https:\/\/api.w.org\/{rel}","templated":true}]}}