{"id":18718,"date":"2023-04-25T11:00:32","date_gmt":"2023-04-25T09:00:32","guid":{"rendered":"https:\/\/edublog.educastur.es\/ixuxu\/?p=18718"},"modified":"2023-04-25T12:54:45","modified_gmt":"2023-04-25T10:54:45","slug":"selmana-europea-de-la-vacunacion-del-23-29-dabril","status":"publish","type":"post","link":"https:\/\/edublog.educastur.es\/ixuxu\/2023\/04\/selmana-europea-de-la-vacunacion-del-23-29-dabril\/","title":{"rendered":"Selmana Europea de la vacunaci\u00f3n, del 23-29 d&#8217;abril"},"content":{"rendered":"<ul>\n<li><a href=\"https:\/\/www.who.int\/europe\/news-room\/events\/item\/2023\/04\/23\/default-calendar\/european-immunization-week-2023?fbclid=IwAR0QZbVvuPUb9q1deKujwuzRl9wAk1eqnoMDF_biYBgBABc0neNLaNPPjpc\">Selmana Europea de la inmunizaci\u00f3n<\/a> \/ C<a href=\"https:\/\/vacunasaep.org\/\">omit\u00e9 Asesor de vacunes<\/a><\/li>\n<\/ul>\n<blockquote>\n<p style=\"text-align: center\"><span style=\"color: #ffffff;font-size: 28px;background-color: #008080\"><em><strong>Les vacunes salven vides<\/strong><\/em><\/span><\/p>\n<\/blockquote>\n<p style=\"text-align: center\"><a href=\"https:\/\/www.astursalud.es\/noticias\/-\/noticias\/calendario-2023-vacunacion-infantil-del-principado-de-asturias\"><img loading=\"lazy\" decoding=\"async\" class=\"aligncenter\" src=\"https:\/\/www.astursalud.es\/documents\/35439\/37248\/Calendario+de+vacunaci%C3%B3n+2023_550.jpg\/b9715ae1-8466-c73f-3508-c8f22e3203a5?t=1678971503664\" alt=\"\" width=\"550\" height=\"389\" \/><\/a><\/p>\n<ul>\n<li><a href=\"https:\/\/www.astursalud.es\/noticias\/-\/noticias\/calendario-2023-vacunacion-infantil-del-principado-de-asturias\"><strong>Asturies: calendariu vacunes<\/strong><\/a> \/ <a href=\"https:\/\/www.astursalud.es\/noticias\/-\/noticias\/programa-de-vacunaciones\"><strong>AsturSALUD<\/strong><\/a> \/<\/li>\n<li><a href=\"https:\/\/www.astursalud.es\/documents\/35439\/39153\/Calentario+Infantil+2023_BOPA.pdf\/7db85a90-0a0d-2bc4-54b6-b3b9ffa3aacd?t=1678972303241\" target=\"_blank\" rel=\"noopener\">Calendario de Vacunaci\u00f3n Infantil 2023. BOPA<\/a><\/li>\n<li><a href=\"https:\/\/www.astursalud.es\/documents\/35439\/39153\/Guia+tecnica+calendario+vacunaci%C3%B3n+2023+Asturias+final.pdf\/955bbeec-d8c6-9985-633d-5d8900d37d51?t=1678972364565\" target=\"_blank\" rel=\"noopener\">Gu\u00eda t\u00e9cnica Calendario de Vacunaci\u00f3n Infantil 2023. Cartel<\/a><\/li>\n<li><a href=\"https:\/\/www.astursalud.es\/documents\/35439\/39153\/Calendario+de+vacunaci%C3%B3n+2023.pdf\/7e85367b-94bd-6fba-aa12-aa1c4af7b3b4?t=1678972448881\" target=\"_blank\" rel=\"noopener\">Cartel Calendario de Vacunaci\u00f3n Infantil 2023<\/a><\/li>\n<\/ul>\n<p><!--more--><\/p>\n<p style=\"text-align: center\"><a href=\"https:\/\/vacunasaep.org\/sites\/vacunasaep.org\/files\/imagen_calendario_2023_correcta.jpg?1675846098\"><img loading=\"lazy\" decoding=\"async\" class=\"aligncenter size-full\" src=\"https:\/\/vacunasaep.org\/sites\/vacunasaep.org\/files\/imagen_calendario_2023_correcta.jpg?1675846098\" width=\"910\" height=\"1024\" \/><\/a><\/p>\n<p style=\"text-align: center\"><a href=\"https:\/\/vacunasaep.org\/sites\/vacunasaep.org\/files\/semana_europea_de_las_inmunizaciones_1_2023.jpg?1682314496\"><img loading=\"lazy\" decoding=\"async\" class=\"aligncenter size-full\" src=\"https:\/\/vacunasaep.org\/sites\/vacunasaep.org\/files\/semana_europea_de_las_inmunizaciones_1_2023.jpg?1682314496\" width=\"1200\" height=\"675\" \/><\/a><\/p>\n<p style=\"text-align: center\">\n<!-- iframe plugin v.6.0 wordpress.org\/plugins\/iframe\/ -->\n<iframe loading=\"lazy\" width=\"560\" height=\"315\" src=\"https:\/\/www.youtube.com\/embed\/VkjfHAaovg4\" title=\"Keeping your child safe through timely vaccination\" frameborder=\"0\" allow=\"accelerometer; autoplay; clipboard-write; encrypted-media; gyroscope; picture-in-picture; web-share\" 0=\"allowfullscreen\" 1=\"\/iframe\" scrolling=\"yes\" class=\"iframe-class\"><\/iframe>\n<\/p>\n<p>&nbsp;<\/p>\n<div class=\"field field-type-filefield field-field-static-adjuntos\">\n<div class=\"field-items\">\n<div class=\"field-item odd\">\n<div class=\"filefield-file clear-block\"><img decoding=\"async\" class=\"filefield-icon field-icon-application-pdf\" src=\"https:\/\/vacunasaep.org\/sites\/all\/modules\/extra\/filefield\/icons\/application-pdf.png\" alt=\"application\/pdf icon\" \/><a title=\"cav-aep_calendario-2023_final.pdf\" href=\"https:\/\/vacunasaep.org\/sites\/vacunasaep.org\/files\/cav-aep_calendario-2023_final_1.pdf\">Calendario de Inmunizaciones de la AEP. Razones y bases de las recomendaciones 2023(PDF 2,1 MB)<\/a><\/div>\n<\/div>\n<div class=\"field-item even\">\n<div class=\"filefield-file clear-block\"><img decoding=\"async\" class=\"filefield-icon field-icon-application-pdf\" src=\"https:\/\/vacunasaep.org\/sites\/all\/modules\/extra\/filefield\/icons\/application-pdf.png\" alt=\"application\/pdf icon\" \/><a title=\"calvacaep_2023_principal_solo_tabla_web.pdf\" href=\"https:\/\/vacunasaep.org\/sites\/vacunasaep.org\/files\/calvacaep_2023_principal_solo_tabla_web_0.pdf\">Calendario 2023 (solo tabla) (PDF 0,3 MB)<\/a><\/div>\n<\/div>\n<div class=\"field-item odd\">\n<div class=\"filefield-file clear-block\"><img decoding=\"async\" class=\"filefield-icon field-icon-application-pdf\" src=\"https:\/\/vacunasaep.org\/sites\/all\/modules\/extra\/filefield\/icons\/application-pdf.png\" alt=\"application\/pdf icon\" \/><a title=\"calvacaep-2023-acelerados-tablas-enero2023_web.pdf\" href=\"https:\/\/vacunasaep.org\/sites\/vacunasaep.org\/files\/calvacaep-2023-acelerados-tablas-enero2023_web_0.pdf\">Vacunaci\u00f3n de rescate (tablas) (PDF 0,6 MB)<\/a><\/div>\n<\/div>\n<\/div>\n<\/div>\n","protected":false},"excerpt":{"rendered":"<p>Selmana Europea de la inmunizaci\u00f3n \/ Comit\u00e9 Asesor de vacunes Les vacunes salven vides Asturies: calendariu vacunes \/ AsturSALUD \/ Calendario de Vacunaci\u00f3n Infantil 2023. BOPA Gu\u00eda t\u00e9cnica Calendario de Vacunaci\u00f3n Infantil 2023. Cartel Cartel Calendario de Vacunaci\u00f3n Infantil 2023<\/p>\n","protected":false},"author":117,"featured_media":0,"comment_status":"open","ping_status":"open","sticky":false,"template":"","format":"standard","meta":{"footnotes":""},"categories":[48,144],"tags":[],"class_list":["post-18718","post","type-post","status-publish","format-standard","hentry","category-salu","category-semana-de"],"_links":{"self":[{"href":"https:\/\/edublog.educastur.es\/ixuxu\/wp-json\/wp\/v2\/posts\/18718","targetHints":{"allow":["GET"]}}],"collection":[{"href":"https:\/\/edublog.educastur.es\/ixuxu\/wp-json\/wp\/v2\/posts"}],"about":[{"href":"https:\/\/edublog.educastur.es\/ixuxu\/wp-json\/wp\/v2\/types\/post"}],"author":[{"embeddable":true,"href":"https:\/\/edublog.educastur.es\/ixuxu\/wp-json\/wp\/v2\/users\/117"}],"replies":[{"embeddable":true,"href":"https:\/\/edublog.educastur.es\/ixuxu\/wp-json\/wp\/v2\/comments?post=18718"}],"version-history":[{"count":9,"href":"https:\/\/edublog.educastur.es\/ixuxu\/wp-json\/wp\/v2\/posts\/18718\/revisions"}],"predecessor-version":[{"id":18727,"href":"https:\/\/edublog.educastur.es\/ixuxu\/wp-json\/wp\/v2\/posts\/18718\/revisions\/18727"}],"wp:attachment":[{"href":"https:\/\/edublog.educastur.es\/ixuxu\/wp-json\/wp\/v2\/media?parent=18718"}],"wp:term":[{"taxonomy":"category","embeddable":true,"href":"https:\/\/edublog.educastur.es\/ixuxu\/wp-json\/wp\/v2\/categories?post=18718"},{"taxonomy":"post_tag","embeddable":true,"href":"https:\/\/edublog.educastur.es\/ixuxu\/wp-json\/wp\/v2\/tags?post=18718"}],"curies":[{"name":"wp","href":"https:\/\/api.w.org\/{rel}","templated":true}]}}