{"id":18753,"date":"2023-04-25T17:50:33","date_gmt":"2023-04-25T15:50:33","guid":{"rendered":"https:\/\/edublog.educastur.es\/ixuxu\/?p=18753"},"modified":"2023-04-25T20:07:19","modified_gmt":"2023-04-25T18:07:19","slug":"mapa-del-reinu-dasturies","status":"publish","type":"post","link":"https:\/\/edublog.educastur.es\/ixuxu\/2023\/04\/mapa-del-reinu-dasturies\/","title":{"rendered":"Mapa del Reinu d&#8217;Asturies VIII-IX"},"content":{"rendered":"<p style=\"text-align: center\">\n<!-- iframe plugin v.6.0 wordpress.org\/plugins\/iframe\/ -->\n<iframe loading=\"lazy\" src=\"https:\/\/www.facebook.com\/plugins\/post.php?href=https%3A%2F%2Fwww.facebook.com%2Fphoto.php%3Ffbid%3D1620650925121400%26set%3Da.859616381224862%26type%3D3&#038;show_text=false&#038;width=500\" width=\"500\" height=\"786\" style=\"border:none;overflow:hidden\" scrolling=\"no\" frameborder=\"0\" allowfullscreen=\"true\" allow=\"autoplay; clipboard-write; encrypted-media; picture-in-picture; web-share\" 0=\"\/iframe\" class=\"iframe-class\"><\/iframe>\n<\/p>\n<p><span class=\"x193iq5w xeuugli x13faqbe x1vvkbs x1xmvt09 x1lliihq x1s928wv xhkezso x1gmr53x x1cpjm7i x1fgarty x1943h6x xudqn12 x3x7a5m x1f6kntn xvq8zen xo1l8bm xzsf02u\" dir=\"auto\">Mapa de Jos\u00e9 Avelino Gutierrez Gonzalez del Reinu d&#8217;Asturies, qu&#8217;he colori\u00e1u y decor\u00e1u con figures para entreteneme. El mapa orixinal apaez nel art\u00edculu del cit\u00e1u autor titul\u00e1u <strong><span style=\"color: #008080\">\u201cAportaciones de l&#8217;Arqueolox\u00eda al estudiu del Reinu d&#8217;Asturies\u201d<\/span> <\/strong>Nueves Visiones del Reinu d&#8217;Asturies: actes del Congresu Internacional\/coord. por Javier Rodr\u00edguez Mu\u00f1oz, 2020, p\u00e1gs. 301-321 (<a class=\"x1i10hfl xjbqb8w x6umtig x1b1mbwd xaqea5y xav7gou x9f619 x1ypdohk xt0psk2 xe8uvvx xdj266r x11i5rnm xat24cr x1mh8g0r xexx8yu x4uap5 x18d9i69 xkhd6sd x16tdsg8 x1hl2dhg xggy1nq x1a2a7pz xt0b8zv x1fey0fg\" role=\"link\" href=\"https:\/\/www.researchgate.net\/publication\/350358243_Aportaciones_de_la_Arqueologia_al_estudio_del_reino_de_Asturias?fbclid=IwAR2UzgXrRcLwT7XNB9bqJRiw-HzvxopZP3NlkaLF20qHp3EGhEtZ-zAtXmg\" target=\"_blank\" rel=\"nofollow noopener\">https:\/\/www.researchgate.net\/&#8230;\/350358243_Aportaciones&#8230;<\/a>).<\/span><\/p>\n","protected":false},"excerpt":{"rendered":"<p>Mapa de Jos\u00e9 Avelino Gutierrez Gonzalez del Reinu d&#8217;Asturies, qu&#8217;he colori\u00e1u y decor\u00e1u con figures para entreteneme. El mapa orixinal apaez nel art\u00edculu del cit\u00e1u autor titul\u00e1u \u201cAportaciones de l&#8217;Arqueolox\u00eda al estudiu del Reinu d&#8217;Asturies\u201d Nueves Visiones del Reinu d&#8217;Asturies: actes del Congresu Internacional\/coord. por Javier Rodr\u00edguez Mu\u00f1oz, 2020, p\u00e1gs. 301-321 (https:\/\/www.researchgate.net\/&#8230;\/350358243_Aportaciones&#8230;).<\/p>\n","protected":false},"author":117,"featured_media":0,"comment_status":"open","ping_status":"open","sticky":false,"template":"","format":"standard","meta":{"footnotes":""},"categories":[206,19],"tags":[],"class_list":["post-18753","post","type-post","status-publish","format-standard","hentry","category-arqueoloxia","category-asturies"],"_links":{"self":[{"href":"https:\/\/edublog.educastur.es\/ixuxu\/wp-json\/wp\/v2\/posts\/18753","targetHints":{"allow":["GET"]}}],"collection":[{"href":"https:\/\/edublog.educastur.es\/ixuxu\/wp-json\/wp\/v2\/posts"}],"about":[{"href":"https:\/\/edublog.educastur.es\/ixuxu\/wp-json\/wp\/v2\/types\/post"}],"author":[{"embeddable":true,"href":"https:\/\/edublog.educastur.es\/ixuxu\/wp-json\/wp\/v2\/users\/117"}],"replies":[{"embeddable":true,"href":"https:\/\/edublog.educastur.es\/ixuxu\/wp-json\/wp\/v2\/comments?post=18753"}],"version-history":[{"count":2,"href":"https:\/\/edublog.educastur.es\/ixuxu\/wp-json\/wp\/v2\/posts\/18753\/revisions"}],"predecessor-version":[{"id":18755,"href":"https:\/\/edublog.educastur.es\/ixuxu\/wp-json\/wp\/v2\/posts\/18753\/revisions\/18755"}],"wp:attachment":[{"href":"https:\/\/edublog.educastur.es\/ixuxu\/wp-json\/wp\/v2\/media?parent=18753"}],"wp:term":[{"taxonomy":"category","embeddable":true,"href":"https:\/\/edublog.educastur.es\/ixuxu\/wp-json\/wp\/v2\/categories?post=18753"},{"taxonomy":"post_tag","embeddable":true,"href":"https:\/\/edublog.educastur.es\/ixuxu\/wp-json\/wp\/v2\/tags?post=18753"}],"curies":[{"name":"wp","href":"https:\/\/api.w.org\/{rel}","templated":true}]}}