{"id":18772,"date":"2023-04-27T09:00:08","date_gmt":"2023-04-27T07:00:08","guid":{"rendered":"https:\/\/edublog.educastur.es\/ixuxu\/?p=18772"},"modified":"2023-04-30T20:11:08","modified_gmt":"2023-04-30T18:11:08","slug":"meryl-streep-premiu-princesa-dasturies-de-les-artes","status":"publish","type":"post","link":"https:\/\/edublog.educastur.es\/ixuxu\/2023\/04\/meryl-streep-premiu-princesa-dasturies-de-les-artes\/","title":{"rendered":"Meryl Streep, Premiu Princesa d\u2019Asturies de les Artes"},"content":{"rendered":"<ul>\n<li>Fonte: <a href=\"https:\/\/xixonaldia.com\/meryl-streep-premiu-princesa-dasturies-de-les-artes\/?fbclid=IwAR2DKWSmpl9roLdLE-UJ-TdsTGC15pJdlHLUJu4NWYfA6LkIjJ5myq44lts\">Xix\u00f3n al d\u00eda<\/a> \/ <a href=\"https:\/\/www.rtpa.es\/noticias-sociedad:Meryl-Streep,-Princesa-de-las-Artes_111682504667.html?fbclid=IwAR14Tyw46yH7cRWSmsYfC4Z3mPv_i1HyMtX8A_vnJMbqHd1TdzM621iTJWY\">RTPA<\/a> \/<\/li>\n<li><a href=\"https:\/\/www.fpa.es\/es\/?fbclid=IwAR2DKWSmpl9roLdLE-UJ-TdsTGC15pJdlHLUJu4NWYfA6LkIjJ5myq44lts\">FPA: web<\/a> \/ f<a href=\"https:\/\/www.facebook.com\/fpa\">acebook<\/a> \/<a href=\"https:\/\/www.facebook.com\/photo?fbid=620070153499406&amp;set=a.485267683646321\"> Comunic\u00e1u<\/a> \/ <a href=\"https:\/\/www.facebook.com\/photo\/?fbid=620304860142602&amp;set=a.485267683646321\">Actriz<\/a> \/ <a href=\"https:\/\/www.fpa.es\/es\/premios-princesa-de-asturias\/premiados\/2023-meryl-streep.html?texto=trayectoria&amp;especifica=0&amp;fbclid=IwAR1o_OFFTtHwhjMufrIzoEKzWuv98ZfOkhdTAB8ZFpj_UXd1Dv31IoKyl7A\">Nota<\/a><\/li>\n<\/ul>\n<p style=\"text-align: center\">\n<!-- iframe plugin v.6.0 wordpress.org\/plugins\/iframe\/ -->\n<iframe loading=\"lazy\" src=\"https:\/\/www.facebook.com\/plugins\/post.php?href=https%3A%2F%2Fwww.facebook.com%2Ffpa%2Fposts%2Fpfbid0GRu92Ls9ZL4T4PasEi7XifBozaYDTRXacNJ2GEQidNvYvLn4aLZswXKGcejtgqhol&#038;show_text=false&#038;width=500\" width=\"500\" height=\"498\" style=\"border:none;overflow:hidden\" scrolling=\"no\" frameborder=\"0\" allowfullscreen=\"true\" allow=\"autoplay; clipboard-write; encrypted-media; picture-in-picture; web-share\" 0=\"\/iframe\" class=\"iframe-class\"><\/iframe>\n<\/p>\n<div class=\"td-post-header td-container\">\n<div class=\"td-post-header-holder td-image-gradient\">\n<header class=\"td-post-title\">\n<h1 class=\"entry-title\"><span style=\"font-size: 14px\">L\u2019actriz estadounidense Meryl Streep foi galardonada col Premiu Princesa d\u2019Asturies de les Artes 2023, seg\u00fan fixo p\u00fablicu g\u00fcei n\u2019Uvi\u00e9u\u2019l xur\u00e1u encarg\u00e1u de la so concesi\u00f3n.<\/span><\/h1>\n<\/header>\n<\/div>\n<\/div>\n<div class=\"td-container\">\n<div class=\"td-pb-row\">\n<div class=\"td-pb-span8 td-main-content\" role=\"main\">\n<div class=\"td-ss-main-content\">\n<div class=\"td-post-content tagdiv-type\">\n<p><!--more--><\/p>\n<p style=\"text-align: center\">\n<!-- iframe plugin v.6.0 wordpress.org\/plugins\/iframe\/ -->\n<iframe loading=\"lazy\" src=\"https:\/\/www.facebook.com\/plugins\/post.php?href=https%3A%2F%2Fwww.facebook.com%2Ffpa%2Fposts%2Fpfbid0ELEraa6DMY9442FrLMLdbANq1PCGUPTbgmG5MXUMueitiQCGVKkSxn1V75uAVwyZl&#038;show_text=false&#038;width=500\" width=\"500\" height=\"498\" style=\"border:none;overflow:hidden\" scrolling=\"no\" frameborder=\"0\" allowfullscreen=\"true\" allow=\"autoplay; clipboard-write; encrypted-media; picture-in-picture; web-share\" 0=\"\/iframe\" class=\"iframe-class\"><\/iframe>\n<\/p>\n<p>El xur\u00e1u d\u2019esti Premiu convoc\u00e1u pola Fundaci\u00f3n Princesa d\u2019Asturies\u2014 tuvo presid\u00edu por Miguel Zugaza Miranda ya integr\u00e1u por Claude Bussac, Mar\u00eda de Corral L\u00f3pez-D\u00f3riga, Josep Maria Flotats i Piques, Dionisio Gonz\u00e1lez Romero, Cayetana Guill\u00e9n Cuervo, Sergio Guti\u00e9rrez S\u00e1nchez, Maribel L\u00f3pez Zambrana, Antonio Lucas Herrero, Joan Matabosch Grifoll, Helena Pimenta Hern\u00e1ndez, Sandra Rotondo Urcola, Martha Thorne, Rosa Torres-Pardo, Patricia Urquiola Hidalgo, Carlos Urroz Arancibia, Tadanori Yamaguchi y Aar\u00f3n Zapico Bra\u00f1a (secretariu del xur\u00e1u).<\/p>\n<p style=\"text-align: center\"><a href=\"https:\/\/www.fpa.es\/recursos\/premiados2\/24-ms.webp\"><img loading=\"lazy\" decoding=\"async\" class=\"aligncenter size-full\" src=\"https:\/\/www.fpa.es\/recursos\/premiados2\/24-ms.webp\" width=\"865\" height=\"315\" \/><\/a><\/p>\n<p style=\"text-align: center\"><a href=\"https:\/\/www.facebook.com\/photo?fbid=620135666826188&amp;set=a.485267683646321\">Esta candidatura foi propuesta por Pedro Almod\u00f3var, Premio Pr\u00edncipe d\u2019Asturies de les Artes 2006.<\/a><\/p>\n<p style=\"text-align: center\">\n<!-- iframe plugin v.6.0 wordpress.org\/plugins\/iframe\/ -->\n<iframe loading=\"lazy\" src=\"https:\/\/www.facebook.com\/plugins\/post.php?href=https%3A%2F%2Fwww.facebook.com%2Ffpa%2Fposts%2Fpfbid0wPnTQ9bWK2PtBoVjPh2SyAXzBE5rzTU5KBKzNsZHVYS92rqs2p4e62ogaZHZ3cjGl&#038;show_text=false&#038;width=500\" width=\"500\" height=\"498\" style=\"border:none;overflow:hidden\" scrolling=\"no\" frameborder=\"0\" allowfullscreen=\"true\" allow=\"autoplay; clipboard-write; encrypted-media; picture-in-picture; web-share\" 0=\"\/iframe\" class=\"iframe-class\"><\/iframe>\n<\/p>\n<p>Nacida en Summit (EE. UU.) el 22 de xunu de 1949, Mary Louise Streep, conocida como Meryl Streep, empez\u00f3 los sos estudios art\u00edsticos a los dolce a\u00f1os coles clases de cantar y y\u00e1 nel institutu sum\u00f3 les d\u2019interpretaci\u00f3n. Graduada pol Vassar College (1971) y la Escuela d\u2019Arte Dram\u00e1ticu de Yale (1975), Streep empez\u00f3 la so carrera nos teatros neoyorquinos y actu\u00f3 en delles producciones de Broadway, incluy\u00edu\u2019l reestrenu en 1977 del drama d\u2019Ant\u00f3n Ch\u00e9jov El xard\u00edn de les zrezales.<\/p>\n<p style=\"text-align: center\">Con tr\u00e9s premios Oscar, ocho Globos d\u2019Oru, dos BAFTA y tr\u00e9s Emmy, tres m\u00e1s de cuarenta a\u00f1os de carrera como actriz, Meryl Streep ta considerada como una de les meyores actrices contemporanees. Conocida sobre manera polos sos papeles nel cine, destac\u00f3 pola so caracter\u00edstica versatilidad, que se sofita, seg\u00fan la cr\u00edtica, n\u2019una estraordinaria capacid\u00e1 pa interpretar una gran varied\u00e1 de personaxes y reproducir distintos acentos. Tien el r\u00e9cord absolutu de nominaciones a los premios Oscar (21) y Globos d\u2019Oru (32) y ye una de les dos actrices vives que llogr\u00f3\u2019l galard\u00f3n de l\u2019academia estadounidense en tr\u00e9s ocasiones.<\/p>\n<p><a href=\"https:\/\/www.youtube.com\/watch?v=imkMgjgRoEI\">\u00abKaren\u00bb en Memories d&#8217;\u00c1frica<\/a><\/p>\n<p style=\"text-align: center\">\n<!-- iframe plugin v.6.0 wordpress.org\/plugins\/iframe\/ -->\n<iframe loading=\"lazy\" width=\"100%\" height=\"395\" src=\"https:\/\/www.youtube.com\/embed\/\" 0=\"\/iframe\" scrolling=\"yes\" class=\"iframe-class\" frameborder=\"0\"><\/iframe>\n<\/p>\n\n<!-- iframe plugin v.6.0 wordpress.org\/plugins\/iframe\/ -->\n<iframe loading=\"lazy\" width=\"100%\" height=\"395\" src=\"https:\/\/www.youtube.com\/embed\/WMIiiCHQrSQ\" title=\"Memorias de Africa - Volando Sobre Africa \/\/ Out of Africa - Flying over Africa\" frameborder=\"0\" allow=\"accelerometer; autoplay; clipboard-write; encrypted-media; gyroscope; picture-in-picture; web-share\" 0=\"allowfullscreen\" 1=\"\/iframe\" scrolling=\"yes\" class=\"iframe-class\"><\/iframe>\n\n<p style=\"text-align: center\"><span style=\"color: #008080\">BSO de <strong>Memories d&#8217;\u00c1frica<\/strong><\/span><\/p>\n<\/div>\n<p style=\"text-align: center\">\n<!-- iframe plugin v.6.0 wordpress.org\/plugins\/iframe\/ -->\n<iframe loading=\"lazy\" width=\"697\" height=\"523\" src=\"https:\/\/www.youtube.com\/embed\/8zFgRPwWPwk\" title=\"B S O Memorias de \u00c1frica\" frameborder=\"0\" allow=\"accelerometer; autoplay; clipboard-write; encrypted-media; gyroscope; picture-in-picture; web-share\" 0=\"allowfullscreen\" 1=\"\/iframe\" scrolling=\"yes\" class=\"iframe-class\"><\/iframe>\n<\/p>\n<p>&nbsp;<\/p>\n<\/div>\n<\/div>\n<\/div>\n<\/div>\n<p>&nbsp;<\/p>\n","protected":false},"excerpt":{"rendered":"<p>Fonte: Xix\u00f3n al d\u00eda \/ RTPA \/ FPA: web \/ facebook \/ Comunic\u00e1u \/ Actriz \/ Nota L\u2019actriz estadounidense Meryl Streep foi galardonada col Premiu Princesa d\u2019Asturies de les Artes 2023, seg\u00fan fixo p\u00fablicu g\u00fcei n\u2019Uvi\u00e9u\u2019l xur\u00e1u encarg\u00e1u de la so concesi\u00f3n.<\/p>\n","protected":false},"author":117,"featured_media":0,"comment_status":"open","ping_status":"open","sticky":false,"template":"","format":"standard","meta":{"footnotes":""},"categories":[28],"tags":[],"class_list":["post-18772","post","type-post","status-publish","format-standard","hentry","category-premios-princesa-da"],"_links":{"self":[{"href":"https:\/\/edublog.educastur.es\/ixuxu\/wp-json\/wp\/v2\/posts\/18772","targetHints":{"allow":["GET"]}}],"collection":[{"href":"https:\/\/edublog.educastur.es\/ixuxu\/wp-json\/wp\/v2\/posts"}],"about":[{"href":"https:\/\/edublog.educastur.es\/ixuxu\/wp-json\/wp\/v2\/types\/post"}],"author":[{"embeddable":true,"href":"https:\/\/edublog.educastur.es\/ixuxu\/wp-json\/wp\/v2\/users\/117"}],"replies":[{"embeddable":true,"href":"https:\/\/edublog.educastur.es\/ixuxu\/wp-json\/wp\/v2\/comments?post=18772"}],"version-history":[{"count":7,"href":"https:\/\/edublog.educastur.es\/ixuxu\/wp-json\/wp\/v2\/posts\/18772\/revisions"}],"predecessor-version":[{"id":18775,"href":"https:\/\/edublog.educastur.es\/ixuxu\/wp-json\/wp\/v2\/posts\/18772\/revisions\/18775"}],"wp:attachment":[{"href":"https:\/\/edublog.educastur.es\/ixuxu\/wp-json\/wp\/v2\/media?parent=18772"}],"wp:term":[{"taxonomy":"category","embeddable":true,"href":"https:\/\/edublog.educastur.es\/ixuxu\/wp-json\/wp\/v2\/categories?post=18772"},{"taxonomy":"post_tag","embeddable":true,"href":"https:\/\/edublog.educastur.es\/ixuxu\/wp-json\/wp\/v2\/tags?post=18772"}],"curies":[{"name":"wp","href":"https:\/\/api.w.org\/{rel}","templated":true}]}}