{"id":18781,"date":"2023-04-27T09:00:54","date_gmt":"2023-04-27T07:00:54","guid":{"rendered":"https:\/\/edublog.educastur.es\/ixuxu\/?p=18781"},"modified":"2023-04-27T19:22:18","modified_gmt":"2023-04-27T17:22:18","slug":"dia-deuropa-4","status":"publish","type":"post","link":"https:\/\/edublog.educastur.es\/ixuxu\/2023\/04\/dia-deuropa-4\/","title":{"rendered":"D\u00eda d&#8217;Europa, 9 de mayu"},"content":{"rendered":"<div class=\"\" dir=\"auto\">\n<div class=\"\" dir=\"auto\">\n<div class=\"x1iorvi4 x1pi30zi x1l90r2v x1swvt13\" data-ad-comet-preview=\"message\" data-ad-preview=\"message\">\n<div class=\"x78zum5 xdt5ytf xz62fqu x16ldp7u\">\n<div dir=\"auto\"><\/div>\n<div class=\"xu06os2 x1ok221b\">\n<div class=\"x11i5rnm xat24cr x1mh8g0r x1vvkbs xtlvy1s x126k92a\">\n<div dir=\"auto\">El <a href=\"https:\/\/spain.representation.ec.europa.eu\/noticias-eventos\/dia-de-europa_es\"><strong>D\u00eda d&#8217;Europa<\/strong><\/a>conmemora l&#8217;aniversariu de la Declaraci\u00f3n Schuman de 9 de mayu de 1950, que punxo a Europa nel cam\u00edn escontra la Uni\u00f3n Europea de g\u00fcei.<\/div>\n<\/div>\n<div dir=\"auto\" style=\"text-align: center\"><a href=\"https:\/\/spain.representation.ec.europa.eu\/sites\/default\/files\/styles\/oe_theme_medium_no_crop\/public\/2023-04\/Artboard%204.png?itok=bnvpw7Pp\"><img loading=\"lazy\" decoding=\"async\" class=\"aligncenter \" src=\"https:\/\/spain.representation.ec.europa.eu\/sites\/default\/files\/styles\/oe_theme_medium_no_crop\/public\/2023-04\/Artboard%204.png?itok=bnvpw7Pp\" width=\"479\" height=\"479\" \/><\/a><\/div>\n<ul>\n<li><a class=\"\" title=\"\u00bfQu\u00e9 es el Consejo?\" href=\"https:\/\/www.consilium.europa.eu\/es\/council-eu\/what-is-the-council\/\">\u00bfQu\u00e9 es el Consejo?<\/a><\/li>\n<li><a href=\"https:\/\/spain.representation.ec.europa.eu\/noticias-eventos\/dia-de-europa_es\">D\u00cdA DE EUROPA <\/a>\/<\/li>\n<li><a class=\"link-external at-external-click\" title=\"Enlace externo - D\u00eda de Europa 2023\" href=\"https:\/\/europeday.europa.eu\/index_es\">D\u00eda de Europa 2023<\/a><\/li>\n<\/ul>\n<p><!--more--><\/p>\n<ul>\n<li><a class=\"\" title=\"La UE explicada: publicaciones y v\u00eddeos\" href=\"https:\/\/www.consilium.europa.eu\/es\/documents-publications\/educational-resources-teach-learn-play\/the-eu-explained-publications-and-videos\/\">La UE explicada: publicaciones y v\u00eddeos<\/a><\/li>\n<li><a class=\"\" title=\"Recursos did\u00e1cticos para la educaci\u00f3n infantil y primaria\" href=\"https:\/\/www.consilium.europa.eu\/es\/documents-publications\/educational-resources-teach-learn-play\/teaching-and-learning-for-primary-education\/\">Recursos did\u00e1cticos para la educaci\u00f3n infantil y primaria<\/a><\/li>\n<li><a href=\"https:\/\/www.consilium.europa.eu\/es\/events\/europe-day-2023\">https:\/\/www.consilium.europa.eu\/es\/events\/europe-day-2023<\/a><\/li>\n<\/ul>\n<p style=\"text-align: center\"><a href=\"https:\/\/www.consilium.europa.eu\/media\/63406\/table-visual_horizontal.png\"><img loading=\"lazy\" decoding=\"async\" class=\"aligncenter size-full\" src=\"https:\/\/www.consilium.europa.eu\/media\/63406\/table-visual_horizontal.png\" width=\"2561\" height=\"1441\" \/><\/a><\/p>\n<div dir=\"auto\"><span style=\"color: #008080\">Ad\u00e9ntrate nel Conseyu de la UE nesti<a href=\"https:\/\/www.consilium.europa.eu\/es\/events\/europe-day-2023\"> D\u00eda d&#8217;Europa.<\/a><\/span><br \/>\nAfaya los nuesos xuegos de simulaci\u00f3n y m\u00e9tite na piel de los ministros y ministres nacionales. Vive de cerca&#8217;l funcionamientu del Conseyu de la UE al travi\u00e9s de visites virtuales, xuegos d&#8217;entrugues, v\u00eddeos \u00a1y muncho m\u00e1s!<\/div>\n<div dir=\"auto\">\n<aside class=\"ec-toc\">\n<ul class=\"ec-toc__list [ list-unstyled ]\">\n<li class=\"ec-toc__list-item\" data-toc=\"\"><a class=\"ec-toc__anchor\" href=\"https:\/\/www.consilium.europa.eu\/es\/events\/europe-day-2023\/?utm_source=facebook.com&amp;utm_medium=cpc&amp;utm_campaign=20230424-europe-day-experience-es&amp;utm_content=visual&amp;fbclid=IwAR31kSteiCwZe3hu3h37dLhWEFMR_yV_YsaS6cdHfdc0m7PeLFiF4CtD36Y#EUcraft\"> <span class=\"ec-toc__underline\"> EUcraft: videojuego de simulaci\u00f3n del Consejo <\/span> <\/a><\/li>\n<li class=\"ec-toc__list-item\" data-toc=\"\"><a class=\"ec-toc__anchor\" href=\"https:\/\/www.consilium.europa.eu\/es\/events\/europe-day-2023\/?utm_source=facebook.com&amp;utm_medium=cpc&amp;utm_campaign=20230424-europe-day-experience-es&amp;utm_content=visual&amp;fbclid=IwAR31kSteiCwZe3hu3h37dLhWEFMR_yV_YsaS6cdHfdc0m7PeLFiF4CtD36Y#spotify\"> <span class=\"ec-toc__underline\"> Escuche m\u00fasica de toda Europa en Spotify <\/span> <\/a><\/li>\n<li class=\"ec-toc__list-item\" data-toc=\"\"><a class=\"ec-toc__anchor\" href=\"https:\/\/www.consilium.europa.eu\/es\/events\/europe-day-2023\/?utm_source=facebook.com&amp;utm_medium=cpc&amp;utm_campaign=20230424-europe-day-experience-es&amp;utm_content=visual&amp;fbclid=IwAR31kSteiCwZe3hu3h37dLhWEFMR_yV_YsaS6cdHfdc0m7PeLFiF4CtD36Y#selfie\"> <span class=\"ec-toc__underline\"> H\u00e1gase un selfi en el Consejo <\/span> <\/a><\/li>\n<\/ul>\n<\/aside>\n<\/div>\n<div dir=\"auto\">\n<ul class=\"ec-toc__list [ list-unstyled ]\">\n<li class=\"ec-toc__list-item\" data-toc=\"\"><a class=\"ec-toc__anchor\" href=\"https:\/\/www.consilium.europa.eu\/es\/events\/europe-day-2023\/?utm_source=facebook.com&amp;utm_medium=cpc&amp;utm_campaign=20230424-europe-day-experience-es&amp;utm_content=visual&amp;fbclid=IwAR31kSteiCwZe3hu3h37dLhWEFMR_yV_YsaS6cdHfdc0m7PeLFiF4CtD36Y#learn\"><span class=\"ec-toc__underline\"> Descubrir: aprenda c\u00f3mo trabajan juntos los pa\u00edses en la UE <\/span><\/a><\/li>\n<li class=\"ec-toc__list-item\" data-toc=\"\"><a class=\"ec-toc__anchor\" href=\"https:\/\/www.consilium.europa.eu\/es\/events\/europe-day-2023\/?utm_source=facebook.com&amp;utm_medium=cpc&amp;utm_campaign=20230424-europe-day-experience-es&amp;utm_content=visual&amp;fbclid=IwAR31kSteiCwZe3hu3h37dLhWEFMR_yV_YsaS6cdHfdc0m7PeLFiF4CtD36Y#experience\"><span class=\"ec-toc__underline\"> Experimentar: m\u00e9tase en la piel de los ministros con nuestros juegos de simulaci\u00f3n <\/span><\/a><\/li>\n<li class=\"ec-toc__list-item\" data-toc=\"\"><a class=\"ec-toc__anchor\" href=\"https:\/\/www.consilium.europa.eu\/es\/events\/europe-day-2023\/?utm_source=facebook.com&amp;utm_medium=cpc&amp;utm_campaign=20230424-europe-day-experience-es&amp;utm_content=visual&amp;fbclid=IwAR31kSteiCwZe3hu3h37dLhWEFMR_yV_YsaS6cdHfdc0m7PeLFiF4CtD36Y#visit\"><span class=\"ec-toc__underline\"> Visitar el edificio Europa, en el que se re\u00fanen los dirigentes de la UE <\/span><\/a><\/li>\n<li data-toc=\"\"><a class=\"link-external at-external-click\" title=\"Enlace externo - El edificio Europa: donde late el continente (reportaje)\" href=\"https:\/\/www.consilium.europa.eu\/en\/europa-building-story\/\">El edificio Europa: donde late el continente (reportaje)<\/a><\/li>\n<\/ul>\n<\/div>\n<p style=\"text-align: center\">\n<!-- iframe plugin v.6.0 wordpress.org\/plugins\/iframe\/ -->\n<iframe loading=\"lazy\" src=\"https:\/\/audiovisual.ec.europa.eu\/embed\/index.html?ref=I-030391&#038;lg=INT\" id=\"videoplayer\" width=\"600\" height=\"338\" title=\"Robert Schuman declaration - 9th of May 1950 (2000)\" frameborder=\"0\" scrolling=\"no\" webkitallowfullscreen=\"true\" mozallowfullscreen=\"true\" allowfullscreen=\"true\" 0=\"\/iframe\" class=\"iframe-class\"><\/iframe>\n<\/p>\n<\/div>\n<\/div>\n<\/div>\n<\/div>\n<\/div>\n<p>&nbsp;<\/p>\n","protected":false},"excerpt":{"rendered":"<p>El D\u00eda d&#8217;Europaconmemora l&#8217;aniversariu de la Declaraci\u00f3n Schuman de 9 de mayu de 1950, que punxo a Europa nel cam\u00edn escontra la Uni\u00f3n Europea de g\u00fcei. \u00bfQu\u00e9 es el Consejo? D\u00cdA DE EUROPA \/ D\u00eda de Europa 2023<\/p>\n","protected":false},"author":117,"featured_media":0,"comment_status":"open","ping_status":"open","sticky":false,"template":"","format":"standard","meta":{"footnotes":""},"categories":[6],"tags":[],"class_list":["post-18781","post","type-post","status-publish","format-standard","hentry","category-dia-de"],"_links":{"self":[{"href":"https:\/\/edublog.educastur.es\/ixuxu\/wp-json\/wp\/v2\/posts\/18781","targetHints":{"allow":["GET"]}}],"collection":[{"href":"https:\/\/edublog.educastur.es\/ixuxu\/wp-json\/wp\/v2\/posts"}],"about":[{"href":"https:\/\/edublog.educastur.es\/ixuxu\/wp-json\/wp\/v2\/types\/post"}],"author":[{"embeddable":true,"href":"https:\/\/edublog.educastur.es\/ixuxu\/wp-json\/wp\/v2\/users\/117"}],"replies":[{"embeddable":true,"href":"https:\/\/edublog.educastur.es\/ixuxu\/wp-json\/wp\/v2\/comments?post=18781"}],"version-history":[{"count":4,"href":"https:\/\/edublog.educastur.es\/ixuxu\/wp-json\/wp\/v2\/posts\/18781\/revisions"}],"predecessor-version":[{"id":18785,"href":"https:\/\/edublog.educastur.es\/ixuxu\/wp-json\/wp\/v2\/posts\/18781\/revisions\/18785"}],"wp:attachment":[{"href":"https:\/\/edublog.educastur.es\/ixuxu\/wp-json\/wp\/v2\/media?parent=18781"}],"wp:term":[{"taxonomy":"category","embeddable":true,"href":"https:\/\/edublog.educastur.es\/ixuxu\/wp-json\/wp\/v2\/categories?post=18781"},{"taxonomy":"post_tag","embeddable":true,"href":"https:\/\/edublog.educastur.es\/ixuxu\/wp-json\/wp\/v2\/tags?post=18781"}],"curies":[{"name":"wp","href":"https:\/\/api.w.org\/{rel}","templated":true}]}}