{"id":18793,"date":"2023-04-27T10:00:44","date_gmt":"2023-04-27T08:00:44","guid":{"rendered":"https:\/\/edublog.educastur.es\/ixuxu\/?p=18793"},"modified":"2023-04-27T20:39:50","modified_gmt":"2023-04-27T18:39:50","slug":"dia-de-la-bandera","status":"publish","type":"post","link":"https:\/\/edublog.educastur.es\/ixuxu\/2023\/04\/dia-de-la-bandera\/","title":{"rendered":"25 mayu: D\u00eda de la bandera asturiana"},"content":{"rendered":"<p style=\"text-align: center\"><a href=\"https:\/\/cdn-636cdaa4c1ac189bf80d9411.closte.com\/wp-content\/uploads\/2023\/04\/25mayo_home_v3.png\"><img loading=\"lazy\" decoding=\"async\" class=\"aligncenter \" src=\"https:\/\/cdn-636cdaa4c1ac189bf80d9411.closte.com\/wp-content\/uploads\/2023\/04\/25mayo_home_v3.png\" width=\"308\" height=\"124\" \/><\/a><\/p>\n<ul>\n<li>castellano: <a href=\"https:\/\/banderadeasturias.es\/\">https:\/\/banderadeasturias.es\/<\/a><\/li>\n<li>Asturianu: <a href=\"https:\/\/banderadeasturias.es\/inicio-ast\/\">https:\/\/banderadeasturias.es\/inicio-ast\/<\/a><\/li>\n<li>Eo-Naviego: <a href=\"https:\/\/banderadeasturias.es\/inicio-eon\/\">https:\/\/banderadeasturias.es\/inicio-eon\/<\/a><\/li>\n<li>Ixuxu 2022 \/\u00a0<a href=\"https:\/\/edublog.educastur.es\/ixuxu\/2022\/05\/dia-de-la-bandera-dasturies\/\" rel=\"bookmark\"><strong>D\u00eda de la bandera d\u2019Asturies<\/strong><\/a><\/li>\n<li>Noticia: <a href=\"https:\/\/www.rtve.es\/noticias\/20210527\/asturias-propone-25m-festivo-bandera\/2094753.shtml\">TVE<\/a> \/<\/li>\n<li><strong><a href=\"https:\/\/asturies.com\/alagueta\/fiches\/25-de-mayu-del-1808\">Actividaes Asturies.com<\/a><\/strong> \/<\/li>\n<\/ul>\n<p><a href=\"https:\/\/asturies.com\/sites\/default\/files\/styles\/large\/public\/25_de_mayu_1808_gobiernu.png?itok=NdkSWpk4\"><img loading=\"lazy\" decoding=\"async\" class=\"aligncenter\" src=\"https:\/\/asturies.com\/sites\/default\/files\/styles\/large\/public\/25_de_mayu_1808_gobiernu.png?itok=NdkSWpk4\" alt=\"\" width=\"458\" height=\"256\" \/><\/a><\/p>\n<p><!--more--><\/p>\n<p>El 25 de mayu de 1808, \u00e9nte la ocupaci\u00f3n francesa, la Xunta Xeneral d&#8217;Asturies constituyida en Xunta Suprema de Gobiernu con atribuciones de soberan\u00eda, declara formalmente la guerra a Francia, manda embaxadores a Inglaterra y alcuerda la creaci\u00f3n d&#8217;un Ex\u00e9rcitu Popular Asturianu. <a href=\"https:\/\/www.youtube.com\/embed\/Y-pRd_wuaxA\"><strong>Hestoria<\/strong><\/a><\/p>\n<p style=\"text-align: center\"><a href=\"https:\/\/www.infodefensa.com\/images\/showid2\/5326130?w=900&amp;mh=700\"><img loading=\"lazy\" decoding=\"async\" class=\"aligncenter size-full\" src=\"https:\/\/www.infodefensa.com\/images\/showid2\/5326130?w=900&amp;mh=700\" width=\"900\" height=\"504\" \/><\/a><\/p>\n<p style=\"text-align: center\"><em> Banderes hist\u00f3riques del Ex\u00e9rcitu defensivu d&#8217;Asturies.<\/em><\/p>\n<hr \/>\n<div class=\"falseH1\">\n<h1 style=\"text-align: center\"><a href=\"https:\/\/img2.rtve.es\/v\/5917319?w=1600&amp;preview=1622022385436.jpg\"><img loading=\"lazy\" decoding=\"async\" class=\"aligncenter size-full\" src=\"https:\/\/img2.rtve.es\/v\/5917319?w=1600&amp;preview=1622022385436.jpg\" width=\"1600\" height=\"900\" \/><\/a><span class=\"maintitle\"><span style=\"font-size: 20px\">El Gobierno de Asturias propone el 25 de mayo como nueva fiesta regional. <a href=\"https:\/\/secure-embed.rtve.es\/drmn\/embed\/video\/5917319\">VIDEO<\/a><\/span><br \/>\n<\/span><\/h1>\n\n<!-- iframe plugin v.6.0 wordpress.org\/plugins\/iframe\/ -->\n<iframe loading=\"lazy\" src=\"https:\/\/secure-embed.rtve.es\/drmn\/embed\/video\/5917319\" name=\"25M: la fiesta de la bandera asturiana ser\u00e1 anual\" style=\"width:100%;height:90%;position:absolute;left:0;top:0;overflow:hidden;border:none;background-color:transparent;\" scrolling=\"no\" allowfullscreen=\"allowfullscreen\" 0=\"\/iframe\" width=\"100%\" height=\"500\" class=\"iframe-class\" frameborder=\"0\"><\/iframe>\n\n<p>&nbsp;<\/p>\n<\/div>\n<div class=\"summary\">\n<ul>\n<li>El 25 de mayo de 1808\u00a0el pueblo asturiano proclam\u00f3 su soberan\u00eda y\u00a0declar\u00f3 la guerra a la Francia de Napole\u00f3n, que ocupaba Espa\u00f1a<\/li>\n<li>La Izquierda Asturiana reclama esta fecha como origen de la bandera y piden que pase a ser el D\u00eda de Asturias<\/li>\n<\/ul>\n<\/div>\n<header class=\"signBlock\"><\/header>\n<div class=\"mainContent hid_email\">\n<div class=\"artBody\">\n<p>Desde aquel\u00a0<strong>25 de mayo de 1808\u00a0<\/strong>en el que la Junta General del Principado de Asturias proclam\u00f3 su soberan\u00eda y declar\u00f3 la guerra a la Francia de Napole\u00f3n, la historia tiene una cita anual con Asturias.<\/p>\n<p>Hoy, 213 a\u00f1os despu\u00e9s,\u00a0<strong>Asturias lo celebra por primera vez<\/strong>\u00a0con un acto institucional. Hasta ahora, ning\u00fan presidente del Principado hab\u00eda planteado la posibilidad de celebrar esta fecha que marc\u00f3 el origen de la bandera con un acto conmemorativo. Sin embargo, esto va a cambiar para siempre a partir de ahora.<\/p>\n<div class=\"section\">\n<h3><span class=\"ladillo\"><strong>Origen de la bandera y de la Asturias moderna<\/strong><\/span><\/h3>\n<p>Esta celebraci\u00f3n adem\u00e1s es tambi\u00e9n la fecha en la que se\u00a0<strong>consolid\u00f3 la bandera de Asturias<\/strong>\u00a0como uso popular ya que cuando la Junta General de Asturias llev\u00f3 a cabo su declaraci\u00f3n frente a Napole\u00f3n, se quiso crear un ej\u00e9rcito popular y en ese momento se enarbol\u00f3 una bandera, en fondo azul, con la Cruz de la Victoria y con el a\u00f1adido del lema \u201c<strong>Asturias nunca vencida<\/strong>\u201d.<\/p>\n<p>La fecha que m\u00e1s ha trascendido hist\u00f3ricamente ha sido el\u00a0<strong>2 de mayo<\/strong>, cuando tuvieron lugar\u00a0<strong>los<a href=\"https:\/\/www.rtve.es\/alacarta\/videos\/documentales-en-el-archivo-de-rtve\/sucedio-madrid-frente-napoleon\/3510352\/\">\u00a0levantamientos en Madrid<\/a><\/strong>\u00a0contra la ocupaci\u00f3n francesa, aunque esa fecha no supuso el inicio de la que posteriormente se llam\u00f3 Guerra de Independencia.<\/p>\n<p><strong>A finales de mayo<\/strong>\u00a0en varias provincias espa\u00f1olas, entre las que se encontraba Oviedo,\u00a0<strong>se producen los levantamientos definitivos<\/strong>. La Junta Suprema del Principado, envi\u00f3 embajadores a Inglaterra en busca de refuerzos, cre\u00f3 un ej\u00e9rcito de 20.000 asturianos y consigui\u00f3 sumar a su proclama a otras poblaciones espa\u00f1olas.<\/p>\n<\/div>\n<div class=\"section\">\n<h3><span class=\"ladillo\"><strong>El Gobierno Asturiano propone esta fecha como conmemoraci\u00f3n hist\u00f3rica<\/strong><\/span><\/h3>\n<blockquote><p><span class=\"q1\">\u201c<\/span>La historia tiene una cita anual con Asturias<span class=\"q2\">\u201c<\/span><\/p><\/blockquote>\n<p>El Presidente del Principado, Adri\u00e1n Barb\u00f3n, anunci\u00f3 que este a\u00f1o por primera vez se celebr\u00f3 un acto institucional pero\u00a0<strong>la idea es perpetuarlo en el tiempo<\/strong>. Los historiadores respaldan que la fecha tenga un peso relevante en la vida p\u00fablica pol\u00edtica.<\/p>\n<div class=\"incluBox L\">\n<div class=\"mediaBox videoBox \" data-assetid=\"5917318_es_videos\" data-sust=\"true\" data-autoplay=\"true\" data-location=\"alacarta_videos\" data-related=\"true\" data-id=\"5917318\" data-config=\"{&quot;id&quot;:&quot;5917318&quot;,&quot;location&quot;:&quot;alacarta_videos&quot;,&quot;sust&quot;:true,&quot;autoplay&quot;:true,&quot;type&quot;:&quot;video&quot;,&quot;csstype&quot;:&quot;video&quot;,&quot;related&quot;:true,&quot;capitalizedType&quot;:&quot;Video&quot;,&quot;alt&quot;:&quot;Los pol\u00edticos asturianos apelan a la unidad para defender la celebraci\u00f3n del 25-M&quot;,&quot;title&quot;:&quot;Los pol\u00edticos asturianos apelan a la unidad para defender la celebraci\u00f3n del 25-M&quot;,&quot;typeId&quot;:39978,&quot;htmlUrl&quot;:&quot;https:\/\/www.rtve.es\/play\/videos\/panorama-regional-asturias\/politicos-asturianos-apelan-unidad-25m\/5917318\/&quot;,&quot;programInfoTitle&quot;:&quot;Panorama Regional&quot;,&quot;shortTitle&quot;:&quot;&quot;,&quot;episode&quot;:&quot;&quot;,&quot;shortDescription&quot;:&quot;&quot;,&quot;ageRange&quot;:&quot;&quot;,&quot;ageRangeUidClass&quot;:&quot;&quot;,&quot;hdContentAvailable&quot;:&quot;&quot;,&quot;promoTitle&quot;:&quot;&quot;,&quot;subtype&quot;:&quot;&quot;,&quot;duration&quot;:&quot;01.50 min&quot;,&quot;imgSquare&quot;:false,&quot;programinfoagerange&quot;:&quot;Programas para todos los p\u00fablicos&quot;,&quot;titleProgramInfoAgeRange&quot;:&quot;'Los pol\u00edticos asturianos apelan a la unidad para defender la celebraci\u00f3n del 25-M' \/ Programas para todos los p\u00fablicos&quot;,&quot;descriptionVideo&quot;:null,&quot;programId&quot;:&quot;32430&quot;,&quot;img&quot;:{&quot;large&quot;:{&quot;url&quot;:&quot;https:\/\/img2.rtve.es\/v\/5917318?w=1600&amp;preview=1622022015955.jpg&quot;,&quot;width&quot;:1600,&quot;media&quot;:&quot;(min-width: 1000px)&quot;},&quot;big&quot;:{&quot;url&quot;:&quot;https:\/\/img2.rtve.es\/v\/5917318?w=1200&amp;preview=1622022015955.jpg&quot;,&quot;width&quot;:1200,&quot;media&quot;:&quot;(max-width: 1200px)&quot;},&quot;normal&quot;:{&quot;url&quot;:&quot;https:\/\/img2.rtve.es\/v\/5917318?w=800&amp;preview=1622022015955.jpg&quot;,&quot;width&quot;:800,&quot;media&quot;:&quot;(max-width: 800px)&quot;},&quot;small&quot;:{&quot;url&quot;:&quot;https:\/\/img2.rtve.es\/v\/5917318?w=400&amp;preview=1622022015955.jpg&quot;,&quot;width&quot;:400,&quot;media&quot;:&quot;(max-width: 400px)&quot;},&quot;none&quot;:{&quot;url&quot;:&quot;&quot;,&quot;width&quot;:0,&quot;media&quot;:&quot;&quot;}},&quot;url&quot;:&quot;https:\/\/www.rtve.es\/play\/videos\/panorama-regional-asturias\/politicos-asturianos-apelan-unidad-25m\/5917318\/&quot;,&quot;date&quot;:{&quot;label&quot;:&quot;27.05.2021&quot;,&quot;key&quot;:&quot;2021-05-27&quot;},&quot;language&quot;:&quot;es&quot;,&quot;pubDest&quot;:&quot;general&quot;,&quot;pubState&quot;:{&quot;code&quot;:&quot;ENPUB&quot;,&quot;description&quot;:&quot;En publicaci\u00f3n&quot;},&quot;disableStripLayer&quot;:&quot;&quot;,&quot;mediaInfo&quot;:null,&quot;mediaConfig&quot;:{&quot;configUrl&quot;:&quot;\/api\/videos\/5917318\/config\/alacarta_videos.json&quot;,&quot;whitelistUrl&quot;:&quot;\/swf\/data\/whitelist.xml&quot;,&quot;propertiesPlayerUrl&quot;:&quot;\/swf\/v2\/playerConfig\/propertiesPlayer.xml&quot;,&quot;rtvePlayerSwfUrl&quot;:&quot;\/js\/swf\/RTVEPlayerJS.swf&quot;,&quot;ztnrFlashUrl&quot;:&quot;\/js\/swf\/z.swf&quot;,&quot;relacionadosRefUrl&quot;:&quot;\/api\/videos\/5917318\/relacionados.json&quot;,&quot;relatedByLangRefUrl&quot;:&quot;\/api\/videos\/5917318\/relacionados\/relacionados-por-idioma.json&quot;,&quot;adapter&quot;:false,&quot;fullAssetId&quot;:&quot;5917318_es_videos&quot;,&quot;ztnrMvlThumbUrl&quot;:&quot;\/ztnr\/movil\/thumbnail\/{idManager}\/videos\/5917318.png&quot;,&quot;lokiUrl&quot;:&quot;\/odin\/loki\/{chunk}\/&quot;,&quot;thumbnailerUrl&quot;:&quot;\/resources\/thumbnailer\/{hash}\/{id}\/L{levelId}_M{matrixId}.jpg&quot;,&quot;errorLayerClass&quot;:&quot;vjs-error-display&quot;,&quot;ageRangeInfo&quot;:{&quot;ageRangeUid&quot;:&quot;IF_REDAD0&quot;,&quot;ageRangeDesc&quot;:&quot;Para todos los p\u00fablicos&quot;,&quot;ageRangeCssClass&quot;:&quot;mas00&quot;},&quot;subtitleRefUrl&quot;:&quot;\/api\/videos\/5917318\/subtitulos.json&quot;,&quot;cuepointsUrl&quot;:&quot;\/api\/videos\/5917318\/cuepoints.json&quot;,&quot;transcripcionUrl&quot;:&quot;\/api\/videos\/5917318\/transcripcion.json&quot;,&quot;promosURL&quot;:&quot;\/api\/videos\/5917318\/publicidad.json&quot;,&quot;mediaInfoConfig&quot;:{&quot;cssClass&quot;:&quot;textRel&quot;,&quot;hasMediaTextClass&quot;:&quot;hasMediaText&quot;}}}\" data-consumption=\"ondemand\"><span class=\"ima T H f16x9\"> <img decoding=\"async\" title=\"Los pol\u00edticos asturianos apelan a la unidad para defender la celebraci\u00f3n del 25-M\" src=\"https:\/\/img2.rtve.es\/v\/5917318?w=1600&amp;preview=1622022015955.jpg\" alt=\"Los pol\u00edticos asturianos apelan a la unidad para defender la celebraci\u00f3n del 25-M\" \/> <\/span> <a title=\"Video: Los pol\u00edticos asturianos apelan a la unidad para defender la celebraci\u00f3n del 25-M\" href=\"https:\/\/www.rtve.es\/play\/videos\/panorama-regional-asturias\/politicos-asturianos-apelan-unidad-25m\/5917318\/\"> <span class=\"ico play video\"> <img decoding=\"async\" src=\"https:\/\/img2.rtve.es\/css\/i\/blank.gif\" alt=\"reproducir video\" \/> <span class=\"duration\">01.50 min<\/span> <\/span> <\/a><\/div>\n<p><span class=\"figcaption\">Los pol\u00edticos asturianos apelan a la unidad para defender la celebraci\u00f3n del 25-M<\/span><\/p>\n<\/div>\n<p>Son pocos los asturianos que conocen el origen de la bandera que representa nuestra comunidad y que son conocedores de lo importante que el 25 de Mayo de 1808 fue para que Asturias sea lo que conocemos hoy en d\u00eda.<\/p>\n<\/div>\n<div class=\"section\">\n<h3><span class=\"ladillo\"><strong>Los historiadores\u00a0defienden esta celebraci\u00f3n como muestra de una sociedad democr\u00e1tica<\/strong><\/span><\/h3>\n<p>Los expertos en historia que conocen profundamente el impacto que tuvo aquel a\u00f1o, celebran que en la actualidad el 25 de Mayo tenga un peso en la vida p\u00fablica pol\u00edtica.<\/p>\n<p>En los 80 se organiz\u00f3 alg\u00fan acto en torno a ese d\u00eda, pero no desde el Gobierno de Asturias. Consideran que tiene mucha importancia que se celebre de su mano\u00a0<strong>un acto de tanta relevancia\u00a0<\/strong>como fue que el pueblo asturiano se levantase contra el invasor franc\u00e9s y reivindicar su propia historia.<\/p>\n<p>Recalcan que aquello no fue un objetivo independentista sino que la Junta General asumi\u00f3 los poderes soberanos del\u00a0<strong>rey cautivo<\/strong>\u00a0hasta que\u00a0<strong>este fuese restituido<\/strong>.<\/p>\n<p>En la celebraci\u00f3n de este a\u00f1o, como primer elemento de realce de esta fecha, el Palacio de la Presidencia luci\u00f3 una\u00a0<strong>bandera gigante<\/strong>\u00a0proyectada sobre la fachada del edificio.<\/p>\n<\/div>\n<h1 class=\"page-title\" style=\"text-align: center\"><a href=\"https:\/\/asturies.com\/alagueta\/fiches\/25-de-mayu-del-1808\">25 de Mayu del 1808<\/a><\/h1>\n<div class=\"region region-content\">\n<div id=\"block-system-main\" class=\"block block-system\">\n<div class=\"content\">\n<ul class=\"meta clr clearfix\">\n<li>\u00a0<i class=\"fa fa-user\"><\/i> <a class=\"username\" title=\"Ver perfil de usuario.\" href=\"https:\/\/asturies.com\/user\/1\">Asturies.com<\/a><\/li>\n<\/ul>\n<div class=\"content\">\n<div class=\"field field-name-body field-type-text-with-summary field-label-hidden\">\n<div class=\"field-items\">\n<div class=\"field-item even\">\n<p>El 25 de mayu ye una fecha clave na historia d\u2019Asturies. Esi d\u00eda la <strong>Xunta Xeneral<\/strong> proclam\u00f3se soberana rebel\u00e1ndose contra les tropes franceses de <strong>Napole\u00f3n <\/strong>qu\u2019invadieren el pa\u00eds, organizando un <strong>ex\u00e9rcitu asturianu<\/strong> propiu pa enfrentase a \u00e9l. Inclusive, unvi\u00e1ronse embaxadores a Inglaterra pa solicitar sofitu nesta campa\u00f1a y ye tami\u00e9n el momentu nel que se crea la<strong> bandera asturiana<\/strong> que ye g\u00fcei oficial.<\/p>\n<div class=\"testu\">Pa entender estos movimientos ye necesario contestualizar el momentu. El Reinu d\u2019Espa\u00f1a alcontr\u00e1base invad\u00edu polos franceses, que pasaren los Pirineos nel 1807 en direici\u00f3n a Portugal ensin resistencia tres la firma del Trat\u00e1u de Fontainebleau, nel qu\u2019Espa\u00f1a y Francia repart\u00edense Portugal, que yera una corona con rellaciones con Inglaterra. Sicas\u00ed, Napole\u00f3n aprovech\u00f3 esta situaci\u00f3n pa ocupar militarmente\u2019l territoriu y pa poner al so hermanu mayor Jos\u00e9 Bonaparte como rei tres les abdicaciones de Baiona del 5 mayu del 1808.<\/div>\n<div><\/div>\n<div class=\"intermediu\">\n<div class=\"semeyeaint\" style=\"text-align: center\"><img decoding=\"async\" class=\"media-element file-default aligncenter\" title=\"\" src=\"https:\/\/asturies.com\/sites\/default\/files\/reclutamientu_tropes_1808_uvieu_j_cuevas.jpg\" alt=\"\" data-fid=\"9742\" data-media-element=\"1\" \/><em>Grab\u00e1u de J. Cuevas representando&#8217;l reclutamientu de tropes<\/em><br \/>\n<em> nel Campu San Francisco d&#8217;Uvi\u00e9u en 1808.<\/em><\/div>\n<div><\/div>\n<div class=\"txtint\"><strong>\u00bfSab\u00edes qu\u00e9\u2026?<\/strong> El dise\u00f1u de la bandera d\u2019Asturies ye una propuesta de <strong>Xovellanos <\/strong>que naci\u00f3 al empar que la declaraci\u00f3n de soberan\u00eda de la Xunta Xeneral. Yera mui asemeyada a l\u2019actual, cola cruz de la victoria en plata y el lema \u2018Asturias xam\u00e1s vencida\u2019.<\/div>\n<\/div>\n<div class=\"testu\">\n<p><strong>Fernando VII <\/strong>yera nesi momentu rei tres el Mot\u00edn d\u2019Aranjuez acontec\u00edu mes y mediu enantes, que termin\u00f3 cola dimisi\u00f3n de Manuel Godoy, primer ministru, y l\u2019abdicaci\u00f3n de Carlos IV nel so f\u00edu. Estos acontecimientos provocaron los primeros llevantamientos nel norte peninsular y en Madrid, como\u2019l llevantamientu del 2 de mayu, reprim\u00edu poles tropes franceses. Entamaba asina la Guerra d\u2019Independencia.<\/p>\n<p>Nesi contestu, el 25 de mayu la Xunta Xeneral d\u2019Asturies decide declarase soberana y ponse en guerra contra los franceses, formando l\u2019<strong>Ex\u00e9rcitu Defensivu Asturianu<\/strong> y consiguiendo\u2019l sofitu d\u2019Inglaterra, qu\u2019entreg\u00f3 material de guerra pa lluchar contra les tropes de Napole\u00f3n. La intenci\u00f3n de la instituci\u00f3n yera recuperar el mandu del gobiernu del pa\u00eds y, al empar, la restituci\u00f3n de Fernando VII como rei de la Corona.<\/p>\n<p>&nbsp;<\/p>\n<\/div>\n<div class=\"intermediu\">\n<div class=\"semeyeaint\"><img decoding=\"async\" class=\"media-element file-default\" title=\" \u00abFernando VII - Vicente L\u00f3pez\u00bb de Vicente L\u00f3pez Porta\u00f1a - [1][2][3]. Disponible bajo la licencia Dominio p\u00fablico v\u00eda Wikimedia Commons - https:\/\/commons.wikimedia.org\/wiki\/File:Fernando_VII_-_Vicente_L%C3%B3pez.jpg#\/media\/File:Fernando_VII_-_Vicente_L%C3\" src=\"http:\/\/asturies.com\/sites\/default\/files\/25mayu_02.jpg\" alt=\" \u00abFernando VII - Vicente L\u00f3pez\u00bb de Vicente L\u00f3pez Porta\u00f1a - [1][2][3]. Disponible bajo la licencia Dominio p\u00fablico v\u00eda Wikimedia Commons - https:\/\/commons.wikimedia.org\/wiki\/File:Fernando_VII_-_Vicente_L%C3%B3pez.jpg#\/media\/File:Fernando_VII_-_Vicente_L%C3\" data-fid=\"9743\" data-media-element=\"1\" \/><br \/>\nFernando VII<\/div>\n<div><\/div>\n<div class=\"txtint\"><strong>\u00bfSab\u00edes qu\u00e9\u2026?<\/strong> El D\u00eda d\u2019Asturies ye\u2019l <strong>8 de setiembre<\/strong>, D\u00eda de la Santina, una festivid\u00e1 hist\u00f3rica con connotaciones relixoses, pero muncha xente pux\u00f3 dende la transici\u00f3n por qu\u2019esta celebraci\u00f3n tuviera llugar el 25 de mayu en conmemoraci\u00f3n a esti fechu hist\u00f3ricu.<\/div>\n<\/div>\n<div class=\"testu\">\n<p>\u00bfPero por qu\u00e9 ye tan importante el 25 de mayu? Por tratase del primer actu d\u2019autodeterminaci\u00f3n d\u2019Asturies na \u00e9poca contempor\u00e1nea. Los asturianos dieron nesi momentu el pasu pa ser due\u00f1os del so futuru coleutivu, asumiendo la so soberan\u00eda. Ye am\u00e1s el momentu nel que se crea un s\u00edmbolu que nos identifica como pa\u00eds; la <strong>bandera asturiana<\/strong> que tien usu dende esi momentu hasta angua\u00f1o.<\/p>\n<p>El restu de la historia ye mui posible que y\u00e1 la sepas: nel 1813 Fernado VII \u2018El Dese\u00e1u\u2019 recuperar\u00eda la corona tres la firma del Tratado de Valen\u00e7ay, un a\u00f1u depu\u00e9s de l\u2019aprobaci\u00f3n de la Constituci\u00f3n del 1812, conocida como \u2018La Pepa\u2019, estraordinariamente importante pol so carauter democr\u00e1ticu. El monarca disolver\u00eda les Cortes y abolar\u00eda\u2019l testu nel 1814, reinstaurando l\u2019absolutismu y abriendo una \u00e9poca d\u2019inestabilid\u00e1.<\/p>\n<\/div>\n<p>&nbsp;<\/p>\n<div class=\"entrugues\">\n<ul>\n<li>\u00bfQu\u00e9 llev\u00f3 a la Xunta Xeneral a declarase soberana?<\/li>\n<li>\u00bfPor qu\u00e9 Asturies solicit\u00f3 apoyu a Inglaterra?<\/li>\n<li>\u00bfC\u00f3mo yera la bandera d\u2019Asturies que se cre\u00f3 nesa fecha?<\/li>\n<li>\u00bfCu\u00e1ndo se celebra\u2019l D\u00eda d\u2019Asturies y qu\u00e9 acontez nesa fecha?<\/li>\n<\/ul>\n<\/div>\n<div class=\"entrugues\">\n<p>Rellaciona estos monarques o emperadores de la \u00e9poca col so territoriu:<\/p>\n<div id=\"dragScriptContainer\">\n<div id=\"questionDiv\">\n<div id=\"q4\" class=\"dragDropSmallBox\">Mar\u00eda I<\/div>\n<div id=\"q2\" class=\"dragDropSmallBox\">Fernando VII<\/div>\n<div id=\"q1\" class=\"dragDropSmallBox\">Jorge III<\/div>\n<div id=\"q3\" class=\"dragDropSmallBox\">Napole\u00f3n Bonaparte<\/div>\n<div class=\"destinationBox\"><\/div>\n<\/div>\n<div id=\"answerDiv\">\n<div id=\"a4\" class=\"dragDropSmallBox\">Portugal<\/div>\n<div id=\"a2\" class=\"dragDropSmallBox\">Espa\u00f1a<\/div>\n<div id=\"a3\" class=\"dragDropSmallBox\">Francia<\/div>\n<div id=\"a1\" class=\"dragDropSmallBox\">Inglaterra<\/div>\n<\/div>\n<\/div>\n<div id=\"cxreset\"><\/div>\n<\/div>\n<\/div>\n<\/div>\n<\/div>\n<\/div>\n<\/div>\n<\/div>\n<\/div>\n<div class=\"field field-name-field-noticies-rellacionaes field-type-node-reference field-label-above\">\n<div class=\"field-label\">Noticies rellacionaes:<\/div>\n<div class=\"field-items\">\n<div class=\"field-item even\"><a href=\"https:\/\/asturies.com\/noticies\/cuando-fuimos-soberanos-nel-xix\">Cuando fuimos soberanos nel XIX<\/a><\/div>\n<\/div>\n<\/div>\n<div style=\"text-align: center\"><a href=\"https:\/\/asturies.com\/sites\/default\/files\/cronoloxia_mayu_1808.jpg\"><img loading=\"lazy\" decoding=\"async\" class=\"aligncenter size-full\" src=\"https:\/\/asturies.com\/sites\/default\/files\/cronoloxia_mayu_1808.jpg\" width=\"800\" height=\"2000\" \/><\/a><\/div>\n<div>\n<div class=\"field field-name-body field-type-text-with-summary field-label-hidden\">\n<div class=\"field-items\">\n<div class=\"field-item even\">\n<p>El 25 de mayu del 1808 ye una fecha clave na historia d&#8217;Asturies. Esi d\u00eda la Xunta Xeneral procl\u00e1mase soberana y declara la guerra a Francia, lo que llev\u00f3 a la organizaci\u00f3n d&#8217;un ex\u00e9rcitu asturianu propiu y al unv\u00edu d\u2019embaxadores a Inglaterra pa pidir sofitu na llucha contra l\u2019ex\u00e9rcitu franc\u00e9s invasor. Am\u00e1s supunxo la creaci\u00f3n de la bandera, mui asemeyada a l&#8217;actual, que tom\u00f3 como base una propuesta de Gaspar Melchor de Xovellanos d&#8217;a\u00f1os enantes col s\u00edmbolu de la monarqu\u00eda asturiana: la cruz de la victoria.<\/p>\n<p>Esti gr\u00e1ficu ye una cronolox\u00eda colos acontecimientos previos nesi mes de mayu al d\u00eda 25, cuando la Xunta Xeneral se declara soberana y tresforma en Xunta Cimera. La lleenda posterior permite conocer les instituciones que se traten nel documentu.<\/p>\n<p><strong>La Xunta<\/strong><\/p>\n<p>La <a href=\"https:\/\/ast.wikipedia.org\/wiki\/Xunta_Xeneral_del_Princip%C3%A1u_d%27Asturies\">Xunta Xeneral<\/a> yera l&#8217;\u00f3rganu representativu del Princip\u00e1u d&#8217;Asturies. Aconcey\u00e1base cada 3 a\u00f1os na sala capitular de la Catedral d&#8217;Uvi\u00e9u y les sos sesiones duraben ente \u00fan y dos meses.<\/p>\n<p><strong>L&#8217;Audiencia<\/strong><\/p>\n<p>La Real Audiencia yera la representaci\u00f3n de la corona n&#8217;Asturies. Podemos comparalo cola Delegaci\u00f3n del Gobiernu d&#8217;angua\u00f1o.<\/p>\n<p><em>Un bon resumen de los acontecimientu de mayu del 1808 ten\u00e9moslu<a href=\"https:\/\/www.youtube.com\/embed\/MW9Pi-bKYLQ\"> nesti videu del historiador Faustino Zapico:<\/a><\/em><\/p>\n\n<!-- iframe plugin v.6.0 wordpress.org\/plugins\/iframe\/ -->\n<iframe loading=\"lazy\" width=\"100%\" height=\"444\" src=\"https:\/\/www.youtube.com\/embed\/MW9Pi-bKYLQ\" title=\"Historia d&#039;Asturies 09 &amp;quot;La revoluci\u00f3n burguesa&amp;quot;\" frameborder=\"0\" allow=\"accelerometer; autoplay; clipboard-write; encrypted-media; gyroscope; picture-in-picture; web-share\" 0=\"allowfullscreen\" 1=\"\/iframe\" scrolling=\"yes\" class=\"iframe-class\"><\/iframe>\n\n<\/div>\n<\/div>\n<\/div>\n<div class=\"field field-name-upload field-type-file field-label-hidden\">\n<div class=\"field-items\">\n<div class=\"field-item even\">\n<table class=\"sticky-header\">\n<thead>\n<tr>\n<th><\/th>\n<th><\/th>\n<\/tr>\n<\/thead>\n<\/table>\n<table class=\"sticky-enabled tableheader-processed sticky-table\">\n<thead>\n<tr>\n<th>Adxuntu<\/th>\n<th>Tama\u00f1u<\/th>\n<\/tr>\n<\/thead>\n<tbody>\n<tr class=\"odd\">\n<td><span class=\"file\"><img decoding=\"async\" class=\"file-icon\" title=\"image\/jpeg\" src=\"https:\/\/asturies.com\/modules\/file\/icons\/image-x-generic.png\" alt=\"Image icon\" \/> <a title=\"cronoloxia_mayu_1808.jpg\" href=\"https:\/\/asturies.com\/sites\/default\/files\/cronoloxia_mayu_1808.jpg\">Cronolox\u00eda mayu 1808<\/a><\/span><\/td>\n<\/tr>\n<\/tbody>\n<\/table>\n<\/div>\n<\/div>\n<\/div>\n<\/div>\n<\/div>\n<\/div>\n","protected":false},"excerpt":{"rendered":"<p>castellano: https:\/\/banderadeasturias.es\/ Asturianu: https:\/\/banderadeasturias.es\/inicio-ast\/ Eo-Naviego: https:\/\/banderadeasturias.es\/inicio-eon\/ Ixuxu 2022 \/\u00a0D\u00eda de la bandera d\u2019Asturies Noticia: TVE \/ Actividaes Asturies.com \/<\/p>\n","protected":false},"author":117,"featured_media":0,"comment_status":"open","ping_status":"open","sticky":false,"template":"","format":"standard","meta":{"footnotes":""},"categories":[6],"tags":[],"class_list":["post-18793","post","type-post","status-publish","format-standard","hentry","category-dia-de"],"_links":{"self":[{"href":"https:\/\/edublog.educastur.es\/ixuxu\/wp-json\/wp\/v2\/posts\/18793","targetHints":{"allow":["GET"]}}],"collection":[{"href":"https:\/\/edublog.educastur.es\/ixuxu\/wp-json\/wp\/v2\/posts"}],"about":[{"href":"https:\/\/edublog.educastur.es\/ixuxu\/wp-json\/wp\/v2\/types\/post"}],"author":[{"embeddable":true,"href":"https:\/\/edublog.educastur.es\/ixuxu\/wp-json\/wp\/v2\/users\/117"}],"replies":[{"embeddable":true,"href":"https:\/\/edublog.educastur.es\/ixuxu\/wp-json\/wp\/v2\/comments?post=18793"}],"version-history":[{"count":11,"href":"https:\/\/edublog.educastur.es\/ixuxu\/wp-json\/wp\/v2\/posts\/18793\/revisions"}],"predecessor-version":[{"id":18810,"href":"https:\/\/edublog.educastur.es\/ixuxu\/wp-json\/wp\/v2\/posts\/18793\/revisions\/18810"}],"wp:attachment":[{"href":"https:\/\/edublog.educastur.es\/ixuxu\/wp-json\/wp\/v2\/media?parent=18793"}],"wp:term":[{"taxonomy":"category","embeddable":true,"href":"https:\/\/edublog.educastur.es\/ixuxu\/wp-json\/wp\/v2\/categories?post=18793"},{"taxonomy":"post_tag","embeddable":true,"href":"https:\/\/edublog.educastur.es\/ixuxu\/wp-json\/wp\/v2\/tags?post=18793"}],"curies":[{"name":"wp","href":"https:\/\/api.w.org\/{rel}","templated":true}]}}