{"id":1882,"date":"2020-12-14T10:00:49","date_gmt":"2020-12-14T08:00:49","guid":{"rendered":"https:\/\/edublog.educastur.es\/ixuxu\/?p=1882"},"modified":"2020-12-17T22:15:51","modified_gmt":"2020-12-17T20:15:51","slug":"jose-angel-gayol-premiu-de-la-critica-de-narrativa-nasturianu","status":"publish","type":"post","link":"https:\/\/edublog.educastur.es\/ixuxu\/2020\/12\/jose-angel-gayol-premiu-de-la-critica-de-narrativa-nasturianu\/","title":{"rendered":"Jos\u00e9 \u00c1ngel Gayol, Premiu de la Cr\u00edtica de narrativa n\u2019asturianu"},"content":{"rendered":"<ul>\n<li><a href=\"http:\/\/www.formientu.com\/noticies\/en-primera-persona-de-jose-angel-gayol-premiu-de-la-critica-de-narrativa-nasturianu\/\">Noticia espublizada en Formientu<\/a><\/li>\n<\/ul>\n<p><a href=\"http:\/\/www.formientu.com\/wp-content\/uploads\/2020\/07\/SEMEYA-Jose%CC%81-A%CC%81ngel-Gayol-Wikipedia-696x696.jpg\"><img loading=\"lazy\" decoding=\"async\" class=\"alignnone \" src=\"http:\/\/www.formientu.com\/wp-content\/uploads\/2020\/07\/SEMEYA-Jose%CC%81-A%CC%81ngel-Gayol-Wikipedia-696x696.jpg\" width=\"249\" height=\"249\" \/><\/a><\/p>\n<h3 class=\"entry-title\"><span style=\"color: #008080\"><em><strong>\u00abEn primera persona\u00bb, de Jos\u00e9 \u00c1ngel Gayol, Premiu de la Cr\u00edtica de narrativa n\u2019asturianu<\/strong><\/em><\/span><\/h3>\n<p>Jos\u00e9 \u00c1ngel Gayol ta acabante gallardonar col XX Premiu de la Cr\u00edtica de l\u2019Asociaci\u00f3n d\u2019Escritores d\u2019Asturies na categor\u00eda de Narrativa n\u2019asturianu. Esti xueves pas\u00e1u, 10 d\u2019avientu, a les siete la tarde, axunt\u00f3 de forma telem\u00e1tica\u2019l xur\u00e1u d\u2019esti gallard\u00f3n conform\u00e1u polos escritores Dolfo Camilo D\u00edaz, Rafa R. Vald\u00e9s y \u00c1nxel \u00c1lvarez Llano, tando como secretariu con voz pero ensin votu: V\u00edctor Su\u00e1rez Pi\u00f1ero, Secretariu de l\u2019Asociaci\u00f3n.<\/p>\n<p><!--more--><\/p>\n<p>Tres destacar el contentu pola bona participaci\u00f3n y sobre manera pola calid\u00e1 de les cuatro obres presentaes como candidates al premiu, lo que pal xur\u00e1u fala del bon momentu del panorama lliterariu n\u2019asturianu, alderic\u00f3se sobre les mesmes, tom\u00e1ndose por unanimid\u00e1\u2019l determ\u00edn de declarar ganador del premiu al llibru <a href=\"https:\/\/tienda.trabe.org\/as\/novedaes\/2381-en-primera-persona.html\"><em>En primera persona<\/em>, asoley\u00e1u por Ediciones Trabe con autor\u00eda de <strong>Jos\u00e9 \u00c1ngel Gayol<\/strong>.<\/a><\/p>\n<p>El xur\u00e1u destaca el valor del x\u00e9neru que desarrolla: el diario. L\u2019autor presenta una obra homox\u00e9nea magar la so varied\u00e1 tem\u00e1tica, bien pensada na que nun s\u2019escuende y s\u2019amuesa una verd\u00e1 cola que ye f\u00e1cil empatizar.<\/p>\n<p>L\u2019autor tien nel so haber otros premios como\u2019l premiu Asturies Xoven gana\u2019l de Testos Teatrales cola obra <em>Ensin noticies del fin del mundu<\/em>. En 2011 consigue\u2019l premiu \u201cElvira Casta\u00f1\u00f3n\u201d pol llibru Los poemes del oriental, y el premiu Fern\u00e1n Coronas col poemariu <em>Los sua\u00f1os y los d\u00edes<\/em>. En 2012 gana\u2019l Premiu Xuan Mar\u00eda Acebal de poes\u00eda con <em>El llibru de les coses misterioses<\/em>, confirm\u00e1ndose como \u201c\u00fan de los poetes n\u2019asturianu m\u00e1s destacaos de la so xeneraci\u00f3n\u201d. En 2015 faise col fuertes Acevedo d\u2019ensayu con <em>V\u00e9rtigu<\/em>, premiu que volver\u00eda a ganar con <em>El silenciu invisible. L\u2019atracci\u00f3n del abismu na socied\u00e1 contempor\u00e1nea<\/em>. Nel a\u00f1u 2018 alzar\u00edase col premiu de II Concursu de rellatos curtios \u201cXos\u00e9 Caveda y Nava\u201d\u00bb col so trabayu <em>Tolo que s\u00e9 sobre toles coses<\/em> y en 2020 sedr\u00eda\u2019l ganador del Concursu de Cuentos pola Oficialid\u00e1 del Asturianu del conceyu Bimenes col cuentu: <em>Dalgunes posibilidaes de la dom\u00f3tica.<\/em><\/p>\n<ul>\n<li><a href=\"https:\/\/tienda.trabe.org\/as\/novedaes\/2381-en-primera-persona.html\">Ficha Trabe<\/a><\/li>\n<\/ul>\n<h1><a href=\"https:\/\/tienda.trabe.org\/1054-large_default\/en-primera-persona.jpg\"><img loading=\"lazy\" decoding=\"async\" class=\"alignnone \" src=\"https:\/\/tienda.trabe.org\/1054-large_default\/en-primera-persona.jpg\" width=\"180\" height=\"201\" \/><\/a><\/h1>\n<ul>\n<li style=\"list-style-type: none\">\n<ul>\n<li>\n<h4>En primera personaAutor: <strong>Jos\u00e9 \u00c1ngel Gayol<\/strong><\/h4>\n<\/li>\n<li><label>ISBN: <\/label> <span class=\"editable\">978-84-8053-967-8<\/span><\/li>\n<li><strong>Edici\u00f3n:<\/strong> Primera<\/li>\n<li><strong>P\u00e1xines:<\/strong> 256<\/li>\n<li><strong>Fecha de publicaci\u00f3n:<\/strong> 11\/11\/2019<\/li>\n<li><strong>Formatu:<\/strong> 13 x 20 cm<\/li>\n<li><strong>Idioma:<\/strong> Asturianu<\/li>\n<li>PVP: 15.00 \u20ac<\/li>\n<li>E<label>ditorial: <\/label> <a title=\"Ediciones Trabe\" href=\"https:\/\/tienda.trabe.org\/as\/2_ediciones-trabe\"> <span class=\"editable\">Ediciones Trabe<\/span> <\/a><\/li>\n<\/ul>\n<\/li>\n<\/ul>\n<div id=\"short_description_block\">\n<div id=\"short_description_content\" class=\"rte align_justify\">\n<p><em>En primera persona<\/em>\u00a0ye una triba de diariu lliterariu, que mira m\u00e1s pa fuera que pa dientro de quien escribe. Pero ye, tami\u00e9n, un ensayu diar\u00edsticu o un diariu ensay\u00edsticu.<\/p>\n<\/div>\n<\/div>\n","protected":false},"excerpt":{"rendered":"<p>Noticia espublizada en Formientu \u00abEn primera persona\u00bb, de Jos\u00e9 \u00c1ngel Gayol, Premiu de la Cr\u00edtica de narrativa n\u2019asturianu Jos\u00e9 \u00c1ngel Gayol ta acabante gallardonar col XX Premiu de la Cr\u00edtica de l\u2019Asociaci\u00f3n d\u2019Escritores d\u2019Asturies na categor\u00eda de Narrativa n\u2019asturianu. Esti xueves pas\u00e1u, 10 d\u2019avientu, a les siete la tarde, axunt\u00f3 de forma telem\u00e1tica\u2019l xur\u00e1u d\u2019esti [&hellip;]<\/p>\n","protected":false},"author":117,"featured_media":0,"comment_status":"closed","ping_status":"open","sticky":false,"template":"","format":"standard","meta":{"footnotes":""},"categories":[1],"tags":[],"class_list":["post-1882","post","type-post","status-publish","format-standard","hentry","category-sin-categoria"],"_links":{"self":[{"href":"https:\/\/edublog.educastur.es\/ixuxu\/wp-json\/wp\/v2\/posts\/1882","targetHints":{"allow":["GET"]}}],"collection":[{"href":"https:\/\/edublog.educastur.es\/ixuxu\/wp-json\/wp\/v2\/posts"}],"about":[{"href":"https:\/\/edublog.educastur.es\/ixuxu\/wp-json\/wp\/v2\/types\/post"}],"author":[{"embeddable":true,"href":"https:\/\/edublog.educastur.es\/ixuxu\/wp-json\/wp\/v2\/users\/117"}],"replies":[{"embeddable":true,"href":"https:\/\/edublog.educastur.es\/ixuxu\/wp-json\/wp\/v2\/comments?post=1882"}],"version-history":[{"count":2,"href":"https:\/\/edublog.educastur.es\/ixuxu\/wp-json\/wp\/v2\/posts\/1882\/revisions"}],"predecessor-version":[{"id":1884,"href":"https:\/\/edublog.educastur.es\/ixuxu\/wp-json\/wp\/v2\/posts\/1882\/revisions\/1884"}],"wp:attachment":[{"href":"https:\/\/edublog.educastur.es\/ixuxu\/wp-json\/wp\/v2\/media?parent=1882"}],"wp:term":[{"taxonomy":"category","embeddable":true,"href":"https:\/\/edublog.educastur.es\/ixuxu\/wp-json\/wp\/v2\/categories?post=1882"},{"taxonomy":"post_tag","embeddable":true,"href":"https:\/\/edublog.educastur.es\/ixuxu\/wp-json\/wp\/v2\/tags?post=1882"}],"curies":[{"name":"wp","href":"https:\/\/api.w.org\/{rel}","templated":true}]}}