{"id":18986,"date":"2023-04-29T09:00:31","date_gmt":"2023-04-29T07:00:31","guid":{"rendered":"https:\/\/edublog.educastur.es\/ixuxu\/?p=18986"},"modified":"2023-04-30T19:26:44","modified_gmt":"2023-04-30T17:26:44","slug":"dia-internacional-de-la-danza-3","status":"publish","type":"post","link":"https:\/\/edublog.educastur.es\/ixuxu\/2023\/04\/dia-internacional-de-la-danza-3\/","title":{"rendered":"D\u00eda Internacional de la danza"},"content":{"rendered":"<p style=\"text-align: center\"><a href=\"https:\/\/www.euroresidentes.com\/entretenimiento\/ocio-y-tiempo-libre\/wp-content\/uploads\/sites\/22\/2020\/04\/dia-de-la-danza-1024x1024.jpg\"><img loading=\"lazy\" decoding=\"async\" class=\"aligncenter \" src=\"https:\/\/www.euroresidentes.com\/entretenimiento\/ocio-y-tiempo-libre\/wp-content\/uploads\/sites\/22\/2020\/04\/dia-de-la-danza-1024x1024.jpg\" width=\"621\" height=\"621\" \/><\/a><\/p>\n<p>El 29 d&#8217;abril celebra&#8217;l <strong><span style=\"color: #008080\">D\u00eda Internacional de la Danza<\/span><\/strong>, una xornada para recordar que l&#8217;arte de la danza trespasa barreres culturales, pol\u00edtiques y \u00e9tniques. Un d\u00eda para celebrar la danza y la so diversid\u00e1.<\/p>\n<p><!--more--><\/p>\n<p>Esti d\u00eda foi establec\u00edu pola Unesco, afalada pol comit\u00e9 Internacional de la Danza. Escoy\u00f3se&#8217;l 29 d&#8217;abril para conmemorar el cumplea\u00f1os de Juan-Georges Noverre, un baillar\u00edn y core\u00f3grafu que lleg\u00f3 a trabayar pa reis y a d\u00eda de g\u00fcei ye <strong>consider\u00e1u&#8217;l ceador del ballet modernu.<\/strong><\/p>\n<p>El D\u00eda de la Danza<strong><span style=\"color: #008080\"> establezse col oxetivu rindir homenaxe a la danza y celebrar que l&#8217;arte ye un llinguaxe universal y non discriminatoriu, capaz de cruciar fronteres pol\u00edtiques, culturales y\/o \u00e9tiques<\/span><\/strong>. Otru de los sos oxetivos ye fomentar la participaci\u00f3n y l&#8217;educaci\u00f3n de la danza por aciu la realizaci\u00f3n d&#8217;eventos per tol mundu celebraos nesta fecha y concenciar de la importancia del arte y la cultura de la danza. Am\u00e1s, sirve para llamar l&#8217;atenci\u00f3n y axuntar a toes aquelles persones qu&#8217;escoyeron la danza como mediu d&#8217;espresi\u00f3n, pa xenerar nuevos venceyos amist\u00e1 ente amantes de la danza y reivindicar qu&#8217;esisten distintes formes de danza y toes elles tienen de ser consideraes como arte.<\/p>\n<p style=\"text-align: center\">\n<!-- iframe plugin v.6.0 wordpress.org\/plugins\/iframe\/ -->\n<iframe loading=\"lazy\" width=\"665\" height=\"374\" src=\"https:\/\/www.youtube.com\/embed\/cyAiRPI8E_g\" title=\"CND FILMS - D\u00cdA INTERNACIONAL DE LA DANZA 2018\" frameborder=\"0\" allow=\"accelerometer; autoplay; clipboard-write; encrypted-media; gyroscope; picture-in-picture; web-share\" 0=\"allowfullscreen\" 1=\"\/iframe\" scrolling=\"yes\" class=\"iframe-class\"><\/iframe>\n<\/p>\n<p style=\"text-align: center\">\n","protected":false},"excerpt":{"rendered":"<p>El 29 d&#8217;abril celebra&#8217;l D\u00eda Internacional de la Danza, una xornada para recordar que l&#8217;arte de la danza trespasa barreres culturales, pol\u00edtiques y \u00e9tniques. Un d\u00eda para celebrar la danza y la so diversid\u00e1.<\/p>\n","protected":false},"author":117,"featured_media":0,"comment_status":"open","ping_status":"open","sticky":false,"template":"","format":"standard","meta":{"footnotes":""},"categories":[6],"tags":[],"class_list":["post-18986","post","type-post","status-publish","format-standard","hentry","category-dia-de"],"_links":{"self":[{"href":"https:\/\/edublog.educastur.es\/ixuxu\/wp-json\/wp\/v2\/posts\/18986","targetHints":{"allow":["GET"]}}],"collection":[{"href":"https:\/\/edublog.educastur.es\/ixuxu\/wp-json\/wp\/v2\/posts"}],"about":[{"href":"https:\/\/edublog.educastur.es\/ixuxu\/wp-json\/wp\/v2\/types\/post"}],"author":[{"embeddable":true,"href":"https:\/\/edublog.educastur.es\/ixuxu\/wp-json\/wp\/v2\/users\/117"}],"replies":[{"embeddable":true,"href":"https:\/\/edublog.educastur.es\/ixuxu\/wp-json\/wp\/v2\/comments?post=18986"}],"version-history":[{"count":6,"href":"https:\/\/edublog.educastur.es\/ixuxu\/wp-json\/wp\/v2\/posts\/18986\/revisions"}],"predecessor-version":[{"id":18992,"href":"https:\/\/edublog.educastur.es\/ixuxu\/wp-json\/wp\/v2\/posts\/18986\/revisions\/18992"}],"wp:attachment":[{"href":"https:\/\/edublog.educastur.es\/ixuxu\/wp-json\/wp\/v2\/media?parent=18986"}],"wp:term":[{"taxonomy":"category","embeddable":true,"href":"https:\/\/edublog.educastur.es\/ixuxu\/wp-json\/wp\/v2\/categories?post=18986"},{"taxonomy":"post_tag","embeddable":true,"href":"https:\/\/edublog.educastur.es\/ixuxu\/wp-json\/wp\/v2\/tags?post=18986"}],"curies":[{"name":"wp","href":"https:\/\/api.w.org\/{rel}","templated":true}]}}