{"id":19175,"date":"2023-05-12T19:14:25","date_gmt":"2023-05-12T17:14:25","guid":{"rendered":"https:\/\/edublog.educastur.es\/ixuxu\/?p=19175"},"modified":"2023-05-15T10:27:04","modified_gmt":"2023-05-15T08:27:04","slug":"corredor-bioloxicu","status":"publish","type":"post","link":"https:\/\/edublog.educastur.es\/ixuxu\/2023\/05\/corredor-bioloxicu\/","title":{"rendered":"Corredor Biol\u00f3xicu, cam\u00edn natural que conecta ecosistemas&#8230;"},"content":{"rendered":"<p style=\"text-align: center\"><a href=\"https:\/\/img.europapress.es\/fotoweb\/fotonoticia_20180309175506_1200.jpg\"><img loading=\"lazy\" decoding=\"async\" class=\"aligncenter size-full\" src=\"https:\/\/img.europapress.es\/fotoweb\/fotonoticia_20180309175506_1200.jpg\" width=\"1200\" height=\"800\" \/><\/a><\/p>\n<p style=\"text-align: center\"><em><span style=\"color: #008080\"><strong>\u00a0Son los caminos naturales que conecten ecosistemas.<\/strong><\/span><\/em><\/p>\n<ul>\n<li>Fonte:<a href=\"https:\/\/www.facebook.com\/viveroCRECE\"> Sra. Cactus Vivero<\/a> \u00a0 \/ <a href=\"https:\/\/www.facebook.com\/photo\/?fbid=554521833454908&amp;set=a.505516388355453\">imaxe<\/a><\/li>\n<li><a href=\"https:\/\/corredorbiologicomundial.org\">https:\/\/corredorbiologicomundial.org<\/a>\/<\/li>\n<li>\n<section class=\"documents-grid related-documents\">\n<div class=\"documents-grid__items\">\n<div class=\"documents-grid__item\">\n<div class=\"title\"><a href=\"https:\/\/www.fundaciocatalunya-lapedrera.com\/sites\/default\/files\/2020-09\/P%C3%B3ster%20resumen%20-%20Gran%20Connector%20Ecol%C3%B3gico%20%28ES-EN%29.pdf\">P\u00f3ster gran corredor ecol\u00f3gico<\/a><\/div>\n<\/div>\n<div><\/div>\n<div class=\"documents-grid__item\">\n<div class=\"icon\"><\/div>\n<\/div>\n<\/div>\n<\/section>\n<\/li>\n<\/ul>\n<p style=\"text-align: center\"><!--more--><\/p>\n<p>Esta ye l&#8217;agricultura pensada nos polinizadores. Corredores florales que y\u00e1 se t\u00e1n implementando en dellos pa\u00edses.<\/p>\n<p style=\"text-align: center\">\n<!-- iframe plugin v.6.0 wordpress.org\/plugins\/iframe\/ -->\n<iframe loading=\"lazy\" src=\"https:\/\/www.facebook.com\/plugins\/post.php?href=https%3A%2F%2Fwww.facebook.com%2Fecocolmena%2Fposts%2Fpfbid0v8WoyoX9XNxKy8YtFNsrbKYB5pU8W3WiVfRkA2adj6ASSpWyjLWqQhi8syjYNSLJl&#038;show_text=false&#038;width=500\" width=\"500\" height=\"497\" style=\"border:none;overflow:hidden\" scrolling=\"no\" frameborder=\"0\" allowfullscreen=\"true\" allow=\"autoplay; clipboard-write; encrypted-media; picture-in-picture; web-share\" 0=\"\/iframe\" class=\"iframe-class\"><\/iframe>\n<\/p>\n<p>\u00bfQu\u00e9 ye un\u00a0 corredor biol\u00f3xicu? Ye un conxuntu d&#8217;organismos, plantes y flores que favorecen l&#8217;equilibriu del ecosistema, ameyora la fertilid\u00e1 del suelu y l&#8217;harmon\u00eda del g\u00fcertu. Favorez la polinizaci\u00f3n y dispersi\u00f3n de les granes.<\/p>\n<p style=\"text-align: center\">\n<!-- iframe plugin v.6.0 wordpress.org\/plugins\/iframe\/ -->\n<iframe loading=\"lazy\" src=\"https:\/\/www.facebook.com\/plugins\/post.php?href=https%3A%2F%2Fwww.facebook.com%2FviveroCRECE%2Fposts%2Fpfbid0tfm36JLDztK9Yk1JMg4P5tvA7AchLGRj45ymHTPzRNEW6Z7mQzBrKvJdandL2dsjl&#038;show_text=false&#038;width=500\" width=\"500\" height=\"498\" style=\"border:none;overflow:hidden\" scrolling=\"no\" frameborder=\"0\" allowfullscreen=\"true\" allow=\"autoplay; clipboard-write; encrypted-media; picture-in-picture; web-share\" 0=\"\/iframe\" class=\"iframe-class\"><\/iframe>\n<\/p>\n<p>Los corredores biol\u00f3xicos son \u00e1rees que tienen una alta diversid\u00e1 de plantes con flores que son capaces d&#8217;atraer enemigos naturales que controlen les plagues y enfermedaes y ay\u00fadennos cola polinizaci\u00f3n y biodiversid\u00e1 nel g\u00fcertu. Al travi\u00e9s de estos corredores biol\u00f3xicos ye posible conectar a los insectos ben\u00e9ficos con distintos llugares del g\u00fcertu. Ye importante que nel dise\u00f1u y establecimientu de los corredores biol\u00f3xicos consid\u00e9rense especies natives, flores curioses y con d\u00f3mines de floriamientu distintos, d&#8217;esta manera&#8217;l nuesu corredor biol\u00f3xicu va poder cuntar con flores mientres tol a\u00f1u.<\/p>\n<p>Cuando unu cultiva un g\u00fcertu org\u00e1nicu tien de potenciar l&#8217;equilibriu biodiverso de fauna auxiliar ben\u00e9fica. \u00bfQu\u00e9 significa esto? Significa que por que un g\u00fcertu org\u00e1nicu s\u00eda sanu, granible y llibre de plagues debemos esmeranos en crear pontes de vexetaci\u00f3n por que non y\u00e1 polinizadores circulen por \u00e9sti, sin\u00f3n que tami\u00e9n precisamos biodiversid\u00e1 d&#8217;insectos na nuesa g\u00fcerta qu&#8217;ayuden a controlar y amenorgar les poblaciones de los insectos plagues.<\/p>\n<p><span style=\"color: #008080\"><strong>El corredor biol\u00f3xicu va apurrir a la nuesa fauna auxiliar:<\/strong><\/span><br \/>\n<span style=\"color: #008080\">? Fuentes de polen y n\u00e9ctar como alimentu complementario.<\/span><br \/>\n<span style=\"color: #008080\">? Fontes alternatives de preses n&#8217;escasez de plagues.<\/span><br \/>\n<span style=\"color: #008080\">? Abelugu en tolos sent\u00edos: protecci\u00f3n, llugar de nidificaci\u00f3n, envern\u00eda, etc.<\/span><\/p>\n<p><span style=\"color: #008080\"><strong>El corredor biol\u00f3xicu tien d&#8217;atraer los siguientes tipos d&#8217;insectos:<\/strong> <\/span><br \/>\n<span style=\"color: #008080\">? Himen\u00f3pteros par\u00e1sitos (cole\u00f3pteros y estafil\u00ednidos)<\/span><br \/>\n<span style=\"color: #008080\">?\ufe0f *Polinizadores, ar\u00e1cnidos y fauna \u00fatil polo xeneral.<\/span><\/p>\n<p>\u261d?<strong>El corredor biol\u00f3xicu tien de funcionar tol a\u00f1u tantu en primavera-branu como na seronda-iviernu.<\/strong> Y mientres m\u00e1s yerbes y flores pongas m\u00e1s protex\u00edu va tar el to g\u00fcertu. El corredor biol\u00f3xicu por que s\u00eda efectivu nun puede tar a m\u00e1s de 2M. de distancia de los cultivos.<\/p>\n<p style=\"text-align: center\"><a href=\"https:\/\/img.europapress.es\/fotoweb\/fotonoticia_20180309175506_1200.jpg\"><img loading=\"lazy\" decoding=\"async\" class=\"aligncenter size-full\" src=\"https:\/\/img.europapress.es\/fotoweb\/fotonoticia_20180309175506_1200.jpg\" width=\"1200\" height=\"800\" \/><\/a><\/p>\n<blockquote><p><em><span style=\"color: #008080\">Un<\/span><b>corredor ecol\u00f3gico, corredor biol\u00f3gico, corredor verde<\/b> o <b>corredor de conservaci\u00f3n<\/b> es una ruta dise\u00f1ada para conectar \u00e1reas naturales que comparten caracter\u00edsticas ambientales similares<sup id=\"cite_ref-1\" class=\"reference separada\"><a href=\"https:\/\/es.wikipedia.org\/wiki\/Corredor_ecol%C3%B3gico#cite_note-1\">1<\/a><\/sup>\u200b con el objetivo de preservar la <a title=\"Biodiversidad\" href=\"https:\/\/es.wikipedia.org\/wiki\/Biodiversidad\">biodiversidad<\/a>, prevenir la <a title=\"Fragmentaci\u00f3n de h\u00e1bitat\" href=\"https:\/\/es.wikipedia.org\/wiki\/Fragmentaci%C3%B3n_de_h%C3%A1bitat\">fragmentaci\u00f3n<\/a> de los <a title=\"H\u00e1bitat\" href=\"https:\/\/es.wikipedia.org\/wiki\/H%C3%A1bitat\">h\u00e1bitats<\/a>, y favorecer la migraci\u00f3n, dispersi\u00f3n, vinculaci\u00f3n e interrelaci\u00f3n de poblaciones de flora y fauna silvestres.<\/em><\/p><\/blockquote>\n<p style=\"text-align: center\"><a href=\"https:\/\/static.elcomercio.es\/www\/multimedia\/202107\/13\/media\/bulnes.jpg\"><img loading=\"lazy\" decoding=\"async\" class=\"aligncenter size-full\" src=\"https:\/\/static.elcomercio.es\/www\/multimedia\/202107\/13\/media\/bulnes.jpg\" width=\"1374\" height=\"916\" \/><\/a><\/p>\n<h1 class=\"v-a-t\" style=\"text-align: center\"><em><span style=\"font-size: 24px\">Cabrales incorp\u00f3rase&#8217;l Corredor Biol\u00f3gico Mundial<\/span><\/em><\/h1>\n<p>Na actualid\u00e1, la<a href=\"https:\/\/www.boe.es\/buscar\/act.php?id=BOE-A-2007-21490\"> <strong>Llei 42\/2007, de 13 d&#8217;avientu, del Patrimoniu Natural y de la Biodiversid\u00e1<\/strong><\/a>, qu&#8217;actualiza y sustit\u00fai a la Llei 4\/1989, de 27 de marzu, de Caltenimientu de los Espacios Naturales y de la Flora y Fauna Montesa, constit\u00fai&#8217;l <strong>marcu llegal estatal b\u00e1sicu en materia de caltenimientu de los espacios naturales.<\/strong><\/p>\n<p>Asturies: Los espacios naturales protex\u00edos queden clasificaos, siquier, y en funci\u00f3n de los bienes y valores a protexer, y de los oxetivos de xesti\u00f3n a cumplir, nes siguientes categor\u00edes: <strong>Parques, Reserves naturales, \u00c1rees Marines protex\u00edes, Monumentos naturales, Paisaxes protex\u00edos.<\/strong><\/p>\n<p>Como noved\u00e1 venceyada a l&#8217;aplicaci\u00f3n d&#8217;esta Llei atopa la de constituyir un marcu normativu com\u00fan para los espacios naturales protex\u00edos, los espacios protex\u00edos Natura 2000 y les \u00e1rees designaes de conformid\u00e1 colo dispuesto nos Convenios y Alcuerdos internacionales (G\u00fcelgues d&#8217;importancia internacional, Reserves de la Biosfera, etc.), arrexunt\u00e1ndolos, per primer vegada, nun inventariu conxuntu d&#8217;espacios del patrimoniu natural y de la biodiversid\u00e1.<\/p>\n<p>&nbsp;<\/p>\n<p>Am\u00e1s, incorpora a la planificaci\u00f3n ambiental la esistencia de corredores ecol\u00f3xicos, y la necesid\u00e1 de fomentar el so caltenimientu y la xesti\u00f3n de toos aquellos elementos del paisaxe y \u00e1rees territoriales que resulten esenciales para llograr la *conectividad ecol\u00f3xica del territoriu ysobremanera, ente los espacios protex\u00edos Rede *Natura 2000 y ente los espacios naturales de singular relevancia pa la biodiversid\u00e1 y la *geodiversidad.<\/p>\n<p style=\"text-align: center\"><a href=\"https:\/\/wwflac.awsassets.panda.org\/img\/original\/corredores_biologicos_imagen_18_de_mayo.png\"><img loading=\"lazy\" decoding=\"async\" class=\"aligncenter size-full\" src=\"https:\/\/wwflac.awsassets.panda.org\/img\/original\/corredores_biologicos_imagen_18_de_mayo.png\" width=\"800\" height=\"800\" \/><\/a><\/p>\n","protected":false},"excerpt":{"rendered":"<p>\u00a0Son los caminos naturales que conecten ecosistemas. Fonte: Sra. Cactus Vivero \u00a0 \/ imaxe https:\/\/corredorbiologicomundial.org\/ P\u00f3ster gran corredor ecol\u00f3gico<\/p>\n","protected":false},"author":117,"featured_media":0,"comment_status":"open","ping_status":"open","sticky":false,"template":"","format":"standard","meta":{"footnotes":""},"categories":[4],"tags":[],"class_list":["post-19175","post","type-post","status-publish","format-standard","hentry","category-natura"],"_links":{"self":[{"href":"https:\/\/edublog.educastur.es\/ixuxu\/wp-json\/wp\/v2\/posts\/19175","targetHints":{"allow":["GET"]}}],"collection":[{"href":"https:\/\/edublog.educastur.es\/ixuxu\/wp-json\/wp\/v2\/posts"}],"about":[{"href":"https:\/\/edublog.educastur.es\/ixuxu\/wp-json\/wp\/v2\/types\/post"}],"author":[{"embeddable":true,"href":"https:\/\/edublog.educastur.es\/ixuxu\/wp-json\/wp\/v2\/users\/117"}],"replies":[{"embeddable":true,"href":"https:\/\/edublog.educastur.es\/ixuxu\/wp-json\/wp\/v2\/comments?post=19175"}],"version-history":[{"count":14,"href":"https:\/\/edublog.educastur.es\/ixuxu\/wp-json\/wp\/v2\/posts\/19175\/revisions"}],"predecessor-version":[{"id":19584,"href":"https:\/\/edublog.educastur.es\/ixuxu\/wp-json\/wp\/v2\/posts\/19175\/revisions\/19584"}],"wp:attachment":[{"href":"https:\/\/edublog.educastur.es\/ixuxu\/wp-json\/wp\/v2\/media?parent=19175"}],"wp:term":[{"taxonomy":"category","embeddable":true,"href":"https:\/\/edublog.educastur.es\/ixuxu\/wp-json\/wp\/v2\/categories?post=19175"},{"taxonomy":"post_tag","embeddable":true,"href":"https:\/\/edublog.educastur.es\/ixuxu\/wp-json\/wp\/v2\/tags?post=19175"}],"curies":[{"name":"wp","href":"https:\/\/api.w.org\/{rel}","templated":true}]}}