{"id":1941,"date":"2020-12-18T18:00:02","date_gmt":"2020-12-18T16:00:02","guid":{"rendered":"https:\/\/edublog.educastur.es\/ixuxu\/?p=1941"},"modified":"2020-12-19T17:54:05","modified_gmt":"2020-12-19T15:54:05","slug":"cuentinos-dende-la-radio","status":"publish","type":"post","link":"https:\/\/edublog.educastur.es\/ixuxu\/2020\/12\/cuentinos-dende-la-radio\/","title":{"rendered":"Cuentinos dende la radio"},"content":{"rendered":"<p><img loading=\"lazy\" decoding=\"async\" class=\"alignnone \" src=\"https:\/\/scontent.fmad7-1.fna.fbcdn.net\/v\/t1.0-9\/131662592_1090004854847406_5155780095463346021_o.jpg?_nc_cat=105&amp;ccb=2&amp;_nc_sid=730e14&amp;_nc_ohc=P-xWqnuNVYAAX870yQW&amp;_nc_ht=scontent.fmad7-1.fna&amp;oh=902f3a19882727c333ca800389e1d589&amp;oe=6002F2A8\" width=\"282\" height=\"401\" \/><\/p>\n<div class=\"\" dir=\"auto\">\n<div class=\"\" dir=\"auto\">\n<div class=\"ecm0bbzt hv4rvrfc ihqw7lf3 dati1w0a\" data-ad-comet-preview=\"message\" data-ad-preview=\"message\">\n<div class=\"j83agx80 cbu4d94t ew0dbk1b irj2b8pg\">\n<div class=\"qzhwtbm6 knvmm38d\">\n<div class=\"kvgmc6g5 cxmmr5t8 oygrvhab hcukyx3x c1et5uql ii04i59q\">\n<div dir=\"auto\"><span style=\"text-decoration: underline;color: #008080\"><em><strong>Cuentinos dende la radio<\/strong> <\/em><\/span>ya ta equ\u00ed, el pieslle d&#8217;una trilox\u00eda qu&#8217;entamara con Cuentinos dende Are\u00f1es (2018) y al que seguir\u00eda Sua\u00f1ando dende Are\u00f1es (2019).<\/div>\n<div dir=\"auto\"><\/div>\n<div dir=\"auto\">En Cuentinos dende la radio vais poder alcontrar una antolox\u00eda colos nuevos cuentos qu&#8217;entamara narrar en Onda Cero, convidau pol grand\u00edsimu Enrique Carballeira, el 17 de Marzu d&#8217;esti a\u00f1u 2020 y que contin\u00fao narrando cada d\u00eda.<\/div>\n<div dir=\"auto\">\n<p><!--more--><\/p>\n<\/div>\n<div dir=\"auto\">Son 9 meses presentando delantre&#8217;l micr\u00f3fonu un cuent\u00edn diariu, col prop\u00f3situ de sacar una sonrisa al oyente y agora esi oyente tien la oportunid\u00e1 de convertise tami\u00e9n en llector d&#8217;eses hestories.<\/div>\n<div dir=\"auto\"><\/div>\n<div dir=\"auto\">El pr\u00f3logu ye d&#8217;<a href=\"http:\/\/www.asturtoons.es\/\">Enrique Carballeira<\/a> (como nun pod\u00eda ser d&#8217;otra forma) y les illustraciones van a cargu una vegada m\u00e1s de Maitetxu Isla.<\/div>\n<div dir=\"auto\"><\/div>\n<div dir=\"auto\">Intentaremos poder facer una presentaci\u00f3n en L&#8217;Infiestu prosimamente y tami\u00e9n habr\u00e1 dalg\u00fan puntu de venta na capital pilo\u00f1esa.<\/div>\n<div dir=\"auto\"><\/div>\n<div dir=\"auto\"><a href=\"https:\/\/www.facebook.com\/groups\/1561326180565614\/user\/100015137050579\"><span style=\"text-decoration: underline;color: #008080\">Hasta ent\u00f3s, pod\u00e9is reservar el vuesu exemplar enviando un mensax privau a Maxi Are\u00f1es.<\/span><\/a><\/div>\n<ul>\n<li><a href=\"https:\/\/twitter.com\/arenesmaxi?lang=es\">Twitter de Maxi Are\u00f1es<\/a><\/li>\n<li><a href=\"https:\/\/www.youtube.com\/channel\/UC3ay-jQ_nzKSjEjoKoAX3Fw?app=desktop\">Youtube de Maxi Are\u00f1es<\/a><\/li>\n<\/ul>\n<\/div>\n<\/div>\n<\/div>\n<\/div>\n<\/div>\n<\/div>\n<ul>\n<li>Fonte: <a href=\"https:\/\/www.facebook.com\/groups\/1561326180565614\/permalink\/3882069518491257\/?flite=scwspnss\"><span class=\"d2edcug0 hpfvmrgz qv66sw1b c1et5uql rrkovp55 a8c37x1j keod5gw0 nxhoafnm aigsh9s9 embtmqzv fe6kdd0r mau55g9w c8b282yb hrzyx87i m6dqt4wy h7mekvxk hnhda86s oo9gr5id hzawbc8m\" dir=\"auto\">POLA OFICIALID\u00c1 L&#8217;ASTURIANU Y A FALA EONAVIEGA<\/span><\/a><\/li>\n<\/ul>\n","protected":false},"excerpt":{"rendered":"<p>Cuentinos dende la radio ya ta equ\u00ed, el pieslle d&#8217;una trilox\u00eda qu&#8217;entamara con Cuentinos dende Are\u00f1es (2018) y al que seguir\u00eda Sua\u00f1ando dende Are\u00f1es (2019). En Cuentinos dende la radio vais poder alcontrar una antolox\u00eda colos nuevos cuentos qu&#8217;entamara narrar en Onda Cero, convidau pol grand\u00edsimu Enrique Carballeira, el 17 de Marzu d&#8217;esti a\u00f1u 2020 [&hellip;]<\/p>\n","protected":false},"author":117,"featured_media":0,"comment_status":"closed","ping_status":"open","sticky":false,"template":"","format":"standard","meta":{"footnotes":""},"categories":[7],"tags":[],"class_list":["post-1941","post","type-post","status-publish","format-standard","hentry","category-cuentos"],"_links":{"self":[{"href":"https:\/\/edublog.educastur.es\/ixuxu\/wp-json\/wp\/v2\/posts\/1941","targetHints":{"allow":["GET"]}}],"collection":[{"href":"https:\/\/edublog.educastur.es\/ixuxu\/wp-json\/wp\/v2\/posts"}],"about":[{"href":"https:\/\/edublog.educastur.es\/ixuxu\/wp-json\/wp\/v2\/types\/post"}],"author":[{"embeddable":true,"href":"https:\/\/edublog.educastur.es\/ixuxu\/wp-json\/wp\/v2\/users\/117"}],"replies":[{"embeddable":true,"href":"https:\/\/edublog.educastur.es\/ixuxu\/wp-json\/wp\/v2\/comments?post=1941"}],"version-history":[{"count":3,"href":"https:\/\/edublog.educastur.es\/ixuxu\/wp-json\/wp\/v2\/posts\/1941\/revisions"}],"predecessor-version":[{"id":1971,"href":"https:\/\/edublog.educastur.es\/ixuxu\/wp-json\/wp\/v2\/posts\/1941\/revisions\/1971"}],"wp:attachment":[{"href":"https:\/\/edublog.educastur.es\/ixuxu\/wp-json\/wp\/v2\/media?parent=1941"}],"wp:term":[{"taxonomy":"category","embeddable":true,"href":"https:\/\/edublog.educastur.es\/ixuxu\/wp-json\/wp\/v2\/categories?post=1941"},{"taxonomy":"post_tag","embeddable":true,"href":"https:\/\/edublog.educastur.es\/ixuxu\/wp-json\/wp\/v2\/tags?post=1941"}],"curies":[{"name":"wp","href":"https:\/\/api.w.org\/{rel}","templated":true}]}}