{"id":19417,"date":"2023-05-07T09:00:18","date_gmt":"2023-05-07T07:00:18","guid":{"rendered":"https:\/\/edublog.educastur.es\/ixuxu\/?p=19417"},"modified":"2023-05-07T21:13:44","modified_gmt":"2023-05-07T19:13:44","slug":"feliz-dia-de-la-ma","status":"publish","type":"post","link":"https:\/\/edublog.educastur.es\/ixuxu\/2023\/05\/feliz-dia-de-la-ma\/","title":{"rendered":"Feliz D\u00eda de la m\u00e1"},"content":{"rendered":"<div dir=\"auto\" style=\"text-align: center\">\n<!-- iframe plugin v.6.0 wordpress.org\/plugins\/iframe\/ -->\n<iframe loading=\"lazy\" src=\"https:\/\/www.facebook.com\/plugins\/post.php?href=https%3A%2F%2Fwww.facebook.com%2Fserasturianu%2Fposts%2Fpfbid0V1KWsFhHtim6nu5sqi3pTVJKRM4ab7J2tEdo2drFk6G2LnmuuV23rDvJooiKM92Fl&#038;show_text=false&#038;width=500\" width=\"500\" height=\"498\" style=\"border:none;overflow:hidden\" scrolling=\"no\" frameborder=\"0\" allowfullscreen=\"true\" allow=\"autoplay; clipboard-write; encrypted-media; picture-in-picture; web-share\" 0=\"\/iframe\" class=\"iframe-class\"><\/iframe>\n<\/div>\n<div class=\"xdj266r x11i5rnm xat24cr x1mh8g0r x1vvkbs x126k92a\">\n<ul>\n<li>Fonte: Dicires \/<a href=\"https:\/\/www.facebook.com\/serasturianu\/?__cft__[0]=AZVvq0xVxYUPuTPJtJBPyxurUi8NB06XX3Tg7cso9EoGyMPyzmRBQiW0aT9DCBLwR9Rz_6na0wN9ajJ-GKzkodBkVYLUiH7uZ1E0NEkZqAdBQq3smmeOxrEPfggAL6ZDo_IEG8UxAdEW9dxiVE4pavoxoUDLmBL4ewbkdnFUJTopSyR9fpS_uqozHgkgxX9EZc__Tnzxo6E9gUEKDlJcd-eF&amp;__tn__=-UC*F\"> Ser Asturianu<\/a> \/<a href=\"https:\/\/scontent.fmad7-1.fna.fbcdn.net\/v\/t39.30808-6\/344925143_260438556367605_195613211462679381_n.jpg?_nc_cat=105&amp;ccb=1-7&amp;_nc_sid=a26aad&amp;_nc_ohc=z75yi7SYmXEAX-A9Rwc&amp;_nc_ht=scontent.fmad7-1.fna&amp;oh=00_AfAY-wh7In0tfyKlwolsYr8pEkC_7jMDJi9TE327kn78mg&amp;oe=645D4B1F\"> imaxe<\/a><\/li>\n<\/ul>\n<div dir=\"auto\">Non toos tenemos la suerte de tener a la nuestra madre con n\u00f3s, otros simplemente nun guardamos una bona rellaci\u00f3n con ella&#8230;Por eso, dende Ser Asturianu propon\u00e9mosvos otra manera de celebrar el <a class=\"x1i10hfl xjbqb8w x6umtig x1b1mbwd xaqea5y xav7gou x9f619 x1ypdohk xt0psk2 xe8uvvx xdj266r x11i5rnm xat24cr x1mh8g0r xexx8yu x4uap5 x18d9i69 xkhd6sd x16tdsg8 x1hl2dhg xggy1nq x1a2a7pz xt0b8zv x1qq9wsj xo1l8bm\" role=\"link\" href=\"https:\/\/www.facebook.com\/hashtag\/d%C3%ADadelamadre?__eep__=6&amp;__cft__[0]=AZVn9-X5inNVouE0aWdTcKOxA2l8ss5Sb4cXPVIENdiOeJFqXlUSo10gkJV63ZJecXUkRg7oMbr1Nb591RmxIrc5LY3W10bqIx-OSUHPiFbIpQ4kG3DDRmop7VPr4ucqEySptADoqKbELnNU899ToDcb-fSTX6bTzbFe6mCtuMcebg3tSVP1Ids0Ztq7_-wK-lAdiQjstFLZSewclgVDg_1P&amp;__tn__=*NK-y-R\">#D\u00edadelaMadre<\/a> m\u00e1s emp\u00e1tica y menos ostentosa <span class=\"x3nfvp2 x1j61x8r x1fcty0u xdj266r xhhsvwb xat24cr xgzva0m xxymvpz xlup9mm x1kky2od\"><img loading=\"lazy\" decoding=\"async\" src=\"https:\/\/static.xx.fbcdn.net\/images\/emoji.php\/v9\/t16\/1.5\/16\/1f34f.png\" alt=\"?\" width=\"16\" height=\"16\" \/><\/span><a class=\"x1i10hfl xjbqb8w x6umtig x1b1mbwd xaqea5y xav7gou x9f619 x1ypdohk xt0psk2 xe8uvvx xdj266r x11i5rnm xat24cr x1mh8g0r xexx8yu x4uap5 x18d9i69 xkhd6sd x16tdsg8 x1hl2dhg xggy1nq x1a2a7pz xt0b8zv x1qq9wsj xo1l8bm\" role=\"link\" href=\"https:\/\/www.facebook.com\/hashtag\/madre?__eep__=6&amp;__cft__[0]=AZVn9-X5inNVouE0aWdTcKOxA2l8ss5Sb4cXPVIENdiOeJFqXlUSo10gkJV63ZJecXUkRg7oMbr1Nb591RmxIrc5LY3W10bqIx-OSUHPiFbIpQ4kG3DDRmop7VPr4ucqEySptADoqKbELnNU899ToDcb-fSTX6bTzbFe6mCtuMcebg3tSVP1Ids0Ztq7_-wK-lAdiQjstFLZSewclgVDg_1P&amp;__tn__=*NK-y-R\">#Madre<\/a>: posu form\u00e1u pol formientu y otros elementos inertes qu&#8217;apaez en delles beb\u00edes, como la <a class=\"x1i10hfl xjbqb8w x6umtig x1b1mbwd xaqea5y xav7gou x9f619 x1ypdohk xt0psk2 xe8uvvx xdj266r x11i5rnm xat24cr x1mh8g0r xexx8yu x4uap5 x18d9i69 xkhd6sd x16tdsg8 x1hl2dhg xggy1nq x1a2a7pz xt0b8zv x1qq9wsj xo1l8bm\" role=\"link\" href=\"https:\/\/www.facebook.com\/hashtag\/sidra?__eep__=6&amp;__cft__[0]=AZVn9-X5inNVouE0aWdTcKOxA2l8ss5Sb4cXPVIENdiOeJFqXlUSo10gkJV63ZJecXUkRg7oMbr1Nb591RmxIrc5LY3W10bqIx-OSUHPiFbIpQ4kG3DDRmop7VPr4ucqEySptADoqKbELnNU899ToDcb-fSTX6bTzbFe6mCtuMcebg3tSVP1Ids0Ztq7_-wK-lAdiQjstFLZSewclgVDg_1P&amp;__tn__=*NK-y-R\">#sidra<\/a> y que ye, al tiempu un bon indicador de calid\u00e1.<\/div>\n<\/div>\n","protected":false},"excerpt":{"rendered":"<p>Fonte: Dicires \/ Ser Asturianu \/ imaxe Non toos tenemos la suerte de tener a la nuestra madre con n\u00f3s, otros simplemente nun guardamos una bona rellaci\u00f3n con ella&#8230;Por eso, dende Ser Asturianu propon\u00e9mosvos otra manera de celebrar el #D\u00edadelaMadre m\u00e1s emp\u00e1tica y menos ostentosa #Madre: posu form\u00e1u pol formientu y otros elementos inertes qu&#8217;apaez [&hellip;]<\/p>\n","protected":false},"author":117,"featured_media":0,"comment_status":"open","ping_status":"open","sticky":false,"template":"","format":"standard","meta":{"footnotes":""},"categories":[6,155,147,156],"tags":[],"class_list":["post-19417","post","type-post","status-publish","format-standard","hentry","category-dia-de","category-dicires","category-ser-asturianu","category-sidre"],"_links":{"self":[{"href":"https:\/\/edublog.educastur.es\/ixuxu\/wp-json\/wp\/v2\/posts\/19417","targetHints":{"allow":["GET"]}}],"collection":[{"href":"https:\/\/edublog.educastur.es\/ixuxu\/wp-json\/wp\/v2\/posts"}],"about":[{"href":"https:\/\/edublog.educastur.es\/ixuxu\/wp-json\/wp\/v2\/types\/post"}],"author":[{"embeddable":true,"href":"https:\/\/edublog.educastur.es\/ixuxu\/wp-json\/wp\/v2\/users\/117"}],"replies":[{"embeddable":true,"href":"https:\/\/edublog.educastur.es\/ixuxu\/wp-json\/wp\/v2\/comments?post=19417"}],"version-history":[{"count":3,"href":"https:\/\/edublog.educastur.es\/ixuxu\/wp-json\/wp\/v2\/posts\/19417\/revisions"}],"predecessor-version":[{"id":19420,"href":"https:\/\/edublog.educastur.es\/ixuxu\/wp-json\/wp\/v2\/posts\/19417\/revisions\/19420"}],"wp:attachment":[{"href":"https:\/\/edublog.educastur.es\/ixuxu\/wp-json\/wp\/v2\/media?parent=19417"}],"wp:term":[{"taxonomy":"category","embeddable":true,"href":"https:\/\/edublog.educastur.es\/ixuxu\/wp-json\/wp\/v2\/categories?post=19417"},{"taxonomy":"post_tag","embeddable":true,"href":"https:\/\/edublog.educastur.es\/ixuxu\/wp-json\/wp\/v2\/tags?post=19417"}],"curies":[{"name":"wp","href":"https:\/\/api.w.org\/{rel}","templated":true}]}}