{"id":19464,"date":"2023-05-08T14:17:58","date_gmt":"2023-05-08T12:17:58","guid":{"rendered":"https:\/\/edublog.educastur.es\/ixuxu\/?p=19464"},"modified":"2023-05-08T14:17:58","modified_gmt":"2023-05-08T12:17:58","slug":"xornaes-pioneres-nel-mundu-del-vinu-del-23-25-de-xunu","status":"publish","type":"post","link":"https:\/\/edublog.educastur.es\/ixuxu\/2023\/05\/xornaes-pioneres-nel-mundu-del-vinu-del-23-25-de-xunu\/","title":{"rendered":"Xorn\u00e1es pioneres nel mundu del vinu, del 23-25 de xunu"},"content":{"rendered":"<p style=\"text-align: center\">\n<!-- iframe plugin v.6.0 wordpress.org\/plugins\/iframe\/ -->\n<iframe loading=\"lazy\" src=\"https:\/\/www.facebook.com\/plugins\/post.php?href=https%3A%2F%2Fwww.facebook.com%2Fpermalink.php%3Fstory_fbid%3Dpfbid07YS9iH7RFNudmduS4mJQq8JwDoFAgGjMhagP2CfLvhon6698GxWD4bU5ZtuS7KhLl%26id%3D100092378760208&#038;show_text=false&#038;width=500\" width=\"500\" height=\"497\" style=\"border:none;overflow:hidden\" scrolling=\"no\" frameborder=\"0\" allowfullscreen=\"true\" allow=\"autoplay; clipboard-write; encrypted-media; picture-in-picture; web-share\" 0=\"\/iframe\" class=\"iframe-class\"><\/iframe>\n<\/p>\n<p><span class=\"x193iq5w xeuugli x13faqbe x1vvkbs x1xmvt09 x1lliihq x1s928wv xhkezso x1gmr53x x1cpjm7i x1fgarty x1943h6x xudqn12 x3x7a5m x1f6kntn xvq8zen xo1l8bm xzsf02u\" dir=\"auto\"><span class=\"x3nfvp2 x1j61x8r x1fcty0u xdj266r xhhsvwb xat24cr xgzva0m xxymvpz xlup9mm x1kky2od\"><img loading=\"lazy\" decoding=\"async\" src=\"https:\/\/static.xx.fbcdn.net\/images\/emoji.php\/v9\/tad\/2\/16\/1f347.png\" alt=\"?\" width=\"16\" height=\"16\" \/><\/span> \u00a1Bienven\u00edos y bienven\u00edes a ???\u0303? ? ????: alcuentru ?\u2019ar?? ? ???u! Enll\u00e9nanos d&#8217;ilusi\u00f3n anunciar la primer edici\u00f3n d&#8217;unes xornaes pioneres nel mundu del vinu celebraes nel territoriu de Cangas del Narcea, el coraz\u00f3n vin\u00edcola d&#8217;Asturies. <a class=\"et_pb_button et_pb_button_0 et_pb_bg_layout_dark\" href=\"https:\/\/xn--viayobra-e3a.com\/wp-content\/uploads\/2023\/05\/VyO_DossierWeb.pdf\">Descargar<\/a> dossier<br \/>\n<\/span><\/p>\n<p><span class=\"x193iq5w xeuugli x13faqbe x1vvkbs x1xmvt09 x1lliihq x1s928wv xhkezso x1gmr53x x1cpjm7i x1fgarty x1943h6x xudqn12 x3x7a5m x1f6kntn xvq8zen xo1l8bm xzsf02u\" dir=\"auto\"><!--more--><\/span><\/p>\n<blockquote>\n<div class=\"et_pb_module et_pb_text et_pb_text_0_tb_header  et_pb_text_align_center et_pb_bg_layout_light\">\n<div class=\"et_pb_text_inner\">\n<p><em><span style=\"color: #008080\">Esi suerbu de vinu que celebra l\u2019amist\u00e1, la lliturxa, que sella los pactos ya inspira poemes,<\/span><\/em><br \/>\n<em><span style=\"color: #008080\">naz de la tierra y a ella torna.<\/span><\/em><\/p>\n<p><em><span style=\"color: #008080\">El cam\u00edn de la vi\u00f1a a la copa tami\u00e9n ye\u2019l cam\u00edn del arte.<\/span><\/em><br \/>\n<em><span style=\"color: #008080\">Naturaleza que llelda hasta convertise en versu, pincelada o partitura.<\/span><\/em><\/p>\n<\/div>\n<\/div>\n<\/blockquote>\n<div class=\"et_pb_module et_pb_text et_pb_text_0_tb_header  et_pb_text_align_center et_pb_bg_layout_light\">\n<div class=\"et_pb_text_inner\">\n<p><strong>Vi\u00f1a y obra <\/strong>anueva esi venceyu que simboliza\u2019l vinu. Unes xornaes nes que lliteratura, m\u00fasica, danza, artes pl\u00e1stiques o arqueolox\u00eda van buscar la so sinton\u00eda colos vinos que nacen de les vi\u00f1es de Cangas del Narcea. Maridaxe de tradici\u00f3n y vanguardia del que van remanecer relatos inesperaos, otra mirada sobre la nuesa identid\u00e1 y paisaxe.<\/p>\n<p><span class=\"x193iq5w xeuugli x13faqbe x1vvkbs x1xmvt09 x1lliihq x1s928wv xhkezso x1gmr53x x1cpjm7i x1fgarty x1943h6x xudqn12 x3x7a5m x1f6kntn xvq8zen xo1l8bm xzsf02u\" dir=\"auto\"><br \/>\nDende&#8217;l Parador Nacional de Corias, esp\u00e9rennos tr\u00e9s d\u00edes d&#8217;un intensu programa gratuitu onde la lliteratura, la m\u00fasica, la danza, les artes pl\u00e1stiques y l&#8217;arqueolox\u00eda van buscar la so sinton\u00eda colos vinos que nacen de les vi\u00f1es de Cangas al travi\u00e9s de charres, degustaciones, conciertos y talleres. <span class=\"x3nfvp2 x1j61x8r x1fcty0u xdj266r xhhsvwb xat24cr xgzva0m xxymvpz xlup9mm x1kky2od\"><img loading=\"lazy\" decoding=\"async\" src=\"https:\/\/static.xx.fbcdn.net\/images\/emoji.php\/v9\/t21\/2\/16\/1f3a8.png\" alt=\"?\" width=\"16\" height=\"16\" \/><\/span><span class=\"x3nfvp2 x1j61x8r x1fcty0u xdj266r xhhsvwb xat24cr xgzva0m xxymvpz xlup9mm x1kky2od\"><img loading=\"lazy\" decoding=\"async\" src=\"https:\/\/static.xx.fbcdn.net\/images\/emoji.php\/v9\/t8a\/2\/16\/1f377.png\" alt=\"?\" width=\"16\" height=\"16\" \/><\/span><span class=\"x3nfvp2 x1j61x8r x1fcty0u xdj266r xhhsvwb xat24cr xgzva0m xxymvpz xlup9mm x1kky2od\"><img loading=\"lazy\" decoding=\"async\" src=\"https:\/\/static.xx.fbcdn.net\/images\/emoji.php\/v9\/tbe\/2\/16\/1f3b6.png\" alt=\"?\" width=\"16\" height=\"16\" \/><\/span> \u00bfAy\u00fadesnos a espublizar el cartelu?<\/p>\n<p><span class=\"x3nfvp2 x1j61x8r x1fcty0u xdj266r xhhsvwb xat24cr xgzva0m xxymvpz xlup9mm x1kky2od\"><img loading=\"lazy\" decoding=\"async\" src=\"https:\/\/static.xx.fbcdn.net\/images\/emoji.php\/v9\/t9e\/2\/16\/1f4c6.png\" alt=\"?\" width=\"16\" height=\"16\" \/><\/span> Del 23 al 25 de xunu<br \/>\n<span class=\"x3nfvp2 x1j61x8r x1fcty0u xdj266r xhhsvwb xat24cr xgzva0m xxymvpz xlup9mm x1kky2od\"><img loading=\"lazy\" decoding=\"async\" src=\"https:\/\/static.xx.fbcdn.net\/images\/emoji.php\/v9\/tcc\/2\/16\/1f4cd.png\" alt=\"?\" width=\"16\" height=\"16\" \/><\/span>Parador Nacional de Corias (Cangas del Narcea)<br \/>\n<span class=\"x3nfvp2 x1j61x8r x1fcty0u xdj266r xhhsvwb xat24cr xgzva0m xxymvpz xlup9mm x1kky2od\"><img loading=\"lazy\" decoding=\"async\" src=\"https:\/\/static.xx.fbcdn.net\/images\/emoji.php\/v9\/t52\/2\/16\/1f517.png\" alt=\"?\" width=\"16\" height=\"16\" \/><\/span> Informaci\u00f3n y reserves en <a class=\"x1i10hfl xjbqb8w x6umtig x1b1mbwd xaqea5y xav7gou x9f619 x1ypdohk xt0psk2 xe8uvvx xdj266r x11i5rnm xat24cr x1mh8g0r xexx8yu x4uap5 x18d9i69 xkhd6sd x16tdsg8 x1hl2dhg xggy1nq x1a2a7pz xt0b8zv x1fey0fg\" role=\"link\" href=\"https:\/\/l.facebook.com\/l.php?u=https%3A%2F%2Fxn--viayobra-e3a.com%2F%3Ffbclid%3DIwAR3fRA_kNAx7O0LPdpG6_Fs3MW2Q4z_SiFTHvRuUgLblkdlpQwP-UEHZ0zI&amp;h=AT2JKSQvcmLnyK_HYgCyQef5d8m9dXJnEM9shbJAAPwfddB2EcvzB5cI4j6H572mz1hPN0MHRnUmvhJAcTNi-mStH-gNnZsz-0VnfmcoeuUi4J5gloNGPrqV-zWMgq2aBQ&amp;__tn__=-UK*F&amp;c[0]=AT0Tt2x0LvBQ5gxCvwK25JDm3ZFtuiZKUXdkyS3DGhTtzrjfYqQvz2WjSWa2KzvM9ibdjzd8Sj52djfEoXusbz06-rqpMEUtDiW0wDzgpUdFn9TyqPVZ6q2PaZeFUj3MAo2XpbXIwn6mOg6SbyuxgTVVAIT-2YZ1yoVwpBy7q_j0zi51ThkFYuzPclKVzFTljUge5BRH05gVCUl7k9HxZ4SmLywojGYJOppCxJ4\" target=\"_blank\" rel=\"nofollow noopener\">https:\/\/xn--viayobra-e3a.com\/<\/a><\/span><\/p>\n<\/div>\n<\/div>\n","protected":false},"excerpt":{"rendered":"<p>\u00a1Bienven\u00edos y bienven\u00edes a ???\u0303? ? ????: alcuentru ?\u2019ar?? ? ???u! Enll\u00e9nanos d&#8217;ilusi\u00f3n anunciar la primer edici\u00f3n d&#8217;unes xornaes pioneres nel mundu del vinu celebraes nel territoriu de Cangas del Narcea, el coraz\u00f3n vin\u00edcola d&#8217;Asturies. Descargar dossier<\/p>\n","protected":false},"author":117,"featured_media":0,"comment_status":"open","ping_status":"open","sticky":false,"template":"","format":"standard","meta":{"footnotes":""},"categories":[138],"tags":[],"class_list":["post-19464","post","type-post","status-publish","format-standard","hentry","category-alimentos"],"_links":{"self":[{"href":"https:\/\/edublog.educastur.es\/ixuxu\/wp-json\/wp\/v2\/posts\/19464","targetHints":{"allow":["GET"]}}],"collection":[{"href":"https:\/\/edublog.educastur.es\/ixuxu\/wp-json\/wp\/v2\/posts"}],"about":[{"href":"https:\/\/edublog.educastur.es\/ixuxu\/wp-json\/wp\/v2\/types\/post"}],"author":[{"embeddable":true,"href":"https:\/\/edublog.educastur.es\/ixuxu\/wp-json\/wp\/v2\/users\/117"}],"replies":[{"embeddable":true,"href":"https:\/\/edublog.educastur.es\/ixuxu\/wp-json\/wp\/v2\/comments?post=19464"}],"version-history":[{"count":1,"href":"https:\/\/edublog.educastur.es\/ixuxu\/wp-json\/wp\/v2\/posts\/19464\/revisions"}],"predecessor-version":[{"id":19465,"href":"https:\/\/edublog.educastur.es\/ixuxu\/wp-json\/wp\/v2\/posts\/19464\/revisions\/19465"}],"wp:attachment":[{"href":"https:\/\/edublog.educastur.es\/ixuxu\/wp-json\/wp\/v2\/media?parent=19464"}],"wp:term":[{"taxonomy":"category","embeddable":true,"href":"https:\/\/edublog.educastur.es\/ixuxu\/wp-json\/wp\/v2\/categories?post=19464"},{"taxonomy":"post_tag","embeddable":true,"href":"https:\/\/edublog.educastur.es\/ixuxu\/wp-json\/wp\/v2\/tags?post=19464"}],"curies":[{"name":"wp","href":"https:\/\/api.w.org\/{rel}","templated":true}]}}