{"id":19483,"date":"2023-05-09T12:10:38","date_gmt":"2023-05-09T10:10:38","guid":{"rendered":"https:\/\/edublog.educastur.es\/ixuxu\/?p=19483"},"modified":"2023-05-09T19:23:00","modified_gmt":"2023-05-09T17:23:00","slug":"toles-actividaes-para-celebrar-la-feria-de-lascension-nuvieu","status":"publish","type":"post","link":"https:\/\/edublog.educastur.es\/ixuxu\/2023\/05\/toles-actividaes-para-celebrar-la-feria-de-lascension-nuvieu\/","title":{"rendered":"Toles actividaes para celebrar la feria de L&#8217;Ascensi\u00f3n n&#8217;Uvi\u00e9u"},"content":{"rendered":"<ul>\n<li><a href=\"https:\/\/www.lavozdeasturias.es\/noticia\/oviedo\/voz-oviedo\/2023\/05\/09\/actividades-celebrar-feria-ascension-oviedo\/00031683618039348421379.htm?utm_source=facebook&amp;utm_medium=referral&amp;utm_campaign=fbgen_a\">Fonte: La Voz<\/a> \/<a href=\"https:\/\/www.visitoviedo.info\/folixa\/feria-de-la-ascension?fbclid=IwAR0Anf_TXApcOwxO3eubm7QkCw6dg8HgHpYez-4K_OtgrIA9H4DDeYQ1n3M\"> VisitOviedo<\/a> \/<\/li>\n<li>\n<p id=\"yui_patched_v3_11_0_1_1683652759681_527\"><a id=\"yui_patched_v3_11_0_1_1683652759681_526\" href=\"https:\/\/www.visitoviedo.info\/documents\/25059\/2004891\/Poliptico+Feria+2023+definitivo.pdf\/ee245bcd-6644-4f02-8267-ba6ecb50f747\"><strong>Programa completo de la Ascensi\u00f3n 2023<\/strong><\/a><\/p>\n<p>&nbsp;<\/li>\n<\/ul>\n<p style=\"text-align: center\"><a href=\"https:\/\/www.visitoviedo.info\/documents\/25059\/2004891\/Poliptico+Feria+2023+definitivo.pdf\/ee245bcd-6644-4f02-8267-ba6ecb50f747\"><img loading=\"lazy\" decoding=\"async\" class=\"aligncenter\" src=\"https:\/\/www.visitoviedo.info\/documents\/25059\/2004891\/cartel-la-ascension-23.jpg\/b0c261b9-85c5-49f9-a2eb-585e9c1f0fb7?t=1682579992494\" alt=\"\" width=\"367\" height=\"501\" \/><\/a><\/p>\n<p>El Conceyu entam\u00f3 un ampliu programa festivu con actividaes para tolos p\u00fablicos. <span style=\"color: #008080\"><strong>Al env\u00eds de homenaxar al campu y a les sos xentes<\/strong><\/span>, un a\u00f1u m\u00e1s, Uvi\u00e9u celebra la Feria de L&#8217;Ascensi\u00f3n, <strong><span style=\"color: #008080\">del 19-21 de mayu<\/span><\/strong>, unu de los certames ganaderos m\u00e1s importantes d&#8217;Asturies.<\/p>\n<p><!--more--><\/p>\n<p>Mercaos, conciertos, talleres, la segunda edici\u00f3n del Concursu de gan\u00e1u \u00abCiud\u00e1 d&#8217;Uvi\u00e9u\u00bb, l&#8217;homenaxe al Paisanu y Paisana del a\u00f1u o&#8217;l Desfile Folcl\u00f3ricu formen parte d&#8217;un estensu <a href=\"https:\/\/www.visitoviedo.info\/documents\/25059\/2004891\/Poliptico+Feria+2023+definitivo.pdf\/ee245bcd-6644-4f02-8267-ba6ecb50f747\"><strong>programa d&#8217;actividaes que puedes consultar equ\u00ed.<\/strong><\/a><\/p>\n<p>Para ello, la capital asturiana esplega en plena primavera tol so arsenal para cuntar con un gran programa festivu onde los mercadinos y el concursu de gan\u00e1u acopen tol protagonismu. Nesta <strong><span style=\"color: #008080\">fiesta, que foi declarada d&#8217;inter\u00e9s tur\u00edsticu rexonal<\/span><\/strong>, nun falten tampoco les esposiciones, les actuaciones musicales y les actividaes infantiles ambientaes na tradici\u00f3n asturiana. <strong><span style=\"color: #008080\">Una cita que nesta ocasi\u00f3n va tener llugar los d\u00edes 19, 20 y 21 de mayu na ciud\u00e1.<\/span><\/strong><br \/>\nVienres, 19<\/p>\n<p>El pistoletazu de salida d&#8217;esta popular fiesta que los sos entamos rem\u00f3ntase al sieglu XVI va dala la Real Banda de Gaites Ciudad d&#8217;Uvi\u00e9u. L&#8217;afam\u00e1u grupu va actuar a les 11.00 hores del vienres 19 para inaugurar la feria. Momentu nel que se va abrir el merc\u00e1u asiti\u00e1u pela redolada de la catedral y dedic\u00e1u a la vienta y esposici\u00f3n de quesos y productos agroalimentarios, seg\u00fan el del Pas\u00e9u del Bomb\u00e9, onde los artesanos van dar rienda suelta a la so imaxinaci\u00f3n y van amosar a los asistentes la so ma\u00f1a coles manos.<\/p>\n","protected":false},"excerpt":{"rendered":"<p>Fonte: La Voz \/ VisitOviedo \/ Programa completo de la Ascensi\u00f3n 2023 &nbsp; El Conceyu entam\u00f3 un ampliu programa festivu con actividaes para tolos p\u00fablicos. Al env\u00eds de homenaxar al campu y a les sos xentes, un a\u00f1u m\u00e1s, Uvi\u00e9u celebra la Feria de L&#8217;Ascensi\u00f3n, del 19-21 de mayu, unu de los certames ganaderos m\u00e1s [&hellip;]<\/p>\n","protected":false},"author":117,"featured_media":0,"comment_status":"open","ping_status":"open","sticky":false,"template":"","format":"standard","meta":{"footnotes":""},"categories":[167,33],"tags":[],"class_list":["post-19483","post","type-post","status-publish","format-standard","hentry","category-feries","category-uvieu"],"_links":{"self":[{"href":"https:\/\/edublog.educastur.es\/ixuxu\/wp-json\/wp\/v2\/posts\/19483","targetHints":{"allow":["GET"]}}],"collection":[{"href":"https:\/\/edublog.educastur.es\/ixuxu\/wp-json\/wp\/v2\/posts"}],"about":[{"href":"https:\/\/edublog.educastur.es\/ixuxu\/wp-json\/wp\/v2\/types\/post"}],"author":[{"embeddable":true,"href":"https:\/\/edublog.educastur.es\/ixuxu\/wp-json\/wp\/v2\/users\/117"}],"replies":[{"embeddable":true,"href":"https:\/\/edublog.educastur.es\/ixuxu\/wp-json\/wp\/v2\/comments?post=19483"}],"version-history":[{"count":6,"href":"https:\/\/edublog.educastur.es\/ixuxu\/wp-json\/wp\/v2\/posts\/19483\/revisions"}],"predecessor-version":[{"id":19489,"href":"https:\/\/edublog.educastur.es\/ixuxu\/wp-json\/wp\/v2\/posts\/19483\/revisions\/19489"}],"wp:attachment":[{"href":"https:\/\/edublog.educastur.es\/ixuxu\/wp-json\/wp\/v2\/media?parent=19483"}],"wp:term":[{"taxonomy":"category","embeddable":true,"href":"https:\/\/edublog.educastur.es\/ixuxu\/wp-json\/wp\/v2\/categories?post=19483"},{"taxonomy":"post_tag","embeddable":true,"href":"https:\/\/edublog.educastur.es\/ixuxu\/wp-json\/wp\/v2\/tags?post=19483"}],"curies":[{"name":"wp","href":"https:\/\/api.w.org\/{rel}","templated":true}]}}