{"id":1949,"date":"2020-12-15T12:00:43","date_gmt":"2020-12-15T10:00:43","guid":{"rendered":"https:\/\/edublog.educastur.es\/ixuxu\/?p=1949"},"modified":"2020-12-19T16:23:20","modified_gmt":"2020-12-19T14:23:20","slug":"1949","status":"publish","type":"post","link":"https:\/\/edublog.educastur.es\/ixuxu\/2020\/12\/1949\/","title":{"rendered":"Aida Escudero. Premiu de poes\u00eda"},"content":{"rendered":"<div class=\"voc-detail-header\">\n<blockquote>\n<h2><span style=\"font-size: 16px;color: #800080\"><em>\u00abNes \u00faltimes xeneraciones hai continuid\u00e1 colo escrito enantes, nun hai ruptura\u00bb<\/em><\/span><\/h2>\n<\/blockquote>\n<figure class=\"voc-main-figure \">\n<div class=\"voc-height-auto\"><img loading=\"lazy\" decoding=\"async\" class=\"\" title=\"\" src=\"https:\/\/static3.elcomercio.es\/www\/multimedia\/202012\/15\/media\/cortadas\/60715242-kbuE-U1201057382583dfH-624x500@El%20Comercio.JPG\" alt=\"Aida Escudero.\/JOS\u00c9 VALLINA\" width=\"207\" height=\"166\" \/><\/div><figcaption class=\"figure-caption\"><span class=\"voc-photo-caption\">Aida Escudero. \/ <\/span><span class=\"voc-photo-author\">JOS\u00c9 VALLINA<\/span><\/figcaption><\/figure>\n<div class=\"voc-author-timesocial\">\n<div class=\"voc-author-timesocial__voc-container-info-signature\">\n<div>\n<ul>\n<li class=\"voc-author-info\"><a href=\"https:\/\/www.elcomercio.es\/sociedad\/noticies-nasturianu\/permanez-solo-cambial-20201215000948-ntvo.html?vca=dgtk-rrss-ecm\">Fonte Noticia: El Comercio P. A. MAR\u00cdN ESTRADA <span class=\"voc-special\">XIX\u00d3N. <\/span> 15\/12\/2020 <\/a><\/li>\n<\/ul>\n<\/div>\n<\/div>\n<\/div>\n<\/div>\n<p><em>Aida Escudero (Uvi\u00e9u, 1985) recibi\u00f3&#8217;l premiu Fern\u00e1n Coronas pol llibru agora premi\u00e1u y ye autora de &#8216;Autorretratu con familia al fondu&#8217;, Premiu Asturies Xoven.<\/em><\/p>\n<p><!--more--><\/p>\n<p><img loading=\"lazy\" decoding=\"async\" class=\"alignnone \" src=\"https:\/\/improntaeditorial.files.wordpress.com\/2018\/05\/familia-con-autorretratu-al-fondu.jpg?w=680\" width=\"234\" height=\"358\" \/><\/p>\n<ul>\n<li><a href=\"https:\/\/improntaeditorial.wordpress.com\/2018\/05\/11\/familia-con-autorretratu-al-fondu-daida-escudero\/\">Ficha editorial<\/a><\/li>\n<li><a href=\"https:\/\/goo.gl\/hC0sNA\">M\u00e9rcalu equ\u00ed<\/a><\/li>\n<li><span style=\"color: #808080\"><em>ISBN 978-84-948795-0-0 \u00a0<\/em><\/span><\/li>\n<li><span style=\"color: #808080\"><em>PVP 8,00 \u20ac<\/em><\/span><\/li>\n<\/ul>\n<p><span style=\"color: #008080\"><strong>-\u00bfPa qu\u00e9 sirven los premios?<\/strong><\/span><\/p>\n<p>-Son importantes pol reconocimientu y sobremanera pa los escritores que tamos entamando. Nos primeros pasos ye fundamental contar con esi reconocimientu, porque nun tienes sensaci\u00f3n de la propia val\u00eda o si la obra merez la pena, non solo los premios tami\u00e9n el llabor de la cr\u00edtica que se fai en revistes como &#8216;Lliteratura&#8217;, de l&#8217;Academia.<\/p>\n<p><span style=\"color: #008080\"><strong>-El sot\u00edtulu: &#8216;Poemariu neardenthal&#8217; llama l&#8217;atenci\u00f3n.<\/strong><\/span><\/p>\n<p>-Ye una alegor\u00eda, una ficci\u00f3n simb\u00f3lica na que la voz de la muyer neardhental ye la mio voz y arma esi xuegu de solombres ente pas\u00e1u y presente nel que nesti llugar que ye agora nuestru y que foi enantes d&#8217;otros, too permanez, ye lo mesmo y solo cambia&#8217;l signific\u00e1u que-y vamos dando.<\/p>\n<p><span style=\"color: #008080\"><strong>-Nel so casu dende una mirada de muyer.<\/strong><\/span><\/p>\n<p>-Nun se puede escribir d&#8217;otra manera que dende&#8217;l puntu de vista d&#8217;\u00fan mesmu y la mio esperiencia ta condicionada polos \u00f3rganos colos que nac\u00ed, nun queda otra que ver el mundu dende esa perspectiva, la d&#8217;una muyer qu&#8217;am\u00e1s tien un plantegamientu feminista.<\/p>\n<p><span style=\"color: #008080\"><strong>-\u00bfC\u00f3mo entiende la poes\u00eda?<\/strong><\/span><\/p>\n<p>-Tol mundu facemos usu de la funci\u00f3n po\u00e9tica del llinguax, mesmo na vida corriente hai momentos nos que lo faes: pintando, con poes\u00eda o d&#8217;otru modu. Pa mi siempre foi m\u00e1s f\u00e1cil escribir que falar y, porque soi introvertida, tolo que tien que ver col mundu interior m\u00e1s que nes relaciones colos dem\u00e1s. Nesa busca del interior, d&#8217;autoconocimientu, ta la poes\u00eda.<\/p>\n<p><span style=\"color: #008080\"><strong>-\u00bfCu\u00e1les son les sos referencies?<\/strong><\/span><\/p>\n<p>-Soi una llectora mui desordenada y nun hai un modelu que quiera repetir pa mi ye m\u00e1s una busca. En tou casu toos tamos repitiendo modelos porque falamos de los mesmos t\u00f3picos lliterarios y los mesmos temes, nun hai munches coses innovadores na escritura nin en nenguna estaya. Tolo que se puede facer son peque\u00f1es axustes.<\/p>\n<p><span style=\"color: #008080\"><strong>-\u00bfVe dalg\u00fan rasgu com\u00fan nes nueves xeneraciones d&#8217;autores?<\/strong><\/span><\/p>\n<p>-Nun tenemos el sentimientu de grupu de la segunda xeneracion. Hai una cierta identificaci\u00f3n de que nun somos eso, pero ensin unicid\u00e1. Pensar que la \u00faltima xeneraci\u00f3n ye la que busca la noved\u00e1 o m\u00e1s amplit\u00fa de mires nun ye real. Lo que s&#8217;escribi\u00f3 enantes ye una base y hai una continuid\u00e1, nun veo ruptura.<\/p>\n<blockquote>\n<h1><span style=\"color: #800080;font-size: 16px\"><em>\u00abToo permanez, solo cambia&#8217;l signific\u00e1u que-y vamos dando\u00bb<\/em><\/span><\/h1>\n<\/blockquote>\n","protected":false},"excerpt":{"rendered":"<p>\u00abNes \u00faltimes xeneraciones hai continuid\u00e1 colo escrito enantes, nun hai ruptura\u00bb Aida Escudero. \/ JOS\u00c9 VALLINA Fonte Noticia: El Comercio P. A. MAR\u00cdN ESTRADA XIX\u00d3N. 15\/12\/2020 Aida Escudero (Uvi\u00e9u, 1985) recibi\u00f3&#8217;l premiu Fern\u00e1n Coronas pol llibru agora premi\u00e1u y ye autora de &#8216;Autorretratu con familia al fondu&#8217;, Premiu Asturies Xoven.<\/p>\n","protected":false},"author":117,"featured_media":0,"comment_status":"closed","ping_status":"open","sticky":false,"template":"","format":"standard","meta":{"footnotes":""},"categories":[1],"tags":[],"class_list":["post-1949","post","type-post","status-publish","format-standard","hentry","category-sin-categoria"],"_links":{"self":[{"href":"https:\/\/edublog.educastur.es\/ixuxu\/wp-json\/wp\/v2\/posts\/1949","targetHints":{"allow":["GET"]}}],"collection":[{"href":"https:\/\/edublog.educastur.es\/ixuxu\/wp-json\/wp\/v2\/posts"}],"about":[{"href":"https:\/\/edublog.educastur.es\/ixuxu\/wp-json\/wp\/v2\/types\/post"}],"author":[{"embeddable":true,"href":"https:\/\/edublog.educastur.es\/ixuxu\/wp-json\/wp\/v2\/users\/117"}],"replies":[{"embeddable":true,"href":"https:\/\/edublog.educastur.es\/ixuxu\/wp-json\/wp\/v2\/comments?post=1949"}],"version-history":[{"count":6,"href":"https:\/\/edublog.educastur.es\/ixuxu\/wp-json\/wp\/v2\/posts\/1949\/revisions"}],"predecessor-version":[{"id":1957,"href":"https:\/\/edublog.educastur.es\/ixuxu\/wp-json\/wp\/v2\/posts\/1949\/revisions\/1957"}],"wp:attachment":[{"href":"https:\/\/edublog.educastur.es\/ixuxu\/wp-json\/wp\/v2\/media?parent=1949"}],"wp:term":[{"taxonomy":"category","embeddable":true,"href":"https:\/\/edublog.educastur.es\/ixuxu\/wp-json\/wp\/v2\/categories?post=1949"},{"taxonomy":"post_tag","embeddable":true,"href":"https:\/\/edublog.educastur.es\/ixuxu\/wp-json\/wp\/v2\/tags?post=1949"}],"curies":[{"name":"wp","href":"https:\/\/api.w.org\/{rel}","templated":true}]}}