{"id":19507,"date":"2023-05-10T09:00:23","date_gmt":"2023-05-10T07:00:23","guid":{"rendered":"https:\/\/edublog.educastur.es\/ixuxu\/?p=19507"},"modified":"2023-05-10T09:48:05","modified_gmt":"2023-05-10T07:48:05","slug":"ruta-del-acebache-nel-coceyu-de-villaviciosa","status":"publish","type":"post","link":"https:\/\/edublog.educastur.es\/ixuxu\/2023\/05\/ruta-del-acebache-nel-coceyu-de-villaviciosa\/","title":{"rendered":"Ruta del Acebache nel coceyu de Villaviciosa"},"content":{"rendered":"<ul>\n<li>Fonte: <a href=\"https:\/\/www.lachirucainquieta.es\/2023\/05\/ruta-del-azabache-concejo-de.html?m=1&amp;fbclid=IwAR2PAxF6KFDo4Nczgn7Gylg90rcnhY1SMLfuYD6KUBFAzYln_kyuAvbMvSQ\">la chiruca inquieta<\/a> \/ <a href=\"https:\/\/www.google.com\/maps\/d\/u\/0\/viewer?mid=1wlFP52LQkQovXpdVsW57WXU3IlRW1p4&amp;hl=es&amp;ll=43.54683787955942%2C-5.4148640000000015&amp;z=14\">WIKILOCK<\/a><\/li>\n<\/ul>\n<div id=\"679105901133946825\" class=\"post-body clearfix skin-color-text\">\n<div style=\"text-align: center\"><a href=\"https:\/\/blogger.googleusercontent.com\/img\/b\/R29vZ2xl\/AVvXsEgaxlzQNkL3Jtc-YM7c2nhR9hLPk3k9Z3ZRfuDxVKxJHxb3mPeA4MmWuxzbf42baoCHNaCLk44qnHxMmjhiAoCPZthzcFAKcshSTSy2RLXi9GCW8zHvx7nPrl39CL-NRAGKxiGMdzFFCNsFhHMLKRU5wf9iefzl5qtBm2vC0WjW-_7rkhP1I7cTt4Pm\/w640-h480\/20230429_143050.jpg\"><img loading=\"lazy\" decoding=\"async\" class=\"aligncenter size-full\" src=\"https:\/\/blogger.googleusercontent.com\/img\/b\/R29vZ2xl\/AVvXsEgaxlzQNkL3Jtc-YM7c2nhR9hLPk3k9Z3ZRfuDxVKxJHxb3mPeA4MmWuxzbf42baoCHNaCLk44qnHxMmjhiAoCPZthzcFAKcshSTSy2RLXi9GCW8zHvx7nPrl39CL-NRAGKxiGMdzFFCNsFhHMLKRU5wf9iefzl5qtBm2vC0WjW-_7rkhP1I7cTt4Pm\/w640-h480\/20230429_143050.jpg\" width=\"640\" height=\"480\" \/><\/a><\/div>\n<div><\/div>\n<\/div>\n<p>Nesta ruta, catalogada como la PR.AS-199, vamos percorrer el tramu oficial que tien el so puntu d&#8217;entamu en Tazones y el so puntu final na mina del acebache, m\u00e1s otru tramu que vamos a\u00f1edir para convertila en circular.<\/p>\n<p><!--more--><\/p>\n<p>Tazones, ye por tanto, el nuesu puntu d&#8217;entamu y final d&#8217;esta sienda, que va dexanos visitar diversos llugares d&#8217;inter\u00e9s. Empezamos nesti guapu pueblu, para avanzar na ruta lo que nos dexar\u00e1 visitar la ilesia de San F\u00e9lix de *Oles, y y\u00e1 nel so parte final la mina d&#8217;onde s&#8217;estray\u00eda l&#8217;acebache. El cam\u00edn escurre entre *prader\u00edas, en dellos trechos arrodi\u00e1u de trupa vexetaci\u00f3n, en determinaos tramos cercanu al mar, ente que n&#8217;otros transita m\u00e1s allo\u00f1\u00e1u de la mari\u00f1a.<\/p>\n<p>Mientres emponemos escontra&#8217;l puntu d&#8217;entamu de la ruta, vamos reparando tolo que Tazones nos amuesa. De primeres, detenemos \u00e9nte&#8217;l mol\u00edn de Kiko, sobro&#8217;l regueru de Los Lindones, cercanu al ampliu aparcamientu y que&#8217;l so tey\u00e1u foi restaur\u00e1u apocay\u00e1.<\/p>\n<p style=\"text-align: center\"><a href=\"https:\/\/blogger.googleusercontent.com\/img\/b\/R29vZ2xl\/AVvXsEiudfnzMsPLl-T1e3pDTzCfmNIEoMMKsvqI16mKdnEa1jgVWOJ-pS2WQFMSVM1RUSnNmx0jHhDbZjsYVJ29eFrVPgV8jsNYaV8jrZ2roMcE2WveVHgOJKd7Ccd66O_79r_nikxuog1UipoQN4qQ5218F1rjxDEtP5xsp537HhHDLiln-aZbspfVGH2w\/w640-h480\/20230429_123056.jpg\"><img loading=\"lazy\" decoding=\"async\" class=\"aligncenter size-full\" src=\"https:\/\/blogger.googleusercontent.com\/img\/b\/R29vZ2xl\/AVvXsEiudfnzMsPLl-T1e3pDTzCfmNIEoMMKsvqI16mKdnEa1jgVWOJ-pS2WQFMSVM1RUSnNmx0jHhDbZjsYVJ29eFrVPgV8jsNYaV8jrZ2roMcE2WveVHgOJKd7Ccd66O_79r_nikxuog1UipoQN4qQ5218F1rjxDEtP5xsp537HhHDLiln-aZbspfVGH2w\/w640-h480\/20230429_123056.jpg\" width=\"640\" height=\"480\" \/><\/a><\/p>\n<p>Enfusamos nel pueblu pasando al pie de la ilesia de San Miguel, nel barriu de San Miguel, que data del a\u00f1u 1950.<\/p>\n<p style=\"text-align: center\"><a href=\"https:\/\/blogger.googleusercontent.com\/img\/b\/R29vZ2xl\/AVvXsEh_pF090lP8KlnqjuaALzo_WIIpnuVn5TEPgMyLeCDMG5QNQryge0PC-YI3VOJbErZTAT2ginRZqKsQuA22ykL7sjya4DcwLk_yR1oRP1OvqVsjfBTnPQRwDZaJWGy1z419FJCQ7kKgfJ3IfrEBBa9icZlxF56Wmgh1OfDotvJw_npWwL8btWcNrpYm\/w640-h480\/20230429_123143.jpg\"><img loading=\"lazy\" decoding=\"async\" class=\"aligncenter size-full\" src=\"https:\/\/blogger.googleusercontent.com\/img\/b\/R29vZ2xl\/AVvXsEh_pF090lP8KlnqjuaALzo_WIIpnuVn5TEPgMyLeCDMG5QNQryge0PC-YI3VOJbErZTAT2ginRZqKsQuA22ykL7sjya4DcwLk_yR1oRP1OvqVsjfBTnPQRwDZaJWGy1z419FJCQ7kKgfJ3IfrEBBa9icZlxF56Wmgh1OfDotvJw_npWwL8btWcNrpYm\/w640-h480\/20230429_123143.jpg\" width=\"640\" height=\"480\" \/><\/a><\/p>\n<p>Diriximos escontra la plaza del *Riveru, y\u00e1 nel barriu de San Roque, onde un panel esplicativu ap\u00farrenos amplia informaci\u00f3n sobro esti importante llugar del pueblu. Nesta plaza deposit\u00e1bense les ballenes pa la so despiece, y tami\u00e9n ten\u00eda llugar el var\u00e1u de les embarcaciones y la distribuci\u00f3n de la pesca. Angua\u00f1o puede vese un cabestrante que xunto coles \u00abpalanques\u00bb sirv\u00eda pa sacar les embarcaciones de l&#8217;agua, (\u00absabordar\u00bb), y echales a l&#8217;agua (\u00abbotar\u00bb).<\/p>\n<p style=\"text-align: center\"><a href=\"https:\/\/blogger.googleusercontent.com\/img\/b\/R29vZ2xl\/AVvXsEgtQAjU0bresgaEaxovXS6DfwEyZubX2Xve6uyvZKkmnmyQ3I7Zs83XVGThpcIhCsS9tCWZW2oNtJkTi90L-wZaVCjvGj6pC-6bsBbrfLpVrK7pn3tuiY9Bo342Vt8gfVr-_fzDXNZTusQTgoU1Ac1w2rlqQ2-k9ZYLoahve5r-_y5vwbggpJ3s8XoC\/w640-h480\/20230429_124402.jpg\"><img loading=\"lazy\" decoding=\"async\" class=\"aligncenter size-full\" src=\"https:\/\/blogger.googleusercontent.com\/img\/b\/R29vZ2xl\/AVvXsEgtQAjU0bresgaEaxovXS6DfwEyZubX2Xve6uyvZKkmnmyQ3I7Zs83XVGThpcIhCsS9tCWZW2oNtJkTi90L-wZaVCjvGj6pC-6bsBbrfLpVrK7pn3tuiY9Bo342Vt8gfVr-_fzDXNZTusQTgoU1Ac1w2rlqQ2-k9ZYLoahve5r-_y5vwbggpJ3s8XoC\/w640-h480\/20230429_124402.jpg\" width=\"640\" height=\"480\" \/><\/a><\/p>\n<p>Siguimos, dexando a un llau la c\u00e9lebre casa de les conches, en que les sos proximidaes vemos la primer se\u00f1al de la ruta. Casa de les conches ya indicador de ruta.<\/p>\n<p style=\"text-align: center\"><img loading=\"lazy\" decoding=\"async\" class=\"aligncenter size-full\" src=\"https:\/\/blogger.googleusercontent.com\/img\/b\/R29vZ2xl\/AVvXsEhFdESrS0mKwsP8wpSkmumEe4UqHOQISx1ePBwGrCuWyiY_7On-PpE5t5jLS62DpYxi6keRPTzv0wCHtF8DkSRaqPjvO-HHksDH7u9dMe3H2hse452G8VRRq14w5r-kEJnO7LOriBe1AakvkAirCljSRUmc5y_h_WQ4p_M_eYPqbQ9Kda74cdABVRTc\/w411-h548\/20230429_124514-COLLAGE.jpg\" width=\"411\" height=\"548\" \/><\/p>\n<p>Nun podemos resalvar esti panel de madera que nos sale al pasu y nel que se representa xuna escena costumbrista, la de les muyeres qu&#8217;en tiempos pasaos dedicaben a la vienta del pexe. Sol t\u00edtulu \u00abA elles\u00bb, esta representaci\u00f3n constit\u00fai un xustu y merec\u00edu homenaxe a les muyeres d&#8217;esti pueblu marineru, qu&#8217;exerc\u00eden el so oficiu nes dures condiciones d&#8217;aquella d\u00f3mina.<\/p>\n<p style=\"text-align: center\"><a href=\"https:\/\/blogger.googleusercontent.com\/img\/b\/R29vZ2xl\/AVvXsEiONg4KdIIMTSryTc9VE-ub9pPwtg0IMmNINxDwZ1Um5DH9Evojkb3lDQXDAP6ywlPlMnv7YFtlIYK2tNs582V7XA19yW0pYhY0TtgOoU6W9NLeVA3IJ82emu65q776g6EE1amofNF601VGdnJEoFogfB5IRzSe5mdh0oWnKXA8ISca5uRRKaqRjmLP\/w640-h480\/20230429_124619.jpg\"><img loading=\"lazy\" decoding=\"async\" class=\"aligncenter size-full\" src=\"https:\/\/blogger.googleusercontent.com\/img\/b\/R29vZ2xl\/AVvXsEiONg4KdIIMTSryTc9VE-ub9pPwtg0IMmNINxDwZ1Um5DH9Evojkb3lDQXDAP6ywlPlMnv7YFtlIYK2tNs582V7XA19yW0pYhY0TtgOoU6W9NLeVA3IJ82emu65q776g6EE1amofNF601VGdnJEoFogfB5IRzSe5mdh0oWnKXA8ISca5uRRKaqRjmLP\/w640-h480\/20230429_124619.jpg\" width=\"640\" height=\"480\" \/><\/a><\/p>\n<p>Ente que les cais del pueblu van empin\u00e1ndose cada vez m\u00e1s, pasamos al llau de dos guapos horros d&#8217;estilo Villaviciosa. Dellos horros d&#8217;esta tipolox\u00eda caracterizase por tener talles na madera de los lli\u00f1os principalmente, a imitaci\u00f3n del estilu rom\u00e1nicu. Na fotograf\u00eda reparamos un arquillo tall\u00e1u sobro la puerta.<\/p>\n<p style=\"text-align: center\"><img loading=\"lazy\" decoding=\"async\" class=\"aligncenter size-full\" src=\"https:\/\/blogger.googleusercontent.com\/img\/b\/R29vZ2xl\/AVvXsEiaguUlAnFgmdgDv01l19czMSQJg7Of-4jthYq0ff8t_0_oNHkR6w2xU-SdgCo_sPhufjJKeJ3Awcz66IlDQP-zb81N_qggNUyhOfb3hXCgcxl41XIhuMc6Gy7lkLp1Kq2IcjeLJeFfF_nXo3aPvm9K7HJSoP2YObpj9OAprCGzFboBwagDGk63lkyc\/w640-h640\/20230429_124800-COLLAGE.jpg\" width=\"640\" height=\"640\" \/><\/p>\n<p>Pa compensar l&#8217;esfuerzu, la xubida reg\u00e1lanos xunas magn\u00edfiques vistas de Tazones.<\/p>\n<p style=\"text-align: center\"><a href=\"https:\/\/blogger.googleusercontent.com\/img\/b\/R29vZ2xl\/AVvXsEhJLQNeM5U6Aq99zqLiEomoQsY6O4p5zc2rH5dnIT62l4T7iDs0bmYYfJ2yRo-Zh2dKzHhNa9UxCfIWa_H_Sv8iG00iCnvfgZtDytSc_jMa8iwlGFDnU4HFTY8WGDwK1VqCCUsTs7wLfvsvHY2AFrwou3hOBcLX2-ULQcJthzFhl29U3_1EBXIgYuJL\/w570-h570\/20230429_125030-COLLAGE.jpg\"><img loading=\"lazy\" decoding=\"async\" class=\"aligncenter size-full\" src=\"https:\/\/blogger.googleusercontent.com\/img\/b\/R29vZ2xl\/AVvXsEhJLQNeM5U6Aq99zqLiEomoQsY6O4p5zc2rH5dnIT62l4T7iDs0bmYYfJ2yRo-Zh2dKzHhNa9UxCfIWa_H_Sv8iG00iCnvfgZtDytSc_jMa8iwlGFDnU4HFTY8WGDwK1VqCCUsTs7wLfvsvHY2AFrwou3hOBcLX2-ULQcJthzFhl29U3_1EBXIgYuJL\/w570-h570\/20230429_125030-COLLAGE.jpg\" width=\"570\" height=\"570\" \/><\/a><\/p>\n<p>Esti percorr\u00edu ascendente #desenvolver ente tramos d&#8217;escaleres y caminos empedraos hasta llegar al Faru de Tazones. Nel faru de Tazones o faru de Villaviciosa, que data de 1864, afit\u00e1monos na gran vidrera de la so torre.<\/p>\n<p style=\"text-align: center\"><a href=\"https:\/\/blogger.googleusercontent.com\/img\/b\/R29vZ2xl\/AVvXsEj7ghA8JW7Yx7RfeBq7V15-Tfn00UP9EsGqjvNguTj3UilvuY7gWE9GlAo2J4NiHdwcxXFndN8gXFm1-vqQbBzE3aLUd9kGIbVXu5noSyXW7_TXyiXVvvA9j9uIpME5nd98DHo-RS8XRqNdW_x1UeTRKkAJuN690dySqNSVVmu3zl7U7SpZTVhapBZY\/w557-h557\/20230429_125958-COLLAGE%20(1).jpg\"><img loading=\"lazy\" decoding=\"async\" class=\"aligncenter size-full\" src=\"https:\/\/blogger.googleusercontent.com\/img\/b\/R29vZ2xl\/AVvXsEj7ghA8JW7Yx7RfeBq7V15-Tfn00UP9EsGqjvNguTj3UilvuY7gWE9GlAo2J4NiHdwcxXFndN8gXFm1-vqQbBzE3aLUd9kGIbVXu5noSyXW7_TXyiXVvvA9j9uIpME5nd98DHo-RS8XRqNdW_x1UeTRKkAJuN690dySqNSVVmu3zl7U7SpZTVhapBZY\/w557-h557\/20230429_125958-COLLAGE%20(1).jpg\" width=\"557\" height=\"557\" \/><\/a><\/p>\n<p>A partir d&#8217;esti puntu, el senderu escurre pola rasa costera, constituyida por amplies prader\u00edes pa, de sigu\u00edo, travesar una curiosa zona na que&#8217;l cam\u00edn arrodiase de trupa vexetaci\u00f3n. En determinaes ocasiones, ye posible entever el mar ente l&#8217;arbolea cuidao que, nesti tramu, la ruta trescurre relativamente abargana de la mari\u00f1a.<\/p>\n<p style=\"text-align: center\"><a href=\"https:\/\/blogger.googleusercontent.com\/img\/b\/R29vZ2xl\/AVvXsEgE_DxJiJqFJ3vszbUhfvnneJy7qQeWZMJUkuF6Ybd0o6bDIbdOviv6_sbfLDt1lXuznisFIbbKVhQHMqCUdktc9Sl_JRhTk05aBPV41frojl1zutAeFhH7u2ihUSl4YTYE7RY3HbuIRezL1MBr81Pd5B_Ge8hBDQoFwz944vvhGx1x1q_MBh3ewn7Y\/w534-h534\/20230429_132722-COLLAGE.jpg\"><img loading=\"lazy\" decoding=\"async\" class=\"aligncenter size-full\" src=\"https:\/\/blogger.googleusercontent.com\/img\/b\/R29vZ2xl\/AVvXsEgE_DxJiJqFJ3vszbUhfvnneJy7qQeWZMJUkuF6Ybd0o6bDIbdOviv6_sbfLDt1lXuznisFIbbKVhQHMqCUdktc9Sl_JRhTk05aBPV41frojl1zutAeFhH7u2ihUSl4YTYE7RY3HbuIRezL1MBr81Pd5B_Ge8hBDQoFwz944vvhGx1x1q_MBh3ewn7Y\/w534-h534\/20230429_132722-COLLAGE.jpg\" width=\"534\" height=\"534\" \/><\/a><\/p>\n<p>El cam\u00edn conduznos escontra la punta del Olivo, en que les sos proximidaes un estrat\u00e9xicu bancu de madera que, a manera de mirador, d\u00e9xanos faer una parada p&#8217;almirar la bella postal que conformen el mar Cant\u00e1bricu y los sos cantiles.<\/p>\n<p style=\"text-align: center\"><a href=\"https:\/\/blogger.googleusercontent.com\/img\/b\/R29vZ2xl\/AVvXsEggjIdwrLqjH0638BOINTdtxzyqGwrgGCWUpLIasBhi5jPgY2jfOCP-biGva9YNnhHYLPUb46AbKK5wKvRgOiSQVnuTe0XVAqJS0oIcXDifEDSlSYfqiQfsOeBTTBTQrX9DMlXLnDXzkjEEBx_qeHzvY33HgSmyVNjbxR1uxpQGwmXfgTy_yrySTH86\/w640-h480\/20230429_142855.jpg\"><img loading=\"lazy\" decoding=\"async\" class=\"aligncenter size-full\" src=\"https:\/\/blogger.googleusercontent.com\/img\/b\/R29vZ2xl\/AVvXsEggjIdwrLqjH0638BOINTdtxzyqGwrgGCWUpLIasBhi5jPgY2jfOCP-biGva9YNnhHYLPUb46AbKK5wKvRgOiSQVnuTe0XVAqJS0oIcXDifEDSlSYfqiQfsOeBTTBTQrX9DMlXLnDXzkjEEBx_qeHzvY33HgSmyVNjbxR1uxpQGwmXfgTy_yrySTH86\/w640-h480\/20230429_142855.jpg\" width=\"640\" height=\"480\" \/><\/a><\/p>\n<p style=\"text-align: center\"><a href=\"https:\/\/blogger.googleusercontent.com\/img\/b\/R29vZ2xl\/AVvXsEidxVt0dMEUXBH5gxLc0vRoGJR1A0bYabmJl3aSsE6Zx5NKTuwcQSZeE3yqivqAc-o04kcsPCWqg4R0DSFivSd3YZIv39_dHSKrTjt58XrROZ0cBp49Mkjn8RVok15_O1LBH4In94iA2w91IsQ8YoSSovurwNBJDL2ox93wY-37jqXUJKRzvCvI3xbt\/w640-h480\/20230429_161815.jpg\"><img loading=\"lazy\" decoding=\"async\" class=\"aligncenter size-full\" src=\"https:\/\/blogger.googleusercontent.com\/img\/b\/R29vZ2xl\/AVvXsEidxVt0dMEUXBH5gxLc0vRoGJR1A0bYabmJl3aSsE6Zx5NKTuwcQSZeE3yqivqAc-o04kcsPCWqg4R0DSFivSd3YZIv39_dHSKrTjt58XrROZ0cBp49Mkjn8RVok15_O1LBH4In94iA2w91IsQ8YoSSovurwNBJDL2ox93wY-37jqXUJKRzvCvI3xbt\/w640-h480\/20230429_161815.jpg\" width=\"640\" height=\"480\" \/><\/a><\/p>\n<p>Siguimos avanzando pel senderu, que ufi\u00e9rtanos dende esti llugar xuna amplia panor\u00e1mica na que ye posible columbrar la ciud\u00e1 de Xix\u00f3n.<\/p>\n<p style=\"text-align: center\"><a href=\"https:\/\/blogger.googleusercontent.com\/img\/b\/R29vZ2xl\/AVvXsEgbNUDebfgEHI22mnYiYiiCRoU8rI_lQVpBJabFmIyd4D2XDyh3cQItm55BurYihELXy_p8hQl0lBeVm5x_1sA_L5PMnH8p6Ph56r4jLq_Nm9Ihi22F-F0ueJqD8J7QrKvAp9gFuDXlN1GymCWuvs8dLCwFt3TeGayvqSJfCw7AoK_eUk7FRzgEILzV\/w640-h480\/20230429_162158.jpg\"><img loading=\"lazy\" decoding=\"async\" class=\"aligncenter size-full\" src=\"https:\/\/blogger.googleusercontent.com\/img\/b\/R29vZ2xl\/AVvXsEgbNUDebfgEHI22mnYiYiiCRoU8rI_lQVpBJabFmIyd4D2XDyh3cQItm55BurYihELXy_p8hQl0lBeVm5x_1sA_L5PMnH8p6Ph56r4jLq_Nm9Ihi22F-F0ueJqD8J7QrKvAp9gFuDXlN1GymCWuvs8dLCwFt3TeGayvqSJfCw7AoK_eUk7FRzgEILzV\/w640-h480\/20230429_162158.jpg\" width=\"640\" height=\"480\" \/><\/a><\/p>\n<p>A partir d&#8217;equ\u00ed&#8217;l cam\u00edn va allo\u00f1\u00e1ndose adulces de la mari\u00f1a pa, de nuevu, trescurrir ente prader\u00edes. La imaxe un tanto interesada d&#8217;esti arcu vexetal fai detenese pa contemplalo.<\/p>\n<p style=\"text-align: center\"><a href=\"https:\/\/blogger.googleusercontent.com\/img\/b\/R29vZ2xl\/AVvXsEjiiz1oJjStoCyjnobhnqb9Ag1FLC7xBSeorzSZrnUSrqdF9kyjXQ7qdotTG5WI6C8GGrXAd_cZy9rHLe1iEe-MbrCXnQQ34PFnm4E5QrzHvKcv43V8NyQGyCP44b-DZ_XD70TZ_QgukRek-ymq6gaups0a2RP1coGSr95u5PYqjdp4-pBDv13NkGgz\/w640-h480\/20230429_163216.jpg\"><img loading=\"lazy\" decoding=\"async\" class=\"aligncenter size-full\" src=\"https:\/\/blogger.googleusercontent.com\/img\/b\/R29vZ2xl\/AVvXsEjiiz1oJjStoCyjnobhnqb9Ag1FLC7xBSeorzSZrnUSrqdF9kyjXQ7qdotTG5WI6C8GGrXAd_cZy9rHLe1iEe-MbrCXnQQ34PFnm4E5QrzHvKcv43V8NyQGyCP44b-DZ_XD70TZ_QgukRek-ymq6gaups0a2RP1coGSr95u5PYqjdp4-pBDv13NkGgz\/w640-h480\/20230429_163216.jpg\" width=\"640\" height=\"480\" \/><\/a><\/p>\n<p>Prosiguimos la nuesa ruta dende la que y\u00e1 podemos ver la ilesia de San F\u00e9lix d&#8217;Oles, y escontra la cual conduznos el cam\u00edn.<\/p>\n<p style=\"text-align: center\"><a href=\"https:\/\/blogger.googleusercontent.com\/img\/b\/R29vZ2xl\/AVvXsEieRKhxdKzTl2wv56Y6jq5VPWJBR0t8RQwc24RYyPOPuYqr7nIULK8Uq72MFQz2wM7SOKZj8t4NwEtdT3XQqImQjBo2augbA1Wr5HNbD02lbF7htiBMp0gK9uA6zqmj4LF25lPt3lYD44-NmfwuIaK_2v5RYvnmv2E31fIAl1cKnCBPzoddinw2kNVH\/w640-h480\/20230429_164421.jpg\"><img loading=\"lazy\" decoding=\"async\" class=\"aligncenter size-full\" src=\"https:\/\/blogger.googleusercontent.com\/img\/b\/R29vZ2xl\/AVvXsEieRKhxdKzTl2wv56Y6jq5VPWJBR0t8RQwc24RYyPOPuYqr7nIULK8Uq72MFQz2wM7SOKZj8t4NwEtdT3XQqImQjBo2augbA1Wr5HNbD02lbF7htiBMp0gK9uA6zqmj4LF25lPt3lYD44-NmfwuIaK_2v5RYvnmv2E31fIAl1cKnCBPzoddinw2kNVH\/w640-h480\/20230429_164421.jpg\" width=\"640\" height=\"480\" \/><\/a><\/p>\n<p>Esta ilesia data del sieglu XIII y pertenez al estilu rom\u00e1nicu rural. Reparamos que se complementa con un p\u00f3rticu y xuna espada\u00f1a, que fueron a\u00f1ed\u00edos darr\u00e9u. A esta ilesia at\u00f3pase ados\u00e1u&#8217;l campusantu. Al pie de la mesma, un monolitu dexa constancia del esfuerzu de los vecinos d&#8217;Oles na restauraci\u00f3n d&#8217;esta edificaci\u00f3n relixosa.<\/p>\n<p style=\"text-align: center\"><a href=\"https:\/\/blogger.googleusercontent.com\/img\/b\/R29vZ2xl\/AVvXsEgSDYGelsFhc_QKJrmYqTPH5APSsF09d63K7Glv1chqWRAUgne4nOyAFHB3NgaQoOYZUwAqmcDIDJhm-ZEX-eT4iGRY1RLDI8SuKnAo6RpHOH8Hvk6hjL4rPfoblPkaLI21LrCTjGTaIBBBefyWBkI6RJj3wMCpgXrmyxpF1jxxyi3OHkPcOdGf8_yO\/w640-h480\/20230429_172304.jpg\"><img loading=\"lazy\" decoding=\"async\" class=\"aligncenter size-full\" src=\"https:\/\/blogger.googleusercontent.com\/img\/b\/R29vZ2xl\/AVvXsEgSDYGelsFhc_QKJrmYqTPH5APSsF09d63K7Glv1chqWRAUgne4nOyAFHB3NgaQoOYZUwAqmcDIDJhm-ZEX-eT4iGRY1RLDI8SuKnAo6RpHOH8Hvk6hjL4rPfoblPkaLI21LrCTjGTaIBBBefyWBkI6RJj3wMCpgXrmyxpF1jxxyi3OHkPcOdGf8_yO\/w640-h480\/20230429_172304.jpg\" width=\"640\" height=\"480\" \/><\/a><a href=\"https:\/\/blogger.googleusercontent.com\/img\/b\/R29vZ2xl\/AVvXsEigoETN1o9zcBEKmcLaR1zykeNijJNF944i3g6wFwHE-tgCXThQSQsxKmAIPXQtLx_KJ3t0QGJA3B_w8-0b6h4ZtfuoaK1aD5ytA0TAT16rTxA17bTo4RpZ3f9oaycQIfELMT1I6mU70KehofV-0tpwUJGEQEFSB8wc3FrqyuYU7Hp76TqBiwLVhfnQ\/w598-h448\/20230429_164845-COLLAGE.jpg\"><img loading=\"lazy\" decoding=\"async\" class=\"aligncenter size-full\" src=\"https:\/\/blogger.googleusercontent.com\/img\/b\/R29vZ2xl\/AVvXsEigoETN1o9zcBEKmcLaR1zykeNijJNF944i3g6wFwHE-tgCXThQSQsxKmAIPXQtLx_KJ3t0QGJA3B_w8-0b6h4ZtfuoaK1aD5ytA0TAT16rTxA17bTo4RpZ3f9oaycQIfELMT1I6mU70KehofV-0tpwUJGEQEFSB8wc3FrqyuYU7Hp76TqBiwLVhfnQ\/w598-h448\/20230429_164845-COLLAGE.jpg\" width=\"598\" height=\"448\" \/><\/a><\/p>\n<p>Tres la visita a esta ilesia, siguimos el cam\u00edn pa dirixinos escontra&#8217;l siguiente puntu importante del percorr\u00edu de g\u00fcei, la mina del acebache, oxetivu principal d&#8217;esta ruta. Pa ello esviamos del cam\u00edn principal siguiendo les indicaciones.<\/p>\n<p>Una vegada nel allugamientu nel que s&#8217;atopa la mina, lo primero que reparamos ye una \u00e1rea recreativa tomada pola yerba y los felechos, y a la izquierda seg\u00fan baxamos pel senderu, la bocamina aludida.<\/p>\n<p><a href=\"https:\/\/blogger.googleusercontent.com\/img\/b\/R29vZ2xl\/AVvXsEgl6k5tjtZCukJTs0QJsXtQOeobNbKe2JYrOoU9iMuQRU4K_4dAXVu41Jtj73ndYYNksKY8Ia6KRLIsbgBIs7dmuhyLoCx-flFTqRgsKg5Vdy-X61IH6bWBhKCRUnlg5uycjli0LRqWALcL6WdEqzPeeGnOEsemTEHto24vyHHO14TpA2SRGW6MZJ_U\/w640-h480\/20230429_172658.jpg\"><img loading=\"lazy\" decoding=\"async\" class=\"aligncenter size-full\" src=\"https:\/\/blogger.googleusercontent.com\/img\/b\/R29vZ2xl\/AVvXsEgl6k5tjtZCukJTs0QJsXtQOeobNbKe2JYrOoU9iMuQRU4K_4dAXVu41Jtj73ndYYNksKY8Ia6KRLIsbgBIs7dmuhyLoCx-flFTqRgsKg5Vdy-X61IH6bWBhKCRUnlg5uycjli0LRqWALcL6WdEqzPeeGnOEsemTEHto24vyHHO14TpA2SRGW6MZJ_U\/w640-h480\/20230429_172658.jpg\" width=\"640\" height=\"480\" \/><\/a><\/p>\n<p>Ye bien recomendable detenese \u00e9nte&#8217;l panel esplicativu que s&#8217;atopa allug\u00e1u nesti llugar, y\u00e1 que nos apurre munchos datos interesantes, ente los cualos destacamos los siguientes:<\/p>\n<p><strong>L&#8217;acebache ye orixinariu del periodu xur\u00e1sicu y form\u00f3se a partir de la madera de determinaes especies vexetales de con\u00edferes.<\/strong><\/p>\n<p><strong>D&#8217;esta zona de la costa de Villaviciosa, estrayense mientres sieglos esti material, caracteriz\u00e1u pola so alta calid\u00e1.<\/strong><\/p>\n<p>Na actualid\u00e1, la estracci\u00f3n del acebache ufierta grandes dificultaes, lo que llev\u00f3 a qu&#8217;esta activid\u00e1 tea a puntu d&#8217;escastase. Esta ye la raz\u00f3n pola que munches de les pieces ellaboraes na actualid\u00e1 vienen de restos d&#8217;acebache refugaos nel pas\u00e1u y abandonaos nes escombreres.<\/p>\n<p>Nos talleres familiares d&#8217;acebache los homes y les muyeres ten\u00eden distribuy\u00edes les xeres.<\/p>\n<p>La redolada d&#8217;esta antigua mina d&#8217;acebache ye realmente espectacular. Un regatu qu&#8217;escurre na redoma d\u00e9xanos almirar un antiguu y *coqueto ponte de piedra, seg\u00fan los restos d&#8217;un vieyu mol\u00edn. Pa contemplar estes singulares construcciones, enfusamos unos metros pel senderu qu&#8217;escurre paralelu al regueru.<\/p>\n<p><a href=\"https:\/\/blogger.googleusercontent.com\/img\/b\/R29vZ2xl\/AVvXsEiIUNFvili7vgVTH-zpQtFk5TarnTWAEgA0iz7-FNCpddyT_bl_54OP1ubUGQbQnvw6q6YqLXaQ662pCyXWUBm6j0C8kz2eIApWfT7dyAxXhIDdRcaVmdtAS7S8rGDnGZ9iqkY2k2Fdpf7DttJ_PhflJYrDM3J7fzufMWeBt2BYxkPtiuuZDpofEvgr\/w640-h480\/20230429_173027.jpg\"><img loading=\"lazy\" decoding=\"async\" class=\"aligncenter size-full\" src=\"https:\/\/blogger.googleusercontent.com\/img\/b\/R29vZ2xl\/AVvXsEiIUNFvili7vgVTH-zpQtFk5TarnTWAEgA0iz7-FNCpddyT_bl_54OP1ubUGQbQnvw6q6YqLXaQ662pCyXWUBm6j0C8kz2eIApWfT7dyAxXhIDdRcaVmdtAS7S8rGDnGZ9iqkY2k2Fdpf7DttJ_PhflJYrDM3J7fzufMWeBt2BYxkPtiuuZDpofEvgr\/w640-h480\/20230429_173027.jpg\" width=\"640\" height=\"480\" \/><\/a><\/p>\n<p>Travesamos esta pequena ponte pa llegar hasta les ruines del vieyu mol\u00edn. Les h\u00famedes y vetustes piedres, casi ocultes pol mofu y la vexetaci\u00f3n, fai que permanezamos mientres dellos minutos totalmente cautivaos \u00e9nte esta arcaica estructura.<\/p>\n<p style=\"text-align: center\"><a href=\"https:\/\/blogger.googleusercontent.com\/img\/b\/R29vZ2xl\/AVvXsEjnmkWU1ebsa86uzkiwtkXryBBmZkU3Xh3yHZyR8KC4oIRuxIMOwvKPlQJXd25yQsd3MPUoZmkMav3c6GtfyPM8zxQEksMFK1_vb-ir4cpbUQ8P9NiLXg-wH6tMmxg1iWbFD0ossUy_k3g_Z9s6xGMKxSnjHjb3t7D8wU_wLC8rs6KgoqWqNbbrDgMQ\/w564-h564\/20230429_173317-COLLAGE.jpg\"><img loading=\"lazy\" decoding=\"async\" class=\"aligncenter size-full\" src=\"https:\/\/blogger.googleusercontent.com\/img\/b\/R29vZ2xl\/AVvXsEjnmkWU1ebsa86uzkiwtkXryBBmZkU3Xh3yHZyR8KC4oIRuxIMOwvKPlQJXd25yQsd3MPUoZmkMav3c6GtfyPM8zxQEksMFK1_vb-ir4cpbUQ8P9NiLXg-wH6tMmxg1iWbFD0ossUy_k3g_Z9s6xGMKxSnjHjb3t7D8wU_wLC8rs6KgoqWqNbbrDgMQ\/w564-h564\/20230429_173317-COLLAGE.jpg\" width=\"564\" height=\"564\" \/><\/a><\/p>\n<p>Nun abandonamos esti enclave, ensin amosar esta pr\u00edmula de bellos colores que surde ente la trupa yerba. Mientres tol trayectu vinimos reparando les numberoses especies de flores qu&#8217;afaten los praos y cantos de caminos nesta at\u00edpica, por poco lluviosa, primavera.<\/p>\n<p style=\"text-align: center\"><a href=\"https:\/\/blogger.googleusercontent.com\/img\/b\/R29vZ2xl\/AVvXsEhQudMBhLBpe5ig452DJrvgfL2YClSjgUbE8z49kRZWU6Dzi_AJrpU7khguf9Z056BwiO1TPD7OL-Xzk-55mcO8nHbdy_2yqQwrvheMcfzfugYL31YT6CUpPOPQvCh6yLKtHWqBLpj4rgEhgJgDvvXCA4nfX9zRWNnk3nG5qQ5NQLskiC24CwB_iZjt\/w640-h480\/20230429_173929.jpg\"><img loading=\"lazy\" decoding=\"async\" class=\"aligncenter size-full\" src=\"https:\/\/blogger.googleusercontent.com\/img\/b\/R29vZ2xl\/AVvXsEhQudMBhLBpe5ig452DJrvgfL2YClSjgUbE8z49kRZWU6Dzi_AJrpU7khguf9Z056BwiO1TPD7OL-Xzk-55mcO8nHbdy_2yqQwrvheMcfzfugYL31YT6CUpPOPQvCh6yLKtHWqBLpj4rgEhgJgDvvXCA4nfX9zRWNnk3nG5qQ5NQLskiC24CwB_iZjt\/w640-h480\/20230429_173929.jpg\" width=\"640\" height=\"480\" \/><\/a><\/p>\n<p>La ruta oficial puramente felicid\u00e1 rematar\u00eda nesti llugar, tal que comentemos al empiezu d&#8217;esta descripci\u00f3n. Sicas\u00ed, n\u00f3s optamos por tornar a Tazones siguiendo otru trayectu pa faer la ruta circular, una vegada retom\u00e1u&#8217;l cam\u00edn principal.<\/p>\n<p>Ye por ello qu&#8217;a partir d&#8217;equ\u00ed nun disponemos de se\u00f1alizaci\u00f3n colo qu&#8217;hai que tar sollertes pa tomar la direcci\u00f3n correcta. Con \u00e9ses nel siguiente encruz qu&#8217;atopamos y que s&#8217;amuesa na imaxe, vamos deber de xirar a la izquierda.<\/p>\n<p style=\"text-align: center\"><a href=\"https:\/\/blogger.googleusercontent.com\/img\/b\/R29vZ2xl\/AVvXsEjbzTWaZQBKEMsuJ_h-8HCCWuXQ9zpjQtlccb0cewwcME1ylOxTBR33HKm61ilh_OMn2xq5Ku_xxUF3-jP_mciBbX_ztsaB4oaVAmc4Pi8E5WgoeWrSTlOWNRnKYbys5Ah_FJBqGD05xIKr0s7fxTDzcKqNNe_MKVz7rps1aLhtslVp323fMeIhMHLf\/w640-h480\/20230429_182014.jpg\"><img loading=\"lazy\" decoding=\"async\" class=\"aligncenter size-full\" src=\"https:\/\/blogger.googleusercontent.com\/img\/b\/R29vZ2xl\/AVvXsEjbzTWaZQBKEMsuJ_h-8HCCWuXQ9zpjQtlccb0cewwcME1ylOxTBR33HKm61ilh_OMn2xq5Ku_xxUF3-jP_mciBbX_ztsaB4oaVAmc4Pi8E5WgoeWrSTlOWNRnKYbys5Ah_FJBqGD05xIKr0s7fxTDzcKqNNe_MKVz7rps1aLhtslVp323fMeIhMHLf\/w640-h480\/20230429_182014.jpg\" width=\"640\" height=\"480\" \/><\/a><\/p>\n<p>&nbsp;<\/p>\n<p>Siguimos caminando, y al empar reparando elementos caracter\u00edsticos d&#8217;esta zona, como ye&#8217;l casu d&#8217;estes muries nes que s&#8217;alternen piedres pequenes con piedres m\u00e1s grandes, que apaecen asitiaes cada ciertu intervalu en posici\u00f3n vertical. Esta disposici\u00f3n llam\u00f3nos l&#8217;atenci\u00f3n al vistila nam\u00e1 nesta zona d&#8217;Asturies anque probablemente tami\u00e9n esista en dalg\u00fan otru llugar que desconozamos.<\/p>\n<p style=\"text-align: center\"><img loading=\"lazy\" decoding=\"async\" class=\"aligncenter size-full\" src=\"https:\/\/blogger.googleusercontent.com\/img\/b\/R29vZ2xl\/AVvXsEgiWIEXlOUJ7CPsaQWGcAOJcDcaUTsN3AHxnWtWiLRmrzRilbE9_CwJjuq8wgaOKzRumBukgKwIhJbIenciDnspEjMPHu4ysqt8u4QS-8J-OwyKWJXdt4bphU2F0MzYUnq2c3_0f1ygKt_Lvyqs2q_9-LhycZKTDw8dhEUpVAIGbiOKnunYFI9m-C8L\/w432-h575\/20230429_183533-COLLAGE.jpg\" width=\"431\" height=\"575\" \/><\/p>\n<p>Avanzamos nel nuesu percorr\u00edu mientres reparamos maraviyoses vistas de la mari\u00f1a.<\/p>\n<p style=\"text-align: center\"><a href=\"https:\/\/blogger.googleusercontent.com\/img\/b\/R29vZ2xl\/AVvXsEjdLSHYRhN04VW4gGSSCJX05uZD4jHXQijTrE5bH5ws2YL7R5L2HooBuQjw3MZ3vdWKsFqMv7B4N8ECVa9Rn8cbxRwI7D5aYLvA-oA38cN0B1ijCWhY1b-jwvVoxLnw0M-f8TjjA0D91pC3FWe4pq0ipWS-S6Ktu4Cx2Xlrj8vgm03ej8ST82k-y9cW\/w640-h480\/20230429_185131.jpg\"><img loading=\"lazy\" decoding=\"async\" class=\"aligncenter size-full\" src=\"https:\/\/blogger.googleusercontent.com\/img\/b\/R29vZ2xl\/AVvXsEjdLSHYRhN04VW4gGSSCJX05uZD4jHXQijTrE5bH5ws2YL7R5L2HooBuQjw3MZ3vdWKsFqMv7B4N8ECVa9Rn8cbxRwI7D5aYLvA-oA38cN0B1ijCWhY1b-jwvVoxLnw0M-f8TjjA0D91pC3FWe4pq0ipWS-S6Ktu4Cx2Xlrj8vgm03ej8ST82k-y9cW\/w640-h480\/20230429_185131.jpg\" width=\"640\" height=\"480\" \/><\/a><\/p>\n<p>Un pocu m\u00e1s palantre, y\u00e1 pr\u00f3ximos al puntu final de la nuesa ruta, llegamos a otru encruz nel que vamos deber de xirar a la derecha pa tomar una carretera descendente, que va ser el tramu final y que nos llevar\u00e1 hasta Tazones.<\/p>\n<p>Pa rematar esti post, se\u00f1alar qu&#8217;esta ruta, d&#8217;aprosimao 10 kms., transita per caminos en bones condiciones. Nun ta exenta de dalg\u00fan tramu en fuerte pindiu, el primeru al empiezu de la ruta, y otru al altor de la punta del Olivo, sicas\u00ed, tr\u00e1tase de trechos curtios y faci\u00e9ndolos con tranquilid\u00e1 nun son tremendamente dificultosos. La se\u00f1alizaci\u00f3n ye bona anque si optamos por faer la ruta circular hai que tar sollertes al tramu final pa tomar la direcci\u00f3n correcta.<\/p>\n<p><img decoding=\"async\" src=\"https:\/\/blogger.googleusercontent.com\/img\/b\/R29vZ2xl\/AVvXsEjJh_29aysqzjxI5X5McNfkNhFk7nThMPJFCLxYiPUyrkwTrowtNj6i0n5hrlxPaJXPS62nhnqtT1NMbcZUQEPLgEYV_MFsEwKn_LcoevpIwiGkKgNhQ-v1ouXWzC3fEiKVuIWlo-lgNXue6vIubBSTPb4LJdMyHdJ0YZOVrtM1jhshqBfpBV3mbLYP\/w400-h320\/Perfil.jpg\" \/><\/p>\n<p>&nbsp;<\/p>\n<p>&nbsp;<\/p>\n","protected":false},"excerpt":{"rendered":"<p>Fonte: la chiruca inquieta \/ WIKILOCK Nesta ruta, catalogada como la PR.AS-199, vamos percorrer el tramu oficial que tien el so puntu d&#8217;entamu en Tazones y el so puntu final na mina del acebache, m\u00e1s otru tramu que vamos a\u00f1edir para convertila en circular.<\/p>\n","protected":false},"author":117,"featured_media":0,"comment_status":"open","ping_status":"open","sticky":false,"template":"","format":"standard","meta":{"footnotes":""},"categories":[225],"tags":[],"class_list":["post-19507","post","type-post","status-publish","format-standard","hentry","category-rutes"],"_links":{"self":[{"href":"https:\/\/edublog.educastur.es\/ixuxu\/wp-json\/wp\/v2\/posts\/19507","targetHints":{"allow":["GET"]}}],"collection":[{"href":"https:\/\/edublog.educastur.es\/ixuxu\/wp-json\/wp\/v2\/posts"}],"about":[{"href":"https:\/\/edublog.educastur.es\/ixuxu\/wp-json\/wp\/v2\/types\/post"}],"author":[{"embeddable":true,"href":"https:\/\/edublog.educastur.es\/ixuxu\/wp-json\/wp\/v2\/users\/117"}],"replies":[{"embeddable":true,"href":"https:\/\/edublog.educastur.es\/ixuxu\/wp-json\/wp\/v2\/comments?post=19507"}],"version-history":[{"count":3,"href":"https:\/\/edublog.educastur.es\/ixuxu\/wp-json\/wp\/v2\/posts\/19507\/revisions"}],"predecessor-version":[{"id":19510,"href":"https:\/\/edublog.educastur.es\/ixuxu\/wp-json\/wp\/v2\/posts\/19507\/revisions\/19510"}],"wp:attachment":[{"href":"https:\/\/edublog.educastur.es\/ixuxu\/wp-json\/wp\/v2\/media?parent=19507"}],"wp:term":[{"taxonomy":"category","embeddable":true,"href":"https:\/\/edublog.educastur.es\/ixuxu\/wp-json\/wp\/v2\/categories?post=19507"},{"taxonomy":"post_tag","embeddable":true,"href":"https:\/\/edublog.educastur.es\/ixuxu\/wp-json\/wp\/v2\/tags?post=19507"}],"curies":[{"name":"wp","href":"https:\/\/api.w.org\/{rel}","templated":true}]}}