{"id":19533,"date":"2023-05-17T08:30:04","date_gmt":"2023-05-17T06:30:04","guid":{"rendered":"https:\/\/edublog.educastur.es\/ixuxu\/?p=19533"},"modified":"2023-05-19T13:44:35","modified_gmt":"2023-05-19T11:44:35","slug":"dia-internacional-de-la-llucha-contra-la-lgtbifobia","status":"publish","type":"post","link":"https:\/\/edublog.educastur.es\/ixuxu\/2023\/05\/dia-internacional-de-la-llucha-contra-la-lgtbifobia\/","title":{"rendered":"D\u00eda Internacional de la llucha contra la LGTBIfobia"},"content":{"rendered":"<p>El 17 de mayu celebra&#8217;l D\u00eda internacional contra la LGTBIfobia. Por cuenta de esta efem\u00e9ride dende la <strong>Direcci\u00f3n Xeneral de Moced\u00e1, Diversid\u00e1 Sexual y Derechos LGTBI<\/strong> inf\u00f3rmase del Serviciu d&#8217;atenci\u00f3n a v\u00edctimes por LGTBIfobia.<\/p>\n<p style=\"text-align: center\"><img loading=\"lazy\" decoding=\"async\" class=\"aligncenter size-full\" src=\"https:\/\/www.educastur.es\/documents\/34868\/39493\/2023-05-efemerides-Dia-contra-LGTBIfobia.jpg\/b7b87bc6-ffd3-477a-ef7c-216946b3cad6?t=1684398997597\" width=\"940\" height=\"788\" \/><\/p>\n<ul>\n<li>Red Educativa: <a href=\"https:\/\/twitter.com\/reducasturlgtbi\">Twitter<\/a> \/ Instagram \/ Facebook \/<a href=\"https:\/\/rededucativasturlgtbi.blogspot.com\/\"> Blogue.<\/a><\/li>\n<li>Fonte: <a href=\"https:\/\/www.educastur.es\/-\/17-05-dia-internacional-contra-la-lgtbifobia?redirect=%2F\"><strong>Educastur<\/strong><\/a> \/ <a href=\"https:\/\/www.educastur.es\/documents\/34868\/39496\/2023-05-efemerides-Dia-contra-LGTBIfobia.pdf\/cdf4f89d-b528-c489-bd35-f12713750912?t=1684399177768\" target=\"_blank\" rel=\"noopener\">Asturias, una tierra que no tolera la LGTBIfobia<\/a> (pdf)<\/li>\n<\/ul>\n<p><!--more--><\/p>\n<p>El 17 de mayu celebra&#8217;l <strong>D\u00eda Internacional de la llucha contra la LGTBIfobia<\/strong> desque en 1990, la Organizaci\u00f3n Mundial de la Sal\u00fa (OMS) esanici\u00f3 la homosexualid\u00e1 de la Clasificaci\u00f3n Internacional d&#8217;Enfermedaes (CIE).<\/p>\n<p style=\"text-align: center\"><a href=\"https:\/\/pbs.twimg.com\/profile_images\/1501534289883770885\/5sXZerBv_400x400.jpg\"><img loading=\"lazy\" decoding=\"async\" class=\"aligncenter \" src=\"https:\/\/pbs.twimg.com\/profile_images\/1501534289883770885\/5sXZerBv_400x400.jpg\" width=\"261\" height=\"261\" \/><\/a><\/p>\n<p>Esti fechu signific\u00f3 la despatologitzaci\u00f3n d&#8217;una orientaci\u00f3n sexual que mientres sieglos foi escorrida y condergada poles esferes pol\u00edtiques, sociales y m\u00e9diques. Trenta dos a\u00f1os dempu\u00e9s d&#8217;esta fecha, inda se sigue celebrando&#8217;l 17 de mayu como nel D\u00eda Internacional Contra la LGTBIfobia. Aun as\u00ed, la OMS nun suprimi\u00f3 la transexualid\u00e1 de la CIE hasta&#8217;l 2018, y hasta esti 2023, nun s&#8217;aprob\u00f3 la llei estatal d&#8217;autodeterminaci\u00f3n de x\u00e9neru n&#8217;Espa\u00f1a (popularmente conocida como llei trans).<\/p>\n<p style=\"text-align: center\"><a href=\"https:\/\/pbs.twimg.com\/media\/FLkE372XsAE5HMv.jpg\"><img loading=\"lazy\" decoding=\"async\" class=\"aligncenter size-full\" src=\"https:\/\/pbs.twimg.com\/media\/FLkE372XsAE5HMv.jpg\" width=\"493\" height=\"680\" \/><\/a><\/p>\n<p>&nbsp;<\/p>\n","protected":false},"excerpt":{"rendered":"<p>El 17 de mayu celebra&#8217;l D\u00eda internacional contra la LGTBIfobia. Por cuenta de esta efem\u00e9ride dende la Direcci\u00f3n Xeneral de Moced\u00e1, Diversid\u00e1 Sexual y Derechos LGTBI inf\u00f3rmase del Serviciu d&#8217;atenci\u00f3n a v\u00edctimes por LGTBIfobia. Red Educativa: Twitter \/ Instagram \/ Facebook \/ Blogue. Fonte: Educastur \/ Asturias, una tierra que no tolera la LGTBIfobia (pdf)<\/p>\n","protected":false},"author":117,"featured_media":0,"comment_status":"open","ping_status":"open","sticky":false,"template":"","format":"standard","meta":{"footnotes":""},"categories":[6],"tags":[],"class_list":["post-19533","post","type-post","status-publish","format-standard","hentry","category-dia-de"],"_links":{"self":[{"href":"https:\/\/edublog.educastur.es\/ixuxu\/wp-json\/wp\/v2\/posts\/19533","targetHints":{"allow":["GET"]}}],"collection":[{"href":"https:\/\/edublog.educastur.es\/ixuxu\/wp-json\/wp\/v2\/posts"}],"about":[{"href":"https:\/\/edublog.educastur.es\/ixuxu\/wp-json\/wp\/v2\/types\/post"}],"author":[{"embeddable":true,"href":"https:\/\/edublog.educastur.es\/ixuxu\/wp-json\/wp\/v2\/users\/117"}],"replies":[{"embeddable":true,"href":"https:\/\/edublog.educastur.es\/ixuxu\/wp-json\/wp\/v2\/comments?post=19533"}],"version-history":[{"count":6,"href":"https:\/\/edublog.educastur.es\/ixuxu\/wp-json\/wp\/v2\/posts\/19533\/revisions"}],"predecessor-version":[{"id":19784,"href":"https:\/\/edublog.educastur.es\/ixuxu\/wp-json\/wp\/v2\/posts\/19533\/revisions\/19784"}],"wp:attachment":[{"href":"https:\/\/edublog.educastur.es\/ixuxu\/wp-json\/wp\/v2\/media?parent=19533"}],"wp:term":[{"taxonomy":"category","embeddable":true,"href":"https:\/\/edublog.educastur.es\/ixuxu\/wp-json\/wp\/v2\/categories?post=19533"},{"taxonomy":"post_tag","embeddable":true,"href":"https:\/\/edublog.educastur.es\/ixuxu\/wp-json\/wp\/v2\/tags?post=19533"}],"curies":[{"name":"wp","href":"https:\/\/api.w.org\/{rel}","templated":true}]}}