{"id":19549,"date":"2023-05-11T11:00:59","date_gmt":"2023-05-11T09:00:59","guid":{"rendered":"https:\/\/edublog.educastur.es\/ixuxu\/?p=19549"},"modified":"2023-05-11T11:37:16","modified_gmt":"2023-05-11T09:37:16","slug":"19549","status":"publish","type":"post","link":"https:\/\/edublog.educastur.es\/ixuxu\/2023\/05\/19549\/","title":{"rendered":"David Varela, un artista polifac\u00e9ticu asturianu"},"content":{"rendered":"<ul>\n<li>Fonte: <a href=\"https:\/\/www.infoasturies.com\/as\/2023\/04\/26\/profesionales-comprometios-col-asturianu-david-varela-poniendo-musica-a-la-llingua\/?fbclid=IwAR1ZR5wWH6NuK9kBLweimyyK0WK7Bg3Mx0cm92lDOu3-I807zWzESWEPB_Y\">infoAsturies<\/a> \/ Susana Sela<\/li>\n<li><a href=\"https:\/\/www.facebook.com\/DAVIZVARELA\/\">David Varela<\/a> \/<\/li>\n<li>Grupu: <a href=\"https:\/\/www.facebook.com\/hashtag\/labonturne\">la Bonturn\u00e9<\/a> \/<\/li>\n<\/ul>\n<p><strong><em><span style=\"color: #008080\">David Varela ye un artista polifac\u00e9ticu asturianu; bien conoc\u00edu como m\u00fasicu tradicional, David dedica la mayor parte la so vida a dar conciertos, escenificar el so trabayu, fabricar y tresnar instrumentos tradicionales y tresmitir los sos conocimientos a los dem\u00e1s.<\/span><\/em><\/strong><\/p>\n<p style=\"text-align: center\"><a href=\"https:\/\/external-mad2-1.xx.fbcdn.net\/emg1\/v\/t13\/14466323749307014405?url=https%3A%2F%2Fwww.infoasturies.com%2Fwp-content%2Fuploads%2F2023%2F04%2Fdavid-varela-5.jpeg&amp;fb_obo=1&amp;utld=infoasturies.com&amp;stp=c0.5000x0.5000f_dst-jpg_flffffff_p500x261_q75&amp;ccb=13-1&amp;oh=06_AbGyUjyMEKSXsprKDZNWckmc8g5UtVDjrF3ULaTpt08GVg&amp;oe=645E88E9&amp;_nc_sid=7b0f64\"><img loading=\"lazy\" decoding=\"async\" class=\"aligncenter size-full\" src=\"https:\/\/external-mad2-1.xx.fbcdn.net\/emg1\/v\/t13\/14466323749307014405?url=https%3A%2F%2Fwww.infoasturies.com%2Fwp-content%2Fuploads%2F2023%2F04%2Fdavid-varela-5.jpeg&amp;fb_obo=1&amp;utld=infoasturies.com&amp;stp=c0.5000x0.5000f_dst-jpg_flffffff_p500x261_q75&amp;ccb=13-1&amp;oh=06_AbGyUjyMEKSXsprKDZNWckmc8g5UtVDjrF3ULaTpt08GVg&amp;oe=645E88E9&amp;_nc_sid=7b0f64\" width=\"500\" height=\"261\" \/><\/a><\/p>\n<p><!--more--><\/p>\n<p style=\"text-align: center\"><a href=\"https:\/\/www.infoasturies.com\/wp-content\/uploads\/2023\/04\/david-varela-3-300x300.jpeg\"><img loading=\"lazy\" decoding=\"async\" class=\"aligncenter size-full\" src=\"https:\/\/www.infoasturies.com\/wp-content\/uploads\/2023\/04\/david-varela-3-300x300.jpeg\" width=\"300\" height=\"300\" \/><\/a><\/p>\n<p>Llueu de trabayar una montonera tiempu per cuenta ayena, David Varela f\u00edzose aut\u00f3nomu pa profesionalizar el so oficiu de m\u00fasicu y axuntar les artes esc\u00e9niques a les sos representaciones, curiando sobremanera ca detalle. Les milenta oportunidaes que se-y presenten ll\u00e9venlu a convertise n\u2019actor profesional, collaborando con otros artistes y compa\u00f1\u00edes de teatru.<\/p>\n<p>Arriendes d\u2019ello, abre un taller d\u2019artesanu pa fabricar y reparar instrumentos de percusi\u00f3n tradicional, con especial atenci\u00f3n a los tambores. Gracies a los sos estudios d\u2019una mayestr\u00eda industrial y la so conocencia de la historia y morfolox\u00eda de los instrumentos colos que trabaya, los sos instrumentos son de alta calid\u00e1.<\/p>\n<p>David trabaya tantu la m\u00fasica de direutu como la d\u2019estudiu, componiendo y arreglando les sos pieces, que c\u00e1sique siempres van endolcaes nes m\u00fasiques de raiga\u00f1u. La excelente reputaci\u00f3n de David como artista profesional ye testimoniu del so enfotu pola b\u00fasqueda la excelencia.<\/p>\n<p>D\u2019otramiente, David ye un experiment\u00e1u mayestru de m\u00fasica tradicional, que lleva 3 d\u00e9cades deprendiendo a los sos escolinos a tocar el tambor asturianu y 20 a\u00f1os faciendo lo mesmu col acurdi\u00f3n de botonera, na ense\u00f1anza non reglada.<\/p>\n<p style=\"text-align: center\"><a href=\"https:\/\/www.infoasturies.com\/wp-content\/uploads\/2023\/04\/david-varela-4-768x772.jpeg\"><img loading=\"lazy\" decoding=\"async\" class=\"aligncenter size-full\" src=\"https:\/\/www.infoasturies.com\/wp-content\/uploads\/2023\/04\/david-varela-4-768x772.jpeg\" width=\"768\" height=\"772\" \/><\/a><\/p>\n<p>Arriendes del so trabayu como aut\u00f3nomu, David Varela trabaya n\u2019escueles municipales de m\u00fasica y, en collaboraci\u00f3n con otros collacios, ufierta servicios como t\u00e9unicos de producci\u00f3n, vidiu, audio, etc.<\/p>\n\n<!-- iframe plugin v.6.0 wordpress.org\/plugins\/iframe\/ -->\n<iframe loading=\"lazy\" src=\"https:\/\/cadenaser.com\/embed\/audio\/460\/1662631254441\/\" width=\"100%\" height=\"360\" frameborder=\"0\" 0=\"allowfullscreen\" 1=\"\/iframe\" scrolling=\"yes\" class=\"iframe-class\"><\/iframe>\n\n<p>&nbsp;<\/p>\n<p>&nbsp;<\/p>\n<p style=\"text-align: center\">\n<!-- iframe plugin v.6.0 wordpress.org\/plugins\/iframe\/ -->\n<iframe loading=\"lazy\" src=\"https:\/\/www.facebook.com\/plugins\/post.php?href=https%3A%2F%2Fwww.facebook.com%2Fpermalink.php%3Fstory_fbid%3Dpfbid0HaJo32u2xeiZtLGpwEPJc3SU94oLxxGy7QUJKkW1NAggYDC4aY2kWBBmEeoVnCf9l%26id%3D100064196554380&#038;show_text=false&#038;width=500\" width=\"500\" height=\"498\" style=\"border:none;overflow:hidden\" scrolling=\"no\" frameborder=\"0\" allowfullscreen=\"true\" allow=\"autoplay; clipboard-write; encrypted-media; picture-in-picture; web-share\" 0=\"\/iframe\" class=\"iframe-class\"><\/iframe>\n<\/p>\n<p style=\"text-align: center\">\n<!-- iframe plugin v.6.0 wordpress.org\/plugins\/iframe\/ -->\n<iframe loading=\"lazy\" src=\"https:\/\/www.facebook.com\/plugins\/post.php?href=https%3A%2F%2Fwww.facebook.com%2Fphoto.php%3Ffbid%3D739469554525715%26set%3Da.565668961905776%26type%3D3&#038;show_text=false&#038;width=500\" width=\"500\" height=\"531\" style=\"border:none;overflow:hidden\" scrolling=\"no\" frameborder=\"0\" allowfullscreen=\"true\" allow=\"autoplay; clipboard-write; encrypted-media; picture-in-picture; web-share\" 0=\"\/iframe\" class=\"iframe-class\"><\/iframe>\n<\/p>\n","protected":false},"excerpt":{"rendered":"<p>Fonte: infoAsturies \/ Susana Sela David Varela \/ Grupu: la Bonturn\u00e9 \/ David Varela ye un artista polifac\u00e9ticu asturianu; bien conoc\u00edu como m\u00fasicu tradicional, David dedica la mayor parte la so vida a dar conciertos, escenificar el so trabayu, fabricar y tresnar instrumentos tradicionales y tresmitir los sos conocimientos a los dem\u00e1s.<\/p>\n","protected":false},"author":117,"featured_media":0,"comment_status":"open","ping_status":"open","sticky":false,"template":"","format":"standard","meta":{"footnotes":""},"categories":[35],"tags":[],"class_list":["post-19549","post","type-post","status-publish","format-standard","hentry","category-musica"],"_links":{"self":[{"href":"https:\/\/edublog.educastur.es\/ixuxu\/wp-json\/wp\/v2\/posts\/19549","targetHints":{"allow":["GET"]}}],"collection":[{"href":"https:\/\/edublog.educastur.es\/ixuxu\/wp-json\/wp\/v2\/posts"}],"about":[{"href":"https:\/\/edublog.educastur.es\/ixuxu\/wp-json\/wp\/v2\/types\/post"}],"author":[{"embeddable":true,"href":"https:\/\/edublog.educastur.es\/ixuxu\/wp-json\/wp\/v2\/users\/117"}],"replies":[{"embeddable":true,"href":"https:\/\/edublog.educastur.es\/ixuxu\/wp-json\/wp\/v2\/comments?post=19549"}],"version-history":[{"count":4,"href":"https:\/\/edublog.educastur.es\/ixuxu\/wp-json\/wp\/v2\/posts\/19549\/revisions"}],"predecessor-version":[{"id":19553,"href":"https:\/\/edublog.educastur.es\/ixuxu\/wp-json\/wp\/v2\/posts\/19549\/revisions\/19553"}],"wp:attachment":[{"href":"https:\/\/edublog.educastur.es\/ixuxu\/wp-json\/wp\/v2\/media?parent=19549"}],"wp:term":[{"taxonomy":"category","embeddable":true,"href":"https:\/\/edublog.educastur.es\/ixuxu\/wp-json\/wp\/v2\/categories?post=19549"},{"taxonomy":"post_tag","embeddable":true,"href":"https:\/\/edublog.educastur.es\/ixuxu\/wp-json\/wp\/v2\/tags?post=19549"}],"curies":[{"name":"wp","href":"https:\/\/api.w.org\/{rel}","templated":true}]}}