{"id":19563,"date":"2023-05-11T12:03:11","date_gmt":"2023-05-11T10:03:11","guid":{"rendered":"https:\/\/edublog.educastur.es\/ixuxu\/?p=19563"},"modified":"2023-05-11T12:58:41","modified_gmt":"2023-05-11T10:58:41","slug":"19563","status":"publish","type":"post","link":"https:\/\/edublog.educastur.es\/ixuxu\/2023\/05\/19563\/","title":{"rendered":"Mientres los pr\u00f3ximos d\u00edes prevese un episodiu d&#8217;ag\u00fces en munches comunidaes del pa\u00eds."},"content":{"rendered":"<ul>\n<li>Fonte:<a href=\"https:\/\/www.tiempoyradar.es\/noticias-del-tiempo\/el-tiempo-episodio-de-lluvias-a-la-vista-en-espana--951201a5-8867-4fb8-bc30-dec0dceac904\"> Tiempu y radar<\/a><\/li>\n<\/ul>\n<p style=\"text-align: center\"><a href=\"https:\/\/images.ctfassets.net\/4ivszygz9914\/2f59357c-bc7a-411d-8975-b73083386562\/bc0f1bfc09f626905d04968b89080835\/1c9357ab-d742-4234-8032-9ae9d30879f7.jpg?fm=webp\"><img loading=\"lazy\" decoding=\"async\" class=\"aligncenter size-full\" src=\"https:\/\/images.ctfassets.net\/4ivszygz9914\/2f59357c-bc7a-411d-8975-b73083386562\/bc0f1bfc09f626905d04968b89080835\/1c9357ab-d742-4234-8032-9ae9d30879f7.jpg?fm=webp\" width=\"632\" height=\"355\" \/><\/a><\/p>\n","protected":false},"excerpt":{"rendered":"<p>Fonte: Tiempu y radar<\/p>\n","protected":false},"author":117,"featured_media":0,"comment_status":"open","ping_status":"open","sticky":false,"template":"","format":"standard","meta":{"footnotes":""},"categories":[5],"tags":[],"class_list":["post-19563","post","type-post","status-publish","format-standard","hentry","category-tiempu"],"_links":{"self":[{"href":"https:\/\/edublog.educastur.es\/ixuxu\/wp-json\/wp\/v2\/posts\/19563","targetHints":{"allow":["GET"]}}],"collection":[{"href":"https:\/\/edublog.educastur.es\/ixuxu\/wp-json\/wp\/v2\/posts"}],"about":[{"href":"https:\/\/edublog.educastur.es\/ixuxu\/wp-json\/wp\/v2\/types\/post"}],"author":[{"embeddable":true,"href":"https:\/\/edublog.educastur.es\/ixuxu\/wp-json\/wp\/v2\/users\/117"}],"replies":[{"embeddable":true,"href":"https:\/\/edublog.educastur.es\/ixuxu\/wp-json\/wp\/v2\/comments?post=19563"}],"version-history":[{"count":2,"href":"https:\/\/edublog.educastur.es\/ixuxu\/wp-json\/wp\/v2\/posts\/19563\/revisions"}],"predecessor-version":[{"id":19565,"href":"https:\/\/edublog.educastur.es\/ixuxu\/wp-json\/wp\/v2\/posts\/19563\/revisions\/19565"}],"wp:attachment":[{"href":"https:\/\/edublog.educastur.es\/ixuxu\/wp-json\/wp\/v2\/media?parent=19563"}],"wp:term":[{"taxonomy":"category","embeddable":true,"href":"https:\/\/edublog.educastur.es\/ixuxu\/wp-json\/wp\/v2\/categories?post=19563"},{"taxonomy":"post_tag","embeddable":true,"href":"https:\/\/edublog.educastur.es\/ixuxu\/wp-json\/wp\/v2\/tags?post=19563"}],"curies":[{"name":"wp","href":"https:\/\/api.w.org\/{rel}","templated":true}]}}