{"id":19572,"date":"2023-05-12T13:09:50","date_gmt":"2023-05-12T11:09:50","guid":{"rendered":"https:\/\/edublog.educastur.es\/ixuxu\/?p=19572"},"modified":"2023-05-12T13:12:21","modified_gmt":"2023-05-12T11:12:21","slug":"dia-internacional-de-los-museos-4","status":"publish","type":"post","link":"https:\/\/edublog.educastur.es\/ixuxu\/2023\/05\/dia-internacional-de-los-museos-4\/","title":{"rendered":"D\u00eda Internacional de los Museos"},"content":{"rendered":"<p><a href=\"https:\/\/icom.museum\/wp-content\/uploads\/2022\/12\/Poster-in-English-683x1024.png\"><img loading=\"lazy\" decoding=\"async\" class=\"aligncenter \" src=\"https:\/\/icom.museum\/wp-content\/uploads\/2022\/12\/Poster-in-English-683x1024.png\" width=\"222\" height=\"332\" \/><\/a><\/p>\n<p>El 18 de mayu celebramos el <strong><span style=\"color: #008080\">D\u00eda Internacional de los Museos<\/span><\/strong> cola entrada gratuita tol d\u00eda, visita empuesta a les 12:00 hores y agasayo d&#8217;un llibru sobro cultura asturiana. En 1977, el Conseyu Internacional de Museos (ICOM) escoy\u00f3 esi d\u00eda pa concenciar sobro la so relevancia social. El de 2023 ye <span style=\"color: #008080\"><strong>\u00abMuseos, sostenibilid\u00e1 y bienestar\u00bb<\/strong><\/span> y pon l&#8217;acentu na nuesa capacid\u00e1 pa contribuyir a llograr los 17 Oxetivos de Desenvolvimientu Sostenible y ameyorar la vida de les persones. Nestos enllaces pod\u00e9is ampliar tola informaci\u00f3n:<\/p>\n<ul>\n<li><a href=\"https:\/\/icom.museum\/...\/dia-internacional-de-los-museos...\">https:\/\/icom.museum\/&#8230;\/dia-internacional-de-los-museos&#8230;<\/a><\/li>\n<li><a href=\"https:\/\/www.un.org\/...\/objetivos-de-desarrollo-sostenible\/\">https:\/\/www.un.org\/&#8230;\/objetivos-de-desarrollo-sostenible\/<\/a><\/li>\n<li>\n<h2 class=\"x1heor9g x1qlqyl8 x1pd3egz x1a2a7pz x1gslohp\"><span class=\"x193iq5w xeuugli x13faqbe x1vvkbs x1xmvt09 x1f6kntn xvq8zen xo1l8bm xi81zsa\"><span class=\"xt0psk2\"><a class=\"x1i10hfl xjbqb8w x6umtig x1b1mbwd xaqea5y xav7gou x9f619 x1ypdohk xt0psk2 xe8uvvx xdj266r x11i5rnm xat24cr x1mh8g0r xexx8yu x4uap5 x18d9i69 xkhd6sd x16tdsg8 x1hl2dhg xggy1nq x1a2a7pz xt0b8zv xzsf02u x1s688f\" role=\"link\" href=\"https:\/\/www.facebook.com\/MuseoEtnograficodelOrientedeAsturias?__cft__[0]=AZVJmYgcr3UClki6ngOmrGzgkuANE-km-XmroIBkKU-RF1IKC-VmtLqrDqqZrjAhvBoYfmBkxETi33mybxSbyuCk9s6m9w0YaubKD-GLKUROsPQSkpMyzLOQtIaG8f78MjoCU4WbM-WeUis6-WAUuHBlIg6u_CiH4bWHY-4W4pA-gRrpUwJZv3bf7kY0IVljn8Gw0WQiTKmyN3bEU7urGxGo&amp;__tn__=-UC*F\">Museo Etnogr\u00e1fico del Oriente de Asturias<\/a><\/span><\/span><\/h2>\n<\/li>\n<\/ul>\n<p><!--more--><\/p>\n<p>Cada a\u00f1u dende 1977, l&#8217;ICOM entama&#8217;l D\u00eda Internacional de los Museos, un momentu escepcional para la comunid\u00e1 muse\u00edstica internacional.<\/p>\n<p>L&#8217;oxetivu del D\u00eda Internacional de los Museos (DIM) ye concenciar sobro&#8217;l fechu de que los museos son un importante mediu pal intercambiu cultural, l&#8217;arriquecimientu de les cultures, seg\u00fan pal desenvolvimientu de la comprensi\u00f3n mutua, de la collaboraci\u00f3n y de la paz ente los pueblos. Entamaos cada 18 de mayu o alredor d&#8217;esa fecha dende fai m\u00e1s de 40 a\u00f1os, los eventos y actividaes entamaos pa celebrar el DIM pueden durar un d\u00eda, una fin de selmana o inclusive tola selmana. Cada vez son m\u00e1s los museos por tol mundu que participen nesta celebraci\u00f3n mundial: l&#8217;a\u00f1u pas\u00e1u fueron 37.000 museos los que tomaron parte nel eventu en 158 pa\u00edses y territorios.<\/p>\n<blockquote><p><span style=\"color: #008080;font-size: 20px\">\u201cMuseos, sostenibilid\u00e1 y bienestar\u201d<\/span><\/p><\/blockquote>\n<p>Los museos contrib\u00fain de manera fundamental al bienestar y al desenvolvimientu sostenible de les nueses comunidaes. Como instituciones d&#8217;enfotu ya importantes filos nel nuesu tex\u00edu social compart\u00edu, t\u00e1n nuna posici\u00f3n \u00fanica pa crear un efectu cascada que fomente&#8217;l camb\u00e9u positivu. Los museos pueden contribuyir de munches maneres a la consecuci\u00f3n de los Oxetivos de Desenvolvimientu Sostenible: dende&#8217;l sofitu a l&#8217;acci\u00f3n clim\u00e1tica y el fomentu de la inclusi\u00f3n, hasta la llucha contra l&#8217;aislamientu social y la meyora de la sal\u00fa mental.<\/p>\n<p style=\"text-align: center\"><a href=\"https:\/\/icom.museum\/wp-content\/uploads\/2022\/12\/Poster-in-English-683x1024.png\"><img loading=\"lazy\" decoding=\"async\" class=\"aligncenter size-full\" src=\"https:\/\/icom.museum\/wp-content\/uploads\/2022\/12\/Poster-in-English-683x1024.png\" width=\"683\" height=\"1024\" \/><\/a><\/p>\n","protected":false},"excerpt":{"rendered":"<p>El 18 de mayu celebramos el D\u00eda Internacional de los Museos cola entrada gratuita tol d\u00eda, visita empuesta a les 12:00 hores y agasayo d&#8217;un llibru sobro cultura asturiana. En 1977, el Conseyu Internacional de Museos (ICOM) escoy\u00f3 esi d\u00eda pa concenciar sobro la so relevancia social. El de 2023 ye \u00abMuseos, sostenibilid\u00e1 y bienestar\u00bb [&hellip;]<\/p>\n","protected":false},"author":117,"featured_media":0,"comment_status":"open","ping_status":"open","sticky":false,"template":"","format":"standard","meta":{"footnotes":""},"categories":[6],"tags":[],"class_list":["post-19572","post","type-post","status-publish","format-standard","hentry","category-dia-de"],"_links":{"self":[{"href":"https:\/\/edublog.educastur.es\/ixuxu\/wp-json\/wp\/v2\/posts\/19572","targetHints":{"allow":["GET"]}}],"collection":[{"href":"https:\/\/edublog.educastur.es\/ixuxu\/wp-json\/wp\/v2\/posts"}],"about":[{"href":"https:\/\/edublog.educastur.es\/ixuxu\/wp-json\/wp\/v2\/types\/post"}],"author":[{"embeddable":true,"href":"https:\/\/edublog.educastur.es\/ixuxu\/wp-json\/wp\/v2\/users\/117"}],"replies":[{"embeddable":true,"href":"https:\/\/edublog.educastur.es\/ixuxu\/wp-json\/wp\/v2\/comments?post=19572"}],"version-history":[{"count":4,"href":"https:\/\/edublog.educastur.es\/ixuxu\/wp-json\/wp\/v2\/posts\/19572\/revisions"}],"predecessor-version":[{"id":19576,"href":"https:\/\/edublog.educastur.es\/ixuxu\/wp-json\/wp\/v2\/posts\/19572\/revisions\/19576"}],"wp:attachment":[{"href":"https:\/\/edublog.educastur.es\/ixuxu\/wp-json\/wp\/v2\/media?parent=19572"}],"wp:term":[{"taxonomy":"category","embeddable":true,"href":"https:\/\/edublog.educastur.es\/ixuxu\/wp-json\/wp\/v2\/categories?post=19572"},{"taxonomy":"post_tag","embeddable":true,"href":"https:\/\/edublog.educastur.es\/ixuxu\/wp-json\/wp\/v2\/tags?post=19572"}],"curies":[{"name":"wp","href":"https:\/\/api.w.org\/{rel}","templated":true}]}}