{"id":19596,"date":"2023-05-15T09:00:13","date_gmt":"2023-05-15T07:00:13","guid":{"rendered":"https:\/\/edublog.educastur.es\/ixuxu\/?p=19596"},"modified":"2023-05-17T14:13:49","modified_gmt":"2023-05-17T12:13:49","slug":"dia-internacional-de-la-familia","status":"publish","type":"post","link":"https:\/\/edublog.educastur.es\/ixuxu\/2023\/05\/dia-internacional-de-la-familia\/","title":{"rendered":"D\u00eda Internacional de la Familia"},"content":{"rendered":"<p style=\"text-align: center\"><a href=\"https:\/\/1.bp.blogspot.com\/-K74ZZdOnxKs\/Xrut0wm7o-I\/AAAAAAAAJr4\/x2F06tlYJegyi6hXMeGDTEcN97dJ778CgCLcBGAsYHQ\/w1200-h630-p-k-no-nu\/Familia.jpg\"><img loading=\"lazy\" decoding=\"async\" class=\"aligncenter \" src=\"https:\/\/1.bp.blogspot.com\/-K74ZZdOnxKs\/Xrut0wm7o-I\/AAAAAAAAJr4\/x2F06tlYJegyi6hXMeGDTEcN97dJ778CgCLcBGAsYHQ\/w1200-h630-p-k-no-nu\/Familia.jpg\" width=\"586\" height=\"308\" \/><\/a><\/p>\n<p>El 15 de mayu, l&#8217;Asamblea Xeneral de les Naciones Xun\u00edes promulg\u00f3 la llei por que se celebre&#8217;l<strong><span style=\"color: #008080\"> D\u00eda Internacional de la Familia,<\/span><\/strong>\u00a0col fin de concenciar a la poblaci\u00f3n sobro&#8217;l papel que tien la familia na educaci\u00f3n y la formaci\u00f3n de los f\u00edos dende la primer infancia, seg\u00fan fomentar los llazos familiares y l&#8217;uni\u00f3n familiar.<\/p>\n<ul>\n<li><a href=\"https:\/\/www.un.org\/es\/observances\/international-day-of-families\">https:\/\/www.un.org\/es\/observances\/international-day-of-families<\/a><\/li>\n<li><a href=\"https:\/\/www.diainternacionalde.com\/ficha\/dia-internacional-familias\">D\u00eda de&#8230;<\/a> \/<a href=\"https:\/\/sadei.es\/sadei-divulga\/de-interes\/sadei-divulga_2589_5_4132_0_1_in.html?fbclid=IwAR10s4r-6H2WNgX1dRjj8vIFFk9PUwnCFItZlXDgiE18Ib7jMZ1SMh8EFms#images-5\"> imaxe<\/a> \/<\/li>\n<\/ul>\n<p><!--more--><\/p>\n<p>Como cada 15 de mayu dende 1994 g\u00fcei cel\u00e9brase&#8217;l ??\u0301? ????????????? ?? ?? ???????. \u00bfSab\u00edes qu&#8217;el 31% de los llares asturianos son unipersonales y el 23% componense de pareyes ensin f\u00edos? Puedes atopar m\u00e1s datos sobro les families asturianes visitando&#8217;l particular edificiu asiti\u00e1u nel nuesu apart\u00e1u\u00a0<span class=\"x193iq5w xeuugli x13faqbe x1vvkbs x1xmvt09 x1lliihq x1s928wv xhkezso x1gmr53x x1cpjm7i x1fgarty x1943h6x xudqn12 x3x7a5m x1f6kntn xvq8zen xo1l8bm xzsf02u\" dir=\"auto\"><a href=\"https:\/\/sadei.es\/sadei-divulga\/de-interes\/sadei-divulga_2589_5_4132_0_1_in.html?fbclid=IwAR2LON6Fr9quxsIoXYET2yboMAgK5ckOBmyI9VBWmrgy6GE7wfgaPDGIu8c\"><span style=\"color: #008080\">????? ???????<\/span> <\/a><\/p>\n<p><\/span>Les families actuales son diverses; sienten y viven de maneres distintes. Nes families, los derechos de les muyeres y les ne\u00f1es pueden fomentase, pero tami\u00e9n frayar. Pueden ser llugares d&#8217;amor, curi\u00e1u y prestu, pero, con demasiada frecuencia, son espacios onde se manquen los derechos de les muyeres, onde se callen les sos voces y impera la desiguald\u00e1 de x\u00e9neru. Nel mundu cambiante de g\u00fcei, les lleis y pol\u00edtiques tienen de fundase nes realidaes de la vida familiar.<\/p>\n<p style=\"text-align: center\"><a href=\"https:\/\/sadei.es\/v_portal\/inc\/clicklink.asp?t=1&amp;cod=6207&amp;c=0\"><img loading=\"lazy\" decoding=\"async\" class=\"aligncenter size-full\" src=\"https:\/\/sadei.es\/v_portal\/inc\/clicklink.asp?t=1&amp;cod=6207&amp;c=0\" width=\"1024\" height=\"1436\" \/><\/a><\/p>\n\n<!-- iframe plugin v.6.0 wordpress.org\/plugins\/iframe\/ -->\n<iframe loading=\"lazy\" width=\"100%\" height=\"395\" src=\"https:\/\/www.youtube.com\/embed\/VE7XEwQ5a1M\" title=\"Familias de Hoy\" frameborder=\"0\" allow=\"accelerometer; autoplay; clipboard-write; encrypted-media; gyroscope; picture-in-picture; web-share\" 0=\"allowfullscreen\" 1=\"\/iframe\" scrolling=\"yes\" class=\"iframe-class\"><\/iframe>\n\n<p>&nbsp;<\/p>\n","protected":false},"excerpt":{"rendered":"<p>El 15 de mayu, l&#8217;Asamblea Xeneral de les Naciones Xun\u00edes promulg\u00f3 la llei por que se celebre&#8217;l D\u00eda Internacional de la Familia,\u00a0col fin de concenciar a la poblaci\u00f3n sobro&#8217;l papel que tien la familia na educaci\u00f3n y la formaci\u00f3n de los f\u00edos dende la primer infancia, seg\u00fan fomentar los llazos familiares y l&#8217;uni\u00f3n familiar. https:\/\/www.un.org\/es\/observances\/international-day-of-families [&hellip;]<\/p>\n","protected":false},"author":117,"featured_media":0,"comment_status":"open","ping_status":"open","sticky":false,"template":"","format":"standard","meta":{"footnotes":""},"categories":[6,1],"tags":[],"class_list":["post-19596","post","type-post","status-publish","format-standard","hentry","category-dia-de","category-sin-categoria"],"_links":{"self":[{"href":"https:\/\/edublog.educastur.es\/ixuxu\/wp-json\/wp\/v2\/posts\/19596","targetHints":{"allow":["GET"]}}],"collection":[{"href":"https:\/\/edublog.educastur.es\/ixuxu\/wp-json\/wp\/v2\/posts"}],"about":[{"href":"https:\/\/edublog.educastur.es\/ixuxu\/wp-json\/wp\/v2\/types\/post"}],"author":[{"embeddable":true,"href":"https:\/\/edublog.educastur.es\/ixuxu\/wp-json\/wp\/v2\/users\/117"}],"replies":[{"embeddable":true,"href":"https:\/\/edublog.educastur.es\/ixuxu\/wp-json\/wp\/v2\/comments?post=19596"}],"version-history":[{"count":8,"href":"https:\/\/edublog.educastur.es\/ixuxu\/wp-json\/wp\/v2\/posts\/19596\/revisions"}],"predecessor-version":[{"id":19711,"href":"https:\/\/edublog.educastur.es\/ixuxu\/wp-json\/wp\/v2\/posts\/19596\/revisions\/19711"}],"wp:attachment":[{"href":"https:\/\/edublog.educastur.es\/ixuxu\/wp-json\/wp\/v2\/media?parent=19596"}],"wp:term":[{"taxonomy":"category","embeddable":true,"href":"https:\/\/edublog.educastur.es\/ixuxu\/wp-json\/wp\/v2\/categories?post=19596"},{"taxonomy":"post_tag","embeddable":true,"href":"https:\/\/edublog.educastur.es\/ixuxu\/wp-json\/wp\/v2\/tags?post=19596"}],"curies":[{"name":"wp","href":"https:\/\/api.w.org\/{rel}","templated":true}]}}