{"id":19602,"date":"2023-05-14T11:00:08","date_gmt":"2023-05-14T09:00:08","guid":{"rendered":"https:\/\/edublog.educastur.es\/ixuxu\/?p=19602"},"modified":"2023-05-15T11:38:47","modified_gmt":"2023-05-15T09:38:47","slug":"dengues-centenarios-sena-didentida-de-la-cultura-asturiana","status":"publish","type":"post","link":"https:\/\/edublog.educastur.es\/ixuxu\/2023\/05\/dengues-centenarios-sena-didentida-de-la-cultura-asturiana\/","title":{"rendered":"Dengues centenarios, se\u00f1a d&#8217;identid\u00e1 de la cultura asturiana."},"content":{"rendered":"<ul>\n<li>Fonte: <a href=\"https:\/\/www.rtpa.es\/noticias-asturias:Dengues-centenarios_111683976698.html?fbclid=IwAR2Sc-wArjVI0UAuq61MU5j-LGELILq7C5pgo2fy2MoVoP3Wz2JB9JHDRn0\">RTPA<\/a> \/<a href=\"https:\/\/nosoydignodetuamor.blogspot.com\/2023\/05\/el-dengue-i-jornadas-de-estudio-de-la.html?fbclid=IwAR2AiBFLbaznHiwD8KzmTVQZwxlTSMxxzaavD2p87_mxLxrL-vUKClkiciw\"> No soy digno de tu amor<\/a> \/<\/li>\n<\/ul>\n<h4 class=\"font-size-l padding-b-20\" style=\"text-align: center\"><span style=\"color: #008080\"><em>\u00abEL DENGUE: I XORNAES D&#8217;ESTUDIU<\/em><\/span><br \/>\n<span style=\"color: #008080\"><em>DE LA INDUMENTARIA ASTURIANA -LUIS ARG\u00dcELLES-\u00ab<\/em><\/span><\/h4>\n<h4 class=\"font-size-l padding-b-20\"><span style=\"font-size: 14px\">El so orixe, variedaes y el papel que cumpli\u00f3 na moda femenina del sieglu XIX alder\u00edquense na xornada<\/span><\/h4>\n<p><a href=\"https:\/\/blogger.googleusercontent.com\/img\/b\/R29vZ2xl\/AVvXsEg5Je_Jjb7vR64r27Gs6LtWffp6AhMmCB4V7jM1TKe5hLH9T5ZmzecH-wnX8Elr6rrBQcQNvH_nKYV0jDMGkBSzRr2AIR_y7tN1rgM6j43d0MfyjM0RVJRWZTCDI9cXEpGZfXEN5R6eRbH_Wht-e6s1wiWK1bbhCyMCEBilOO8kpyB_0W8occwOHBkM\/w400-h345\/345568274_765252465092561_877346147721826865_n.jpg\"><img loading=\"lazy\" decoding=\"async\" class=\"alignnone\" src=\"https:\/\/blogger.googleusercontent.com\/img\/b\/R29vZ2xl\/AVvXsEg5Je_Jjb7vR64r27Gs6LtWffp6AhMmCB4V7jM1TKe5hLH9T5ZmzecH-wnX8Elr6rrBQcQNvH_nKYV0jDMGkBSzRr2AIR_y7tN1rgM6j43d0MfyjM0RVJRWZTCDI9cXEpGZfXEN5R6eRbH_Wht-e6s1wiWK1bbhCyMCEBilOO8kpyB_0W8occwOHBkM\/w400-h345\/345568274_765252465092561_877346147721826865_n.jpg\" alt=\"\" width=\"228\" height=\"197\" \/><\/a> \/ <a href=\"https:\/\/blogger.googleusercontent.com\/img\/b\/R29vZ2xl\/AVvXsEhxCDj54Yl-CHChil3EOaFtaScokCp3_YymMqXJ7h-h6V3Yq3rkIgmWhT0HYvuzwXMGgU3zAxtz9-W9dbq9MkicyKeU5m8DwI258n5pqEJ-_Gi35MkchmLnfvhuXPRyt6THmBFWGcjqsJh5fNgFsB1wcAbJmA1dsyJ6nIHKX1cpeLVo_qhbZvElRy4W\/s2040\/345705599_616175410561509_8438424439136908016_n.jpg\"><img loading=\"lazy\" decoding=\"async\" class=\"alignnone \" src=\"https:\/\/blogger.googleusercontent.com\/img\/b\/R29vZ2xl\/AVvXsEhxCDj54Yl-CHChil3EOaFtaScokCp3_YymMqXJ7h-h6V3Yq3rkIgmWhT0HYvuzwXMGgU3zAxtz9-W9dbq9MkicyKeU5m8DwI258n5pqEJ-_Gi35MkchmLnfvhuXPRyt6THmBFWGcjqsJh5fNgFsB1wcAbJmA1dsyJ6nIHKX1cpeLVo_qhbZvElRy4W\/s2040\/345705599_616175410561509_8438424439136908016_n.jpg\" width=\"147\" height=\"195\" \/><\/a><\/p>\n<div class=\"\" dir=\"auto\">\n<div class=\"\" dir=\"auto\">\n<div class=\"x1iorvi4 x1pi30zi x1l90r2v x1swvt13\" data-ad-comet-preview=\"message\" data-ad-preview=\"message\">\n<div class=\"x78zum5 xdt5ytf xz62fqu x16ldp7u\">\n<div class=\"xu06os2 x1ok221b\">\n<div class=\"x11i5rnm xat24cr x1mh8g0r x1vvkbs xtlvy1s x126k92a\">\n<div dir=\"auto\">Semeyes: Dengue de color negro. \u00abNSDDTA\u00bb. Xij\u00f3n, 2023. <a class=\"x1i10hfl xjbqb8w x6umtig x1b1mbwd xaqea5y xav7gou x9f619 x1ypdohk xt0psk2 xe8uvvx xdj266r x11i5rnm xat24cr x1mh8g0r xexx8yu x4uap5 x18d9i69 xkhd6sd x16tdsg8 x1hl2dhg xggy1nq x1a2a7pz xt0b8zv x1qq9wsj xo1l8bm\" role=\"link\" href=\"https:\/\/www.facebook.com\/hashtag\/nosoydignodetuamor?__eep__=6&amp;__cft__[0]=AZWjZOoKLPz0elY5HR6G2bariM8NhbCzH69EyEPyJGusCaVRNE4kyA74qwsci4AcGgk9v57Cu_rC-A4aQ2FiXc1Mtz5OnIDPq0TWPji2I2fimJGhxB_eGdyYtL6aFuqjQFB8P90dDNRKV1n5smi-Pz0NowqO7pOSZ6hlPZP8XmUQe06yWRW5GoXauaPAa4aWcbxn-AbWKXGN73jLxD9ag77z&amp;__tn__=*NK-y-R\">#nosoydignodetuamor<\/a> <a class=\"x1i10hfl xjbqb8w x6umtig x1b1mbwd xaqea5y xav7gou x9f619 x1ypdohk xt0psk2 xe8uvvx xdj266r x11i5rnm xat24cr x1mh8g0r xexx8yu x4uap5 x18d9i69 xkhd6sd x16tdsg8 x1hl2dhg xggy1nq x1a2a7pz xt0b8zv x1qq9wsj xo1l8bm\" role=\"link\" href=\"https:\/\/www.facebook.com\/hashtag\/historiadelamoda?__eep__=6&amp;__cft__[0]=AZWjZOoKLPz0elY5HR6G2bariM8NhbCzH69EyEPyJGusCaVRNE4kyA74qwsci4AcGgk9v57Cu_rC-A4aQ2FiXc1Mtz5OnIDPq0TWPji2I2fimJGhxB_eGdyYtL6aFuqjQFB8P90dDNRKV1n5smi-Pz0NowqO7pOSZ6hlPZP8XmUQe06yWRW5GoXauaPAa4aWcbxn-AbWKXGN73jLxD9ag77z&amp;__tn__=*NK-y-R\">#historiadelamoda<\/a> <a class=\"x1i10hfl xjbqb8w x6umtig x1b1mbwd xaqea5y xav7gou x9f619 x1ypdohk xt0psk2 xe8uvvx xdj266r x11i5rnm xat24cr x1mh8g0r xexx8yu x4uap5 x18d9i69 xkhd6sd x16tdsg8 x1hl2dhg xggy1nq x1a2a7pz xt0b8zv x1qq9wsj xo1l8bm\" role=\"link\" href=\"https:\/\/www.facebook.com\/hashtag\/moda?__eep__=6&amp;__cft__[0]=AZWjZOoKLPz0elY5HR6G2bariM8NhbCzH69EyEPyJGusCaVRNE4kyA74qwsci4AcGgk9v57Cu_rC-A4aQ2FiXc1Mtz5OnIDPq0TWPji2I2fimJGhxB_eGdyYtL6aFuqjQFB8P90dDNRKV1n5smi-Pz0NowqO7pOSZ6hlPZP8XmUQe06yWRW5GoXauaPAa4aWcbxn-AbWKXGN73jLxD9ag77z&amp;__tn__=*NK-y-R\">#moda<\/a> <a class=\"x1i10hfl xjbqb8w x6umtig x1b1mbwd xaqea5y xav7gou x9f619 x1ypdohk xt0psk2 xe8uvvx xdj266r x11i5rnm xat24cr x1mh8g0r xexx8yu x4uap5 x18d9i69 xkhd6sd x16tdsg8 x1hl2dhg xggy1nq x1a2a7pz xt0b8zv x1qq9wsj xo1l8bm\" role=\"link\" href=\"https:\/\/www.facebook.com\/hashtag\/asturias?__eep__=6&amp;__cft__[0]=AZWjZOoKLPz0elY5HR6G2bariM8NhbCzH69EyEPyJGusCaVRNE4kyA74qwsci4AcGgk9v57Cu_rC-A4aQ2FiXc1Mtz5OnIDPq0TWPji2I2fimJGhxB_eGdyYtL6aFuqjQFB8P90dDNRKV1n5smi-Pz0NowqO7pOSZ6hlPZP8XmUQe06yWRW5GoXauaPAa4aWcbxn-AbWKXGN73jLxD9ag77z&amp;__tn__=*NK-y-R\">#Asturias<\/a><\/div>\n<\/div>\n<div class=\"x11i5rnm xat24cr x1mh8g0r x1vvkbs xtlvy1s x126k92a\">\n<div dir=\"auto\"><!--more--><\/div>\n<\/div>\n<\/div>\n<\/div>\n<\/div>\n<\/div>\n<\/div>\n<p>Nac\u00edu na Asturies rural, ye a finales del sieglu XVIII y principios del XIX, cuando al calor de la industrializaci\u00f3n y de la nacencia de la burgues\u00eda, queda afit\u00e1u&#8217;l modelu de traxe tradicional asturianu y por estensi\u00f3n el dengue coles sos variedaes xeogr\u00e1fiques como esplica Lili\u00e1n Su\u00e1rez, especialista na indumentaria tradicional asturiana, con dengues m\u00e1s anchos nel occidente, de tama\u00f1u normal nel centru y m\u00e1s estrechos nel oriente asturianu.<\/p>\n<p>Ye nesi periodu nel que&#8217;l dengue adopta tela m\u00e1s refinao y nueves formes decoratives. Esta pieza va tener un papel fundamental, nun periodu nel que la muyer cambia la so manera de presentase \u00e9nte la socied\u00e1 n&#8217;Asturies como asegura Fe Santove\u00f1a, especialista na indumentaria tradicional asturiana.<\/p>\n<p>La fotograf\u00eda, nacida al empar que lo fa\u00eda lo que se conoz como indumentaria tradicional asturiana, convi\u00e9rtese na principal fonte d&#8217;estudiu de la evoluci\u00f3n del dengue. Alfonso Fern\u00e1ndez, director del Mus\u00e9u la Gaita, esplica que&#8217;l dengue convirti\u00f3se naquella d\u00f3mina nun atrezo d&#8217;un grupu de baille o de dalg\u00fan tipu d&#8217;actu social onde convi\u00e9n presentase amosando la identid\u00e1 asturiana, daqu\u00e9 qu&#8217;amuesa perfectamente la fotograf\u00eda.<\/p>\n<p>Asina hasta angua\u00f1o, en que&#8217;l dengue sigue siendo una se\u00f1a d&#8217;identid\u00e1 de la cultura asturiana.<\/p>\n<p style=\"text-align: center\"><a href=\"https:\/\/blogger.googleusercontent.com\/img\/b\/R29vZ2xl\/AVvXsEjvX0kcCKSQ3VYzxz6NPXx8Hw2DJeJ2SV7T6bgBG_HqfT62rjTaxl6iFfUNlDuFjSAX5U23t7u1VVKk0MT3ri894PtLz0xaEbO6VptibD24AZM5ppcp5xW32DCjqchyMT2KaAbt7ANptKFoCW6FBFvRKot2JgPumIiCklYdf7jb-l411pe9nAS8iC7q\/s2040\/345655909_636559367892036_7204091314500615377_n.jpg\"><img loading=\"lazy\" decoding=\"async\" class=\"aligncenter size-full\" src=\"https:\/\/blogger.googleusercontent.com\/img\/b\/R29vZ2xl\/AVvXsEjvX0kcCKSQ3VYzxz6NPXx8Hw2DJeJ2SV7T6bgBG_HqfT62rjTaxl6iFfUNlDuFjSAX5U23t7u1VVKk0MT3ri894PtLz0xaEbO6VptibD24AZM5ppcp5xW32DCjqchyMT2KaAbt7ANptKFoCW6FBFvRKot2JgPumIiCklYdf7jb-l411pe9nAS8iC7q\/s2040\/345655909_636559367892036_7204091314500615377_n.jpg\" width=\"2040\" height=\"1536\" \/><\/a><\/p>\n","protected":false},"excerpt":{"rendered":"<p>Fonte: RTPA \/ No soy digno de tu amor \/ \u00abEL DENGUE: I XORNAES D&#8217;ESTUDIU DE LA INDUMENTARIA ASTURIANA -LUIS ARG\u00dcELLES-\u00ab El so orixe, variedaes y el papel que cumpli\u00f3 na moda femenina del sieglu XIX alder\u00edquense na xornada \/ Semeyes: Dengue de color negro. \u00abNSDDTA\u00bb. Xij\u00f3n, 2023. #nosoydignodetuamor #historiadelamoda #moda #Asturias<\/p>\n","protected":false},"author":117,"featured_media":0,"comment_status":"open","ping_status":"open","sticky":false,"template":"","format":"standard","meta":{"footnotes":""},"categories":[210],"tags":[],"class_list":["post-19602","post","type-post","status-publish","format-standard","hentry","category-indumentaria"],"_links":{"self":[{"href":"https:\/\/edublog.educastur.es\/ixuxu\/wp-json\/wp\/v2\/posts\/19602","targetHints":{"allow":["GET"]}}],"collection":[{"href":"https:\/\/edublog.educastur.es\/ixuxu\/wp-json\/wp\/v2\/posts"}],"about":[{"href":"https:\/\/edublog.educastur.es\/ixuxu\/wp-json\/wp\/v2\/types\/post"}],"author":[{"embeddable":true,"href":"https:\/\/edublog.educastur.es\/ixuxu\/wp-json\/wp\/v2\/users\/117"}],"replies":[{"embeddable":true,"href":"https:\/\/edublog.educastur.es\/ixuxu\/wp-json\/wp\/v2\/comments?post=19602"}],"version-history":[{"count":6,"href":"https:\/\/edublog.educastur.es\/ixuxu\/wp-json\/wp\/v2\/posts\/19602\/revisions"}],"predecessor-version":[{"id":19612,"href":"https:\/\/edublog.educastur.es\/ixuxu\/wp-json\/wp\/v2\/posts\/19602\/revisions\/19612"}],"wp:attachment":[{"href":"https:\/\/edublog.educastur.es\/ixuxu\/wp-json\/wp\/v2\/media?parent=19602"}],"wp:term":[{"taxonomy":"category","embeddable":true,"href":"https:\/\/edublog.educastur.es\/ixuxu\/wp-json\/wp\/v2\/categories?post=19602"},{"taxonomy":"post_tag","embeddable":true,"href":"https:\/\/edublog.educastur.es\/ixuxu\/wp-json\/wp\/v2\/tags?post=19602"}],"curies":[{"name":"wp","href":"https:\/\/api.w.org\/{rel}","templated":true}]}}