{"id":19642,"date":"2023-05-15T08:50:26","date_gmt":"2023-05-15T06:50:26","guid":{"rendered":"https:\/\/edublog.educastur.es\/ixuxu\/?p=19642"},"modified":"2023-05-15T12:15:11","modified_gmt":"2023-05-15T10:15:11","slug":"19642","status":"publish","type":"post","link":"https:\/\/edublog.educastur.es\/ixuxu\/2023\/05\/19642\/","title":{"rendered":"El Tiempu n&#8217;Asturies"},"content":{"rendered":"<p><a href=\"https:\/\/www.facebook.com\/eltiempuenasturies\"><img loading=\"lazy\" decoding=\"async\" class=\"aligncenter\" src=\"https:\/\/tinypix.top\/images\/2021\/10\/03\/vIhxi.jpg\" alt=\"\" width=\"124\" height=\"144\" \/><\/a><\/p>\n<div class=\"\" dir=\"auto\">\n<div id=\":r378:\" class=\"x1iorvi4 x1pi30zi x1l90r2v x1swvt13\" data-ad-comet-preview=\"message\" data-ad-preview=\"message\">\n<div class=\"x78zum5 xdt5ytf xz62fqu x16ldp7u\">\n<div class=\"xu06os2 x1ok221b\">\n<div class=\"x11i5rnm xat24cr x1mh8g0r x1vvkbs xtlvy1s x126k92a\">\n<div dir=\"auto\"><strong>Alborecemos<\/strong> col cielu mui nuboso y dalguna gotera con unes temperatures que tan alrodiu de los 12\u00baC, rexistr\u00e1ndose nel puirtu Payares 3,9\u00baC.<\/div>\n<\/div>\n<div class=\"x11i5rnm xat24cr x1mh8g0r x1vvkbs xtlvy1s x126k92a\">\n<div dir=\"auto\"><strong>G\u00fcei llunes<\/strong> l&#8217;aire de componente norte mos apurrir\u00e1 nubosid\u00e1 abondosa que vendr\u00e1 acompangada de precipitaciones febles en xeneral, am\u00e1s les temperatures van tar en descensu y la nieve surdir\u00e1 nes cumues asturianes perriba de los 2000m.<\/p>\n<\/div>\n<div dir=\"auto\"><!--more--><\/div>\n<\/div>\n<div class=\"x11i5rnm xat24cr x1mh8g0r x1vvkbs xtlvy1s x126k92a\">\n<div dir=\"auto\"><strong>Ma\u00f1ana martes<\/strong> l&#8217;aire predominante sedr\u00e1 del nord\u00e9s con raches moderaes en zones del llitoral que fadr\u00e1n baxar abondu la sensaci\u00f3n t\u00e9rmica, nel cielu tendremos intervalos nubosos, sobre too na fastera central asturiana y na cara norte de los cordales mosta\u00f1osos con precipitaciones febles ya intermitentes. Les temperatures siguen en descensu y la nieve va tar ente los 1500-1800m.<\/p>\n<\/div>\n<\/div>\n<div class=\"x11i5rnm xat24cr x1mh8g0r x1vvkbs xtlvy1s x126k92a\">\n<div dir=\"auto\"><strong>El mi\u00e9rcoles<\/strong> seguiremos con muncho nord\u00e9s pero con menos nubes que surdir\u00e1n na contorna de los cordales y na fastera central, predominando los grandes claros nel restu. La sensaci\u00f3n t\u00e9rmica sedr\u00e1 siendo mui baxa, ell\u00ed onde nun temos abellugaos del vientu nord\u00e9s que va seguir soplando cafiante na costa y llitoral asturianu.<\/p>\n<\/div>\n<\/div>\n<div class=\"x11i5rnm xat24cr x1mh8g0r x1vvkbs xtlvy1s x126k92a\">\n<div dir=\"auto\"><strong>El xueves<\/strong> nun dar\u00e1 tregua&#8217;l vientu nord\u00e9s ya tendremos un tiempu mui asemey\u00e1u con nubosid\u00e1 de retenci\u00f3n emburriada pol vientu nord\u00e9s pero con predominiu de los grandes claros na mayor parte d&#8217;Asturies ya con escases posibilidaes de precipitaciones que solo se podr\u00e1n dar en puntos mui determinaos.<\/p>\n<\/div>\n<\/div>\n<div class=\"x11i5rnm xat24cr x1mh8g0r x1vvkbs xtlvy1s x126k92a\">\n<div dir=\"auto\"><strong>El vienres<\/strong> paez qu&#8217;afloxa dalgo l&#8217;aire, sobre too nel interior onde sedr\u00e1 sele en xeneral y nel cielu tendremos nubes ya claros con unes temperatures que tienden a subir dalgo.<\/p>\n<\/div>\n<\/div>\n<div class=\"x11i5rnm xat24cr x1mh8g0r x1vvkbs xtlvy1s x126k92a\">\n<div dir=\"auto\"><strong>El s\u00e1badu y domingu<\/strong> tendremos dalgo m\u00e1s de nubosid\u00e1 y la posibilid\u00e1 de precipitaciones va a estendese a m\u00e1s zones d&#8217;Asturies, pudiendo desendolcase les nubes na contorna de la cordelera y dexanos dalg\u00fan xarabatu feble ya dispersu col aire que sedr\u00e1 sele pero picar\u00e1 m\u00e1s de norte con unes temperatures que camudar\u00e1n poco, calteni\u00e9ndose un ambiente fresco pa la \u00e9poca na que mos atopamos.<\/div>\n<\/div>\n<div class=\"x11i5rnm xat24cr x1mh8g0r x1vvkbs xtlvy1s x126k92a\"><\/div>\n<div class=\"x11i5rnm xat24cr x1mh8g0r x1vvkbs xtlvy1s x126k92a\">\n<div dir=\"auto\"><\/div>\n<\/div>\n<\/div>\n<\/div>\n<\/div>\n<\/div>\n<p>&nbsp;<\/p>\n<div id=\":r379:\" class=\"x1n2onr6\">\n<div class=\"x1n2onr6\"><\/div>\n<\/div>\n<div>\n<div id=\":r379:\" class=\"x1n2onr6\">\n<div class=\"x6ikm8r x10wlt62\"><\/div>\n<\/div>\n<\/div>\n<div>\n<div class=\"x168nmei x13lgxp2 x30kzoy x9jhf4c x6ikm8r x10wlt62\" data-visualcompletion=\"ignore-dynamic\">\n<div>\n<div>\n<div>\n<div class=\"x1n2onr6\">\n<div class=\"x6s0dn4 xi81zsa x78zum5 x6prxxf x13a6bvl xvq8zen xdj266r xktsk01 xat24cr x1d52u69 x889kno x4uap5 x1a8lsjc xkhd6sd xdppsyt\">\n<div class=\"x6s0dn4 x78zum5 x1iyjqo2 x6ikm8r x10wlt62\"><\/div>\n<\/div>\n<\/div>\n<\/div>\n<\/div>\n<\/div>\n<\/div>\n<\/div>\n<div class=\"\"><\/div>\n<div class=\"x9f619 x1n2onr6 x1ja2u2z x78zum5 xdt5ytf x2lah0s x193iq5w xeuugli xsyo7zv x16hj40l x10b6aqq x1yrsyyn\"><\/div>\n<div class=\"x9f619 x1n2onr6 x1ja2u2z x78zum5 xdt5ytf x2lah0s x193iq5w xeuugli xsyo7zv x16hj40l x10b6aqq x1yrsyyn\"><\/div>\n<div class=\"x9f619 x1n2onr6 x1ja2u2z x78zum5 xdt5ytf x2lah0s x193iq5w xeuugli xsyo7zv x16hj40l x10b6aqq x1yrsyyn\"><\/div>\n<div class=\"x9f619 x1n2onr6 x1ja2u2z x78zum5 x2lah0s x1qughib x1qjc9v5 xozqiw3 x1q0g3np x150jy0e x1e558r4 xjkvuk6 x1iorvi4 xwrv7xz x8182xy x4cne27 xifccgj\">\n<div class=\"x9f619 x1n2onr6 x1ja2u2z x78zum5 xdt5ytf x193iq5w xeuugli x1r8uery x1iyjqo2 xs83m0k xg83lxy x1h0ha7o x10b6aqq x1yrsyyn\"><\/div>\n<\/div>\n","protected":false},"excerpt":{"rendered":"<p>Alborecemos col cielu mui nuboso y dalguna gotera con unes temperatures que tan alrodiu de los 12\u00baC, rexistr\u00e1ndose nel puirtu Payares 3,9\u00baC. G\u00fcei llunes l&#8217;aire de componente norte mos apurrir\u00e1 nubosid\u00e1 abondosa que vendr\u00e1 acompangada de precipitaciones febles en xeneral, am\u00e1s les temperatures van tar en descensu y la nieve surdir\u00e1 nes cumues asturianes perriba [&hellip;]<\/p>\n","protected":false},"author":117,"featured_media":0,"comment_status":"open","ping_status":"open","sticky":false,"template":"","format":"standard","meta":{"footnotes":""},"categories":[5],"tags":[],"class_list":["post-19642","post","type-post","status-publish","format-standard","hentry","category-tiempu"],"_links":{"self":[{"href":"https:\/\/edublog.educastur.es\/ixuxu\/wp-json\/wp\/v2\/posts\/19642","targetHints":{"allow":["GET"]}}],"collection":[{"href":"https:\/\/edublog.educastur.es\/ixuxu\/wp-json\/wp\/v2\/posts"}],"about":[{"href":"https:\/\/edublog.educastur.es\/ixuxu\/wp-json\/wp\/v2\/types\/post"}],"author":[{"embeddable":true,"href":"https:\/\/edublog.educastur.es\/ixuxu\/wp-json\/wp\/v2\/users\/117"}],"replies":[{"embeddable":true,"href":"https:\/\/edublog.educastur.es\/ixuxu\/wp-json\/wp\/v2\/comments?post=19642"}],"version-history":[{"count":3,"href":"https:\/\/edublog.educastur.es\/ixuxu\/wp-json\/wp\/v2\/posts\/19642\/revisions"}],"predecessor-version":[{"id":19645,"href":"https:\/\/edublog.educastur.es\/ixuxu\/wp-json\/wp\/v2\/posts\/19642\/revisions\/19645"}],"wp:attachment":[{"href":"https:\/\/edublog.educastur.es\/ixuxu\/wp-json\/wp\/v2\/media?parent=19642"}],"wp:term":[{"taxonomy":"category","embeddable":true,"href":"https:\/\/edublog.educastur.es\/ixuxu\/wp-json\/wp\/v2\/categories?post=19642"},{"taxonomy":"post_tag","embeddable":true,"href":"https:\/\/edublog.educastur.es\/ixuxu\/wp-json\/wp\/v2\/tags?post=19642"}],"curies":[{"name":"wp","href":"https:\/\/api.w.org\/{rel}","templated":true}]}}