{"id":19655,"date":"2023-05-17T07:50:39","date_gmt":"2023-05-17T05:50:39","guid":{"rendered":"https:\/\/edublog.educastur.es\/ixuxu\/?p=19655"},"modified":"2023-05-17T07:50:39","modified_gmt":"2023-05-17T05:50:39","slug":"el-tiempu-nasturies-5","status":"publish","type":"post","link":"https:\/\/edublog.educastur.es\/ixuxu\/2023\/05\/el-tiempu-nasturies-5\/","title":{"rendered":"El tiempu n&#8217;Asturies"},"content":{"rendered":"<div class=\"x11i5rnm xat24cr x1mh8g0r x1vvkbs xtlvy1s x126k92a\">\n<div dir=\"auto\">\n<header class=\"entry-header\">\n<div class=\"entry-meta\"><\/div>\n<\/header>\n<div class=\"entry-content\">\n<p><a href=\"https:\/\/www.facebook.com\/eltiempuenasturies\"><img loading=\"lazy\" decoding=\"async\" class=\"aligncenter\" src=\"https:\/\/tinypix.top\/images\/2021\/10\/03\/vIhxi.jpg\" alt=\"\" width=\"124\" height=\"144\" \/><\/a><\/p>\n<\/div>\n<\/div>\n<\/div>\n<div class=\"x11i5rnm xat24cr x1mh8g0r x1vvkbs xtlvy1s x126k92a\">\n<div dir=\"auto\"><strong>Alborecemos<\/strong> con delles nubes baxes na costa oriental asturiana y dalguna alta nel restu con unes temperatures que tan alrodiu de los 8\u00baC, rexistr\u00e1ndose nel puirtu Payares 1\u00baC.<\/div>\n<\/div>\n<div class=\"x11i5rnm xat24cr x1mh8g0r x1vvkbs xtlvy1s x126k92a\">\n<div dir=\"auto\"><strong>G\u00fcei<\/strong> nel cielu vamos tener dalguna nube de retenci\u00f3n na contorna de los cordales asturianos emburriaes pol vientu nord\u00e9s que va soplar cafiante, sobre too nel llitoral onde la sensaci\u00f3n t\u00e9rmica sedr\u00e1 desagradable, nel restu predominar\u00e1&#8217;l cielu poco nuboso, sicas\u00ed va tar empuerc\u00e1u per dalguna nube alta con unes temperatures que descender\u00e1n llixeramente.<\/div>\n<div dir=\"auto\"><\/div>\n<\/div>\n<p><!--more--><\/p>\n<div class=\"x11i5rnm xat24cr x1mh8g0r x1vvkbs xtlvy1s x126k92a\">\n<div dir=\"auto\"><strong>Ma\u00f1ana xueves<\/strong> aumentar\u00e1 la nubosid\u00e1 y al finar el d\u00eda pue cayer dalguna gotera en forma d&#8217;orp\u00edn , l&#8217;aire nord\u00e9s seguir\u00e1 molestu pela costa y les temperatures baxar\u00e1n otra migallina m\u00e1s.<\/div>\n<\/div>\n<div class=\"x11i5rnm xat24cr x1mh8g0r x1vvkbs xtlvy1s x126k92a\">\n<div dir=\"auto\"><strong>El vienres<\/strong> l&#8217;aire amenorgar\u00e1 y camudar\u00e1 a componente norte, apurri\u00e9ndonos nubosid\u00e1 abondosa que vendr\u00e1 acompangada por orpinos y orbayos con unes temperatures que siguen baxando, sobre too en zones de monta\u00f1a.<\/div>\n<\/div>\n<div class=\"x11i5rnm xat24cr x1mh8g0r x1vvkbs xtlvy1s x126k92a\">\n<div dir=\"auto\"><strong>El s\u00e1badu<\/strong> va tar revueltu col cielu nuboso, precipitaciones febles en forma d&#8217;orp\u00edn pela ma\u00f1ana y cola posibilid\u00e1 de dalg\u00fan xarabatu de calter tormentosu pela tarde, la cota de nieve rondar\u00e1 los 1800m y les temperatures sedr\u00e1n baxes pa la \u00e9poca na que mos atopamos.<\/div>\n<\/div>\n<div class=\"x11i5rnm xat24cr x1mh8g0r x1vvkbs xtlvy1s x126k92a\">\n<div dir=\"auto\"><strong>El domingu<\/strong> meyora dalgo con menos nubes baxes, dalgo de sol pela ma\u00f1ana, ascensu moder\u00e1u de les temperatures pero con xarabatos de calter tormentosu pela tarde febles ya dispersos.<\/div>\n<\/div>\n","protected":false},"excerpt":{"rendered":"<p>Alborecemos con delles nubes baxes na costa oriental asturiana y dalguna alta nel restu con unes temperatures que tan alrodiu de los 8\u00baC, rexistr\u00e1ndose nel puirtu Payares 1\u00baC. G\u00fcei nel cielu vamos tener dalguna nube de retenci\u00f3n na contorna de los cordales asturianos emburriaes pol vientu nord\u00e9s que va soplar cafiante, sobre too nel llitoral [&hellip;]<\/p>\n","protected":false},"author":117,"featured_media":0,"comment_status":"open","ping_status":"open","sticky":false,"template":"","format":"standard","meta":{"footnotes":""},"categories":[5],"tags":[],"class_list":["post-19655","post","type-post","status-publish","format-standard","hentry","category-tiempu"],"_links":{"self":[{"href":"https:\/\/edublog.educastur.es\/ixuxu\/wp-json\/wp\/v2\/posts\/19655","targetHints":{"allow":["GET"]}}],"collection":[{"href":"https:\/\/edublog.educastur.es\/ixuxu\/wp-json\/wp\/v2\/posts"}],"about":[{"href":"https:\/\/edublog.educastur.es\/ixuxu\/wp-json\/wp\/v2\/types\/post"}],"author":[{"embeddable":true,"href":"https:\/\/edublog.educastur.es\/ixuxu\/wp-json\/wp\/v2\/users\/117"}],"replies":[{"embeddable":true,"href":"https:\/\/edublog.educastur.es\/ixuxu\/wp-json\/wp\/v2\/comments?post=19655"}],"version-history":[{"count":1,"href":"https:\/\/edublog.educastur.es\/ixuxu\/wp-json\/wp\/v2\/posts\/19655\/revisions"}],"predecessor-version":[{"id":19656,"href":"https:\/\/edublog.educastur.es\/ixuxu\/wp-json\/wp\/v2\/posts\/19655\/revisions\/19656"}],"wp:attachment":[{"href":"https:\/\/edublog.educastur.es\/ixuxu\/wp-json\/wp\/v2\/media?parent=19655"}],"wp:term":[{"taxonomy":"category","embeddable":true,"href":"https:\/\/edublog.educastur.es\/ixuxu\/wp-json\/wp\/v2\/categories?post=19655"},{"taxonomy":"post_tag","embeddable":true,"href":"https:\/\/edublog.educastur.es\/ixuxu\/wp-json\/wp\/v2\/tags?post=19655"}],"curies":[{"name":"wp","href":"https:\/\/api.w.org\/{rel}","templated":true}]}}