{"id":19657,"date":"2023-05-17T07:53:35","date_gmt":"2023-05-17T05:53:35","guid":{"rendered":"https:\/\/edublog.educastur.es\/ixuxu\/?p=19657"},"modified":"2023-05-17T07:54:01","modified_gmt":"2023-05-17T05:54:01","slug":"i-muestra-de-cine-escolar-esta-escuela-ye-de-cine","status":"publish","type":"post","link":"https:\/\/edublog.educastur.es\/ixuxu\/2023\/05\/i-muestra-de-cine-escolar-esta-escuela-ye-de-cine\/","title":{"rendered":"I Muestra de Cine Escolar \u00abEsta Escuela Ye de Cine\u00bb."},"content":{"rendered":"<div class=\"xdj266r x11i5rnm xat24cr x1mh8g0r x1vvkbs x126k92a\">\n<div dir=\"auto\">\u00daltimos d\u00edes pa presentar los vuesos trabayos a la <strong><span style=\"color: #008080\">I Muestra de Cine Escolar \u00abEsta Escuela Ye de Cine\u00bb.<\/span><\/strong><\/div>\n<\/div>\n<div dir=\"auto\" style=\"text-align: center\">\n<!-- iframe plugin v.6.0 wordpress.org\/plugins\/iframe\/ -->\n<iframe loading=\"lazy\" src=\"https:\/\/www.facebook.com\/plugins\/post.php?href=https%3A%2F%2Fwww.facebook.com%2FAcademiaCineAst%2Fposts%2Fpfbid02wv3diR2dhvst7LU4PRfwUM3HxGNrepSyzu2MCSLTayK1m6tG5xvXkNrL4wB8AnZsl&#038;show_text=false&#038;width=500\" width=\"500\" height=\"498\" style=\"border:none;overflow:hidden\" scrolling=\"no\" frameborder=\"0\" allowfullscreen=\"true\" allow=\"autoplay; clipboard-write; encrypted-media; picture-in-picture; web-share\" 0=\"\/iframe\" class=\"iframe-class\"><\/iframe>\n<\/div>\n<div dir=\"auto\"><!--more--><\/div>\n<div class=\"xdj266r x11i5rnm xat24cr x1mh8g0r x1vvkbs x126k92a\">\n<div dir=\"auto\" style=\"text-align: center\"><img loading=\"lazy\" decoding=\"async\" class=\"aligncenter \" src=\"https:\/\/www.academiadelcineasturiano.com\/wp-content\/uploads\/2023\/01\/cropped-icon_academia_2-1.jpg\" width=\"80\" height=\"80\" \/><\/div>\n<\/div>\n<div class=\"x11i5rnm xat24cr x1mh8g0r x1vvkbs xtlvy1s x126k92a\">\n<div dir=\"auto\">Tola info en: <a class=\"x1i10hfl xjbqb8w x6umtig x1b1mbwd xaqea5y xav7gou x9f619 x1ypdohk xt0psk2 xe8uvvx xdj266r x11i5rnm xat24cr x1mh8g0r xexx8yu x4uap5 x18d9i69 xkhd6sd x16tdsg8 x1hl2dhg xggy1nq x1a2a7pz xt0b8zv x1fey0fg\" role=\"link\" href=\"https:\/\/www.academiadelcineasturiano.com\/esta-escuela-ye-de-cine\/?fbclid=IwAR16zgmSnnFMGFvBMnqOyDMyMBc9aCHWheb-N2VGhbZsCqw0YTNdpidLQvg\" target=\"_blank\" rel=\"nofollow noopener\">https:\/\/www.academiadelcineasturiano.com\/esta-escuela-ye&#8230;\/<\/a><\/div>\n<div dir=\"auto\"><\/div>\n<\/div>\n<div dir=\"auto\">\n<p>L\u2019Academia del Cine Asturianu, nel so af\u00e1n por promover la cultura cinematogr\u00e1fica ente l\u2019alumn\u00e1u asturianu al travi\u00e9s de la realizaci\u00f3n de curtiumetraxes de x\u00e9neros y tem\u00e1tiques estremaes, convoca esta I Edici\u00f3n de la Muestra de Cine Escolar \u00abEsta escuela ye de cine\u00bb.<\/p>\n<p>L\u2019alumn\u00e1u asturianu de Educaci\u00f3n Infantil, Primaria, Educaci\u00f3n Secundaria Obligatoria, FP y Bachilleratu, matriculaos en cualquier centru educativu asturianu, van poder participar realizando un curtiumetraxe d\u2019una duraci\u00f3n inferior a los 15 minutos.<\/p>\n<p>Nesta I Edici\u00f3n de la Muestra de Cine Escolar de l\u2019Academia del Cine Asturianu, los curtiumetraxes van ser de <strong>x\u00e9neru documental, <\/strong>y anque la tem\u00e1tica va ser llibre va valorar positivamente que se centren en personaxes, fechos o llugares del <strong>barriu o parroquia<\/strong> onde s\u2019asitia\u2019l Centru Escolar.<\/p>\n<p>Establ\u00e9cese un m\u00e1ximu de cuatro curtiumetraxes presentaos por cada Centru Educativu, y ye posible la collaboraci\u00f3n ente dellos centros educativos.<\/p>\n<p>Esta I Muestra de Cine Escolar de la Academia del Cine Asturiano cuenta cola collaboraci\u00f3n de la Oficina de Normalizaci\u00f3n Lling\u00fc\u00edstica de Xix\u00f3n, poro, <strong>la llingua vehicular tien de ser l\u2019asturianu o eonaviego<\/strong>.\u00a0 Esto nun quier dicir que los personaxes qu\u2019apaezan nel documental tengan que falar s\u00ed o s\u00ed estes lling\u00fces, pero s\u00ed favorecer les rotulaciones o subt\u00edtulos nes mesmes.<\/p>\n<p><a href=\"https:\/\/www.academiadelcineasturiano.com\/wp-content\/uploads\/2023\/03\/Esta_Escuela_Ye_De_Cine_I_Bases.pdf\" target=\"_blank\" rel=\"noopener\">Bases<\/a><\/p>\n<p><a href=\"https:\/\/www.academiadelcineasturiano.com\/wp-content\/uploads\/2023\/03\/Esta_Escuela_Ye_De_Cine_Fueya_Cesion.pdf\" target=\"_blank\" rel=\"noopener\">Fueyes d\u2019Autorizaci\u00f3n\u00a0<\/a><\/p>\n<p><a href=\"https:\/\/forms.gle\/KxVjNL7UL2xW4pmr6\" target=\"_blank\" rel=\"noopener\">FORMULARIU d\u2019INSCRIPCI\u00d3N<\/a><\/p>\n<p>&nbsp;<\/p>\n<\/div>\n<p>&nbsp;<\/p>\n","protected":false},"excerpt":{"rendered":"<p>\u00daltimos d\u00edes pa presentar los vuesos trabayos a la I Muestra de Cine Escolar \u00abEsta Escuela Ye de Cine\u00bb.<\/p>\n","protected":false},"author":117,"featured_media":0,"comment_status":"open","ping_status":"open","sticky":false,"template":"","format":"standard","meta":{"footnotes":""},"categories":[299],"tags":[],"class_list":["post-19657","post","type-post","status-publish","format-standard","hentry","category-cine"],"_links":{"self":[{"href":"https:\/\/edublog.educastur.es\/ixuxu\/wp-json\/wp\/v2\/posts\/19657","targetHints":{"allow":["GET"]}}],"collection":[{"href":"https:\/\/edublog.educastur.es\/ixuxu\/wp-json\/wp\/v2\/posts"}],"about":[{"href":"https:\/\/edublog.educastur.es\/ixuxu\/wp-json\/wp\/v2\/types\/post"}],"author":[{"embeddable":true,"href":"https:\/\/edublog.educastur.es\/ixuxu\/wp-json\/wp\/v2\/users\/117"}],"replies":[{"embeddable":true,"href":"https:\/\/edublog.educastur.es\/ixuxu\/wp-json\/wp\/v2\/comments?post=19657"}],"version-history":[{"count":2,"href":"https:\/\/edublog.educastur.es\/ixuxu\/wp-json\/wp\/v2\/posts\/19657\/revisions"}],"predecessor-version":[{"id":19659,"href":"https:\/\/edublog.educastur.es\/ixuxu\/wp-json\/wp\/v2\/posts\/19657\/revisions\/19659"}],"wp:attachment":[{"href":"https:\/\/edublog.educastur.es\/ixuxu\/wp-json\/wp\/v2\/media?parent=19657"}],"wp:term":[{"taxonomy":"category","embeddable":true,"href":"https:\/\/edublog.educastur.es\/ixuxu\/wp-json\/wp\/v2\/categories?post=19657"},{"taxonomy":"post_tag","embeddable":true,"href":"https:\/\/edublog.educastur.es\/ixuxu\/wp-json\/wp\/v2\/tags?post=19657"}],"curies":[{"name":"wp","href":"https:\/\/api.w.org\/{rel}","templated":true}]}}