{"id":1966,"date":"2020-12-18T12:00:07","date_gmt":"2020-12-18T10:00:07","guid":{"rendered":"https:\/\/edublog.educastur.es\/ixuxu\/?p=1966"},"modified":"2020-12-19T17:48:37","modified_gmt":"2020-12-19T15:48:37","slug":"nueve-cuentos-azules","status":"publish","type":"post","link":"https:\/\/edublog.educastur.es\/ixuxu\/2020\/12\/nueve-cuentos-azules\/","title":{"rendered":"\u00abNueve cuentos azules\u00bb (Ed. Pintar-Pintar)"},"content":{"rendered":"<div class=\"\" dir=\"auto\">\n<div id=\"jsc_c_o\" class=\"ecm0bbzt hv4rvrfc ihqw7lf3 dati1w0a\" data-ad-comet-preview=\"message\" data-ad-preview=\"message\">\n<div class=\"j83agx80 cbu4d94t ew0dbk1b irj2b8pg\">\n<div class=\"qzhwtbm6 knvmm38d\">\n<div class=\"kvgmc6g5 cxmmr5t8 oygrvhab hcukyx3x c1et5uql ii04i59q\">\n<div dir=\"auto\"><img loading=\"lazy\" decoding=\"async\" class=\"alignnone \" src=\"https:\/\/cohetealasestrellas.com\/wp-content\/uploads\/2019\/01\/cropped-prueba-3-13.png\" width=\"325\" height=\"99\" \/><\/div>\n<div dir=\"auto\"><a href=\"https:\/\/cohetealasestrellas.com\/2020\/12\/17\/nueve-cuentos-azules-9-12-anos\/?fbclid=IwAR1orNkHDhG7r4x0RfJVNafQGaRw3b8f_9rvJybz7xKRJgO_L1h1CxI8TCQ\">Ana Dur\u00e1n recomienda en su blog<\/a> <span style=\"text-decoration: underline;color: #008080\"><em><strong>\u00abNueve cuentos azules\u00bb<\/strong> <\/em><\/span>escritu por <span style=\"color: #008080\">Pablo Fraile Dorado<\/span> con illustraciones de<a href=\"http:\/\/albertosastre.blogspot.com\/\"><span style=\"color: #008080\"> Alberto Sastre<\/span><\/a>, de la mano de <strong><a href=\"https:\/\/www.pintar-pintar.com\/\">Pintar-Pintar Editorial<\/a>. <\/strong>Ed\u00e1: 9-12 a\u00f1os.<strong><br \/>\n<\/strong><\/div>\n<p><em>Les tem\u00e1tiques son variaes; dende neandertales, croma\u00f1ones, vampiros, dinosaurios, planetes\u2026 Todo un compendiu de fantas\u00eda, hestoria, aventura y ciencia ficci\u00f3n que va faer les delicies de grandes y peque\u00f1os.<\/em><\/p>\n<div dir=\"auto\"><\/div>\n<\/div>\n<\/div>\n<\/div>\n<\/div>\n<\/div>\n<div class=\"\" dir=\"auto\">\n<div class=\"\" dir=\"auto\">\n<div class=\"ecm0bbzt hv4rvrfc ihqw7lf3 dati1w0a\" data-ad-comet-preview=\"message\" data-ad-preview=\"message\">\n<div class=\"j83agx80 cbu4d94t ew0dbk1b irj2b8pg\">\n<div class=\"qzhwtbm6 knvmm38d\">\n<div class=\"kvgmc6g5 cxmmr5t8 oygrvhab hcukyx3x c1et5uql ii04i59q\">\n<div dir=\"auto\"><img loading=\"lazy\" decoding=\"async\" class=\"alignnone \" src=\"https:\/\/i1.wp.com\/cohetealasestrellas.com\/wp-content\/uploads\/2020\/12\/Captura1.png?w=434&amp;ssl=1\" width=\"333\" height=\"404\" \/><\/div>\n<div dir=\"auto\">\n<p><!--more--><\/p>\n<\/div>\n<ul>\n<li><a href=\"https:\/\/www.pintar-pintar.com\/p2631978-nueve-cuentos-azules.html\"><span style=\"text-decoration: underline\"><em>Ficha editorial Pintar-Pintar onde mercalu<\/em><\/span><\/a><\/li>\n<li>PVP: 16 \u20ac<\/li>\n<li><a href=\"https:\/\/www.pinterest.es\/pintarpintar\/nueve-cuentos-azules\/\" target=\"_blank\" rel=\"noopener\">Galer\u00eda de fotos<\/a><\/li>\n<li><a href=\"http:\/\/www.digital.pintar-pintar.com\/books\/vasm\/\" target=\"_blank\" rel=\"noopener\">Primeras p\u00e1ginas<\/a><\/li>\n<li><a href=\"https:\/\/files.acrobat.com\/a\/preview\/56ff90b7-5868-4547-a83c-a0a21dd5dc3c\" target=\"_blank\" rel=\"noopener noreferrer\">Dossier de prensa .pdf<\/a><\/li>\n<li><a href=\"https:\/\/pintarpintareditorial.blog\/2017\/11\/21\/novedad-nueve-cuentos-azules-de-pablo-fraile-dorado-con-ilustraciones-de-alberto-sastre\/\" target=\"_blank\" rel=\"noopener\">M\u00e1s informaci\u00f3n<\/a><\/li>\n<li><a href=\"https:\/\/www.pintar-pintar.com\/p2631990-nueve-cuentos-azules-flipbook.html\">Edici\u00f3n digital<\/a><\/li>\n<\/ul>\n<p><span style=\"text-decoration: underline;color: #008080\"><em>Relaci\u00f3n de cuentos.<\/em><\/span><\/p>\n<ul>\n<li><span style=\"color: #008080\"><em>El antiguo planeta<\/em><\/span><\/li>\n<li><span style=\"color: #008080\"><em>El caballero sin espada<\/em><\/span><\/li>\n<li><span style=\"color: #008080\"><em>El joven neandertal<\/em><\/span><\/li>\n<li><span style=\"color: #008080\"><em>Vlad, el vampiro danzante<\/em><\/span><\/li>\n<li><span style=\"color: #008080\"><em>La visita de Yeti<\/em><\/span><\/li>\n<li><span style=\"color: #008080\"><em>Un verano en el Himalaya<\/em><\/span><\/li>\n<li><span style=\"color: #008080\"><em>La isla del dinosaurio<\/em><\/span><\/li>\n<li><span style=\"color: #008080\"><em>El regalo de Mario<\/em><\/span><\/li>\n<li><span style=\"color: #008080\"><em>Tres seres de Aqua<\/em><\/span><\/li>\n<\/ul>\n<\/div>\n<\/div>\n<\/div>\n<\/div>\n<\/div>\n<\/div>\n","protected":false},"excerpt":{"rendered":"<p>Ana Dur\u00e1n recomienda en su blog \u00abNueve cuentos azules\u00bb escritu por Pablo Fraile Dorado con illustraciones de Alberto Sastre, de la mano de Pintar-Pintar Editorial. Ed\u00e1: 9-12 a\u00f1os. Les tem\u00e1tiques son variaes; dende neandertales, croma\u00f1ones, vampiros, dinosaurios, planetes\u2026 Todo un compendiu de fantas\u00eda, hestoria, aventura y ciencia ficci\u00f3n que va faer les delicies de grandes [&hellip;]<\/p>\n","protected":false},"author":117,"featured_media":0,"comment_status":"closed","ping_status":"open","sticky":false,"template":"","format":"standard","meta":{"footnotes":""},"categories":[7,40],"tags":[],"class_list":["post-1966","post","type-post","status-publish","format-standard","hentry","category-cuentos","category-pintar-pintar"],"_links":{"self":[{"href":"https:\/\/edublog.educastur.es\/ixuxu\/wp-json\/wp\/v2\/posts\/1966","targetHints":{"allow":["GET"]}}],"collection":[{"href":"https:\/\/edublog.educastur.es\/ixuxu\/wp-json\/wp\/v2\/posts"}],"about":[{"href":"https:\/\/edublog.educastur.es\/ixuxu\/wp-json\/wp\/v2\/types\/post"}],"author":[{"embeddable":true,"href":"https:\/\/edublog.educastur.es\/ixuxu\/wp-json\/wp\/v2\/users\/117"}],"replies":[{"embeddable":true,"href":"https:\/\/edublog.educastur.es\/ixuxu\/wp-json\/wp\/v2\/comments?post=1966"}],"version-history":[{"count":3,"href":"https:\/\/edublog.educastur.es\/ixuxu\/wp-json\/wp\/v2\/posts\/1966\/revisions"}],"predecessor-version":[{"id":1969,"href":"https:\/\/edublog.educastur.es\/ixuxu\/wp-json\/wp\/v2\/posts\/1966\/revisions\/1969"}],"wp:attachment":[{"href":"https:\/\/edublog.educastur.es\/ixuxu\/wp-json\/wp\/v2\/media?parent=1966"}],"wp:term":[{"taxonomy":"category","embeddable":true,"href":"https:\/\/edublog.educastur.es\/ixuxu\/wp-json\/wp\/v2\/categories?post=1966"},{"taxonomy":"post_tag","embeddable":true,"href":"https:\/\/edublog.educastur.es\/ixuxu\/wp-json\/wp\/v2\/tags?post=1966"}],"curies":[{"name":"wp","href":"https:\/\/api.w.org\/{rel}","templated":true}]}}