{"id":19660,"date":"2023-05-17T07:56:18","date_gmt":"2023-05-17T05:56:18","guid":{"rendered":"https:\/\/edublog.educastur.es\/ixuxu\/?p=19660"},"modified":"2023-05-19T12:42:25","modified_gmt":"2023-05-19T10:42:25","slug":"xornaes-gastronomiques-menu-de-lascension-nuvieu","status":"publish","type":"post","link":"https:\/\/edublog.educastur.es\/ixuxu\/2023\/05\/xornaes-gastronomiques-menu-de-lascension-nuvieu\/","title":{"rendered":"Xornaes Gastron\u00f3miques Men\u00fa de l&#8217;Ascensi\u00f3n n&#8217;Uvi\u00e9u."},"content":{"rendered":"<div class=\"\" dir=\"auto\">\n<div class=\"\" dir=\"auto\">\n<div class=\"x1iorvi4 x1pi30zi x1l90r2v x1swvt13\" data-ad-comet-preview=\"message\" data-ad-preview=\"message\">\n<div class=\"x78zum5 xdt5ytf xz62fqu x16ldp7u\">\n<div class=\"xdj266r x11i5rnm xat24cr x1mh8g0r x1vvkbs x126k92a\" style=\"text-align: center\"><\/div>\n<div style=\"text-align: center\"><a href=\"https:\/\/www.escapadaasturias.com\/wp-content\/uploads\/2023\/05\/LaAscensio%CC%81n_2023_1080x1080-768x768.jpg\"><img loading=\"lazy\" decoding=\"async\" class=\"aligncenter \" src=\"https:\/\/www.escapadaasturias.com\/wp-content\/uploads\/2023\/05\/LaAscensio%CC%81n_2023_1080x1080-768x768.jpg\" width=\"510\" height=\"510\" \/><\/a><\/div>\n<div class=\"xu06os2 x1ok221b\">\n<div class=\"x11i5rnm xat24cr x1mh8g0r x1vvkbs xtlvy1s x126k92a\">\n<div dir=\"auto\">Esta pr\u00f3xima fin de selmana van ser les <strong><span style=\"color: #008080\">Xornaes Gastron\u00f3miques Men\u00fa de l&#8217;Ascensi\u00f3n n&#8217;Uvi\u00e9u. <\/span><\/strong><span style=\"color: #333333\">Uvi\u00e9u vive la Fiesta de l&#8217;Ascensi\u00f3n con una gran activid\u00e1 festiva y gastron\u00f3mica, siendo unu de les fines de selmana de mayor arribaci\u00f3n de visitantes a la capital del Princip\u00e1u.<\/span><strong><span style=\"color: #008080\"><br \/>\n<\/span><\/strong><\/div>\n<ul>\n<li><a href=\"https:\/\/www.escapadaasturias.com\/jornadas-menu-ascension-2023\/\">Restoranes<\/a> \/<\/li>\n<\/ul>\n<div dir=\"auto\"><!--more--><\/div>\n<div dir=\"auto\">Tou llistu para remembrar la nuesa tradici\u00f3n m\u00e1s llabradora cola fiesta de l&#8217;Ascensi\u00f3n. Cuarenta y ocho restoranes ufierten dende&#8217;l xueves y hasta el domingu, el Men\u00fa de l&#8217;Ascensi\u00f3n. L&#8217;aportaci\u00f3n de la hosteler\u00eda d&#8217;Uvi\u00e9u a les actividaes festives de l&#8217;Ascensi\u00f3n, que <strong><span style=\"color: #008080\">tien el so orixe nun merc\u00e1u de gan\u00e1u que se desenvolv\u00eda n&#8217;Uvi\u00e9u dende fai m\u00e1s de 200 a\u00f1os.<\/span><\/strong><\/div>\n<\/div>\n<div dir=\"auto\">\n<p>El Conceyu nun escaez los sos raiga\u00f1os rurales y recupera la so personalid\u00e1 llabradora porque, nel d\u00eda de L&#8217;Ascensi\u00f3n, conviertese nel puntu d&#8217;alcuentru del campu asturiano gracies a el so merc\u00e1u de gan\u00e1u.<\/p>\n<p style=\"text-align: center\"><a href=\"https:\/\/estaticos-cdn.prensaiberica.es\/clip\/14987aaf-e639-4b49-ab78-fda4d3391faf_16-9-discover-aspect-ratio_default_0.jpg\"><img loading=\"lazy\" decoding=\"async\" class=\"aligncenter size-full\" src=\"https:\/\/estaticos-cdn.prensaiberica.es\/clip\/14987aaf-e639-4b49-ab78-fda4d3391faf_16-9-discover-aspect-ratio_default_0.jpg\" width=\"1200\" height=\"675\" \/><\/a><\/p>\n<ul>\n<li style=\"text-align: left\"><em><span style=\"color: #008080\">Platu de menestra, con productos de temporada<\/span><\/em><\/li>\n<li style=\"text-align: left\"><em><span style=\"color: #008080\">Carne gobernada al estilu uvie\u00edn\u00a0<\/span><\/em><\/li>\n<li style=\"text-align: left\"><em><span style=\"color: #008080\">Tarta de quesu con cereces. <\/span><\/em><\/li>\n<\/ul>\n<\/div>\n<div class=\"x11i5rnm xat24cr x1mh8g0r x1vvkbs xtlvy1s x126k92a\">\n<div dir=\"auto\">La primer referencia documentada de la <strong>tradici\u00f3n del merc\u00e1u de gan\u00e1u d&#8217;Uvi\u00e9u data de 1752<\/strong> y, de magar, caltiense constante esa tradici\u00f3n hasta l&#8217;actualid\u00e1. <strong>Uvi\u00e9u enllenase con toos los llabradores que llegaben a la ciud\u00e1 a faer los sos tratos ocup\u00e1ndose toles fondes y cases de comida del conceyu. <\/strong>Esta vieya tradici\u00f3n, afecha a los nuevos tiempos, sigue cumpli\u00e9ndose na actualid\u00e1 coles Xornaes del Men\u00fa de l&#8217;Ascensi\u00f3n qu&#8217;ufierten una propuesta gastron\u00f3mica de productos del campu y una gran activid\u00e1 en redol a esposiciones y amueses agroganaderes y etnogr\u00e1fiques del m\u00e1ximu inter\u00e9s.<\/div>\n<div dir=\"auto\"><\/div>\n<\/div>\n<div class=\"x11i5rnm xat24cr x1mh8g0r x1vvkbs xtlvy1s x126k92a\">\n<div dir=\"auto\"><a class=\"x1i10hfl xjbqb8w x6umtig x1b1mbwd xaqea5y xav7gou x9f619 x1ypdohk xt0psk2 xe8uvvx xdj266r x11i5rnm xat24cr x1mh8g0r xexx8yu x4uap5 x18d9i69 xkhd6sd x16tdsg8 x1hl2dhg xggy1nq x1a2a7pz xt0b8zv x1qq9wsj xo1l8bm\" role=\"link\" href=\"https:\/\/www.facebook.com\/oteainforma\/?__cft__[0]=AZVpakdQVUTOJA_B1JMV7j6GA38y3Tx4lvEqIFXNVApaTWwswp4KbfBBAe1jso9GjfHHzR4aGLNaI-bdbZtStS2AT3BGsGopM2aWYmLrnQEc4hDbu1Rl4XxsoeHn7dlViOB3Le8_DHpC7mH_SY0Yu53Enqo3IeqGxqYVNtt8iLGkzsp8WWDuqakZfMQr9VV3BXcEiD3Ybstjmpk2PUB0FOjG&amp;__tn__=kK-y-R\"><span class=\"xt0psk2\">OTEA, hosteleria y turismo en Asturias<\/span><\/a><\/div>\n<div dir=\"auto\"><a class=\"x1i10hfl xjbqb8w x6umtig x1b1mbwd xaqea5y xav7gou x9f619 x1ypdohk xt0psk2 xe8uvvx xdj266r x11i5rnm xat24cr x1mh8g0r xexx8yu x4uap5 x18d9i69 xkhd6sd x16tdsg8 x1hl2dhg xggy1nq x1a2a7pz xt0b8zv x1qq9wsj xo1l8bm\" role=\"link\" href=\"https:\/\/www.facebook.com\/www.oviedo.es\/?__cft__[0]=AZVpakdQVUTOJA_B1JMV7j6GA38y3Tx4lvEqIFXNVApaTWwswp4KbfBBAe1jso9GjfHHzR4aGLNaI-bdbZtStS2AT3BGsGopM2aWYmLrnQEc4hDbu1Rl4XxsoeHn7dlViOB3Le8_DHpC7mH_SY0Yu53Enqo3IeqGxqYVNtt8iLGkzsp8WWDuqakZfMQr9VV3BXcEiD3Ybstjmpk2PUB0FOjG&amp;__tn__=kK-y-R\"><span class=\"xt0psk2\">Ayuntamiento de Oviedo<\/span><\/a><\/div>\n<div dir=\"auto\"><a class=\"x1i10hfl xjbqb8w x6umtig x1b1mbwd xaqea5y xav7gou x9f619 x1ypdohk xt0psk2 xe8uvvx xdj266r x11i5rnm xat24cr x1mh8g0r xexx8yu x4uap5 x18d9i69 xkhd6sd x16tdsg8 x1hl2dhg xggy1nq x1a2a7pz xt0b8zv x1qq9wsj xo1l8bm\" role=\"link\" href=\"https:\/\/www.facebook.com\/oviedogastro?__cft__[0]=AZVpakdQVUTOJA_B1JMV7j6GA38y3Tx4lvEqIFXNVApaTWwswp4KbfBBAe1jso9GjfHHzR4aGLNaI-bdbZtStS2AT3BGsGopM2aWYmLrnQEc4hDbu1Rl4XxsoeHn7dlViOB3Le8_DHpC7mH_SY0Yu53Enqo3IeqGxqYVNtt8iLGkzsp8WWDuqakZfMQr9VV3BXcEiD3Ybstjmpk2PUB0FOjG&amp;__tn__=-]K-y-R\"><span class=\"xt0psk2\">Oviedo Gastro<\/span><\/a><\/div>\n<div dir=\"auto\" style=\"text-align: center\">\n<!-- iframe plugin v.6.0 wordpress.org\/plugins\/iframe\/ -->\n<iframe loading=\"lazy\" src=\"https:\/\/www.facebook.com\/plugins\/post.php?href=https%3A%2F%2Fwww.facebook.com%2Foviedogastro%2Fposts%2Fpfbid0239m3L2Cw6RBB9zZssRcDAZGWdZJC5oemMvPkdM9UYu8EJxVputYGrqUC1DnKCkyQl&#038;show_text=false&#038;width=500\" width=\"500\" height=\"497\" style=\"border:none;overflow:hidden\" scrolling=\"no\" frameborder=\"0\" allowfullscreen=\"true\" allow=\"autoplay; clipboard-write; encrypted-media; picture-in-picture; web-share\" 0=\"\/iframe\" class=\"iframe-class\"><\/iframe>\n<\/div>\n<\/div>\n<\/div>\n<\/div>\n<\/div>\n<\/div>\n<\/div>\n<p>&nbsp;<\/p>\n","protected":false},"excerpt":{"rendered":"<p>Esta pr\u00f3xima fin de selmana van ser les Xornaes Gastron\u00f3miques Men\u00fa de l&#8217;Ascensi\u00f3n n&#8217;Uvi\u00e9u. Uvi\u00e9u vive la Fiesta de l&#8217;Ascensi\u00f3n con una gran activid\u00e1 festiva y gastron\u00f3mica, siendo unu de les fines de selmana de mayor arribaci\u00f3n de visitantes a la capital del Princip\u00e1u. Restoranes \/<\/p>\n","protected":false},"author":117,"featured_media":0,"comment_status":"open","ping_status":"open","sticky":false,"template":"","format":"standard","meta":{"footnotes":""},"categories":[138,33,171],"tags":[],"class_list":["post-19660","post","type-post","status-publish","format-standard","hentry","category-alimentos","category-uvieu","category-xornaes"],"_links":{"self":[{"href":"https:\/\/edublog.educastur.es\/ixuxu\/wp-json\/wp\/v2\/posts\/19660","targetHints":{"allow":["GET"]}}],"collection":[{"href":"https:\/\/edublog.educastur.es\/ixuxu\/wp-json\/wp\/v2\/posts"}],"about":[{"href":"https:\/\/edublog.educastur.es\/ixuxu\/wp-json\/wp\/v2\/types\/post"}],"author":[{"embeddable":true,"href":"https:\/\/edublog.educastur.es\/ixuxu\/wp-json\/wp\/v2\/users\/117"}],"replies":[{"embeddable":true,"href":"https:\/\/edublog.educastur.es\/ixuxu\/wp-json\/wp\/v2\/comments?post=19660"}],"version-history":[{"count":9,"href":"https:\/\/edublog.educastur.es\/ixuxu\/wp-json\/wp\/v2\/posts\/19660\/revisions"}],"predecessor-version":[{"id":19768,"href":"https:\/\/edublog.educastur.es\/ixuxu\/wp-json\/wp\/v2\/posts\/19660\/revisions\/19768"}],"wp:attachment":[{"href":"https:\/\/edublog.educastur.es\/ixuxu\/wp-json\/wp\/v2\/media?parent=19660"}],"wp:term":[{"taxonomy":"category","embeddable":true,"href":"https:\/\/edublog.educastur.es\/ixuxu\/wp-json\/wp\/v2\/categories?post=19660"},{"taxonomy":"post_tag","embeddable":true,"href":"https:\/\/edublog.educastur.es\/ixuxu\/wp-json\/wp\/v2\/tags?post=19660"}],"curies":[{"name":"wp","href":"https:\/\/api.w.org\/{rel}","templated":true}]}}