{"id":19669,"date":"2023-05-17T08:15:48","date_gmt":"2023-05-17T06:15:48","guid":{"rendered":"https:\/\/edublog.educastur.es\/ixuxu\/?p=19669"},"modified":"2023-05-17T14:49:27","modified_gmt":"2023-05-17T12:49:27","slug":"dia-internacional-del-celiaco","status":"publish","type":"post","link":"https:\/\/edublog.educastur.es\/ixuxu\/2023\/05\/dia-internacional-del-celiaco\/","title":{"rendered":"\u201cD\u00eda Internacional de la enfermedad celiaca\u201d"},"content":{"rendered":"<p style=\"text-align: center\"><a href=\"https:\/\/www.solovegetales.com\/wp-content\/uploads\/2016\/12\/articulo83-1.jpg\"><img loading=\"lazy\" decoding=\"async\" class=\"aligncenter size-full\" src=\"https:\/\/www.solovegetales.com\/wp-content\/uploads\/2016\/12\/articulo83-1.jpg\" width=\"400\" height=\"310\" \/><\/a><\/p>\n<ul>\n<li><a href=\"https:\/\/www.lne.es\/videos\/oviedo\/2023\/05\/16\/fuente-escandalera-tenido-azul-imagen-87450760.html\">LNE<\/a> \/ <a href=\"https:\/\/celiacos.org\/que-hacemos\/dia-nacional-del-celiaco\/\">D\u00eda de&#8230;<\/a> \/<a href=\"https:\/\/celiacos.org\"><strong> FACE<\/strong><\/a> \/<\/li>\n<\/ul>\n<p>Esta enfermed\u00e1 presenta una intolerancia permanente al gluten, que ye la fracci\u00f3n proteica de 4 ceberes: trigu, centenu, cebada y avena.<\/p>\n<p><!--more--><\/p>\n<p>La celiaqu\u00eda presentase en persones que tienen predisposici\u00f3n xen\u00e9tica a carecela, s\u00e1bese qu&#8217;apaez con m\u00e1s frecuencia ente miembros de la mesma familia. Am\u00e1s puede presentase en cualquier momentu de la vida dende la lactancia hasta l&#8217;adultez avanzada.<\/p>\n<p style=\"text-align: center\"><a href=\"https:\/\/celiacos.org\/wp-content\/uploads\/2023\/01\/Logo-FACE-RGB.png\"><img loading=\"lazy\" decoding=\"async\" class=\"aligncenter \" src=\"https:\/\/celiacos.org\/wp-content\/uploads\/2023\/01\/Logo-FACE-RGB.png\" width=\"595\" height=\"238\" \/><\/a><\/p>\n<p>Manifi\u00e9stase al travi\u00e9s de distintos s\u00edntomes y signos, seg\u00fan la ed\u00e1:<\/p>\n<p>En ne\u00f1os: suel presentase \u201cdiarrea cr\u00f3nica\u201d (s\u00edndrome de mala absorci\u00f3n), vultures repit\u00edes, marcada distensi\u00f3n abdominal, falta de masa muscular, perda de pesu, retrasu de la crecedera, escasa estatura, pelo y piel secu, descalcificaci\u00f3n, inapetencia, mal calter o irritabilid\u00e1, alteraciones nel esmalte dental, dislexa, autismu, hiperactivid\u00e1 etc.<\/p>\n<p>El conceutu de la enfermed\u00e1 cel\u00edaca camud\u00f3 radicalmente nes \u00faltimes d\u00e9cades. Pas\u00f3 de ser considerada una enfermed\u00e1 intestinal pocu frecuente t\u00edpica de la infancia a un trestornu multisist\u00e9micu qu&#8217;afecta a persones de toles edaes.<\/p>\n<p>Na actualid\u00e1, aprosimao&#8217;l 30% de la poblaci\u00f3n tien predisposici\u00f3n xen\u00e9tica a la enfermed\u00e1 cel\u00edaca, y\u00e1 que tien siquier una de les variantes xen\u00e9tiques de riesgu. Sicas\u00ed, la enfermed\u00e1 afecta, en promediu, al 1% de la poblaci\u00f3n. L&#8217;\u00fanicu tratamientu eficaz hasta&#8217;l momentu ye&#8217;l siguimientu d&#8217;una dieta estricta ensin gluten.<\/p>\n<p style=\"text-align: center\"><a href=\"https:\/\/celiacos.org\/wp-content\/uploads\/2019\/06\/ENFERMEDAD-CELIACA-NEW-843x1024.jpg\"><img loading=\"lazy\" decoding=\"async\" class=\"aligncenter size-full\" src=\"https:\/\/celiacos.org\/wp-content\/uploads\/2019\/06\/ENFERMEDAD-CELIACA-NEW-843x1024.jpg\" width=\"843\" height=\"1024\" \/><\/a><\/p>\n<p style=\"text-align: center\">\n<!-- iframe plugin v.6.0 wordpress.org\/plugins\/iframe\/ -->\n<iframe loading=\"lazy\" src=\"https:\/\/www.facebook.com\/plugins\/post.php?href=https%3A%2F%2Fwww.facebook.com%2Fmercadona%2Fposts%2Fpfbid02xb2uwXq5HwGL2ZTj1re1rmN65MtfJYMUfJ3QhZqmGyyHHPciEnvdGQLBKYJfMupbl&#038;show_text=false&#038;width=500\" width=\"500\" height=\"498\" style=\"border:none;overflow:hidden\" scrolling=\"no\" frameborder=\"0\" allowfullscreen=\"true\" allow=\"autoplay; clipboard-write; encrypted-media; picture-in-picture; web-share\" 0=\"\/iframe\" class=\"iframe-class\"><\/iframe>\n<\/p>\n","protected":false},"excerpt":{"rendered":"<p>LNE \/ D\u00eda de&#8230; \/ FACE \/ Esta enfermed\u00e1 presenta una intolerancia permanente al gluten, que ye la fracci\u00f3n proteica de 4 ceberes: trigu, centenu, cebada y avena.<\/p>\n","protected":false},"author":117,"featured_media":0,"comment_status":"open","ping_status":"open","sticky":false,"template":"","format":"standard","meta":{"footnotes":""},"categories":[138,6,300],"tags":[],"class_list":["post-19669","post","type-post","status-publish","format-standard","hentry","category-alimentos","category-dia-de","category-enfermedaes"],"_links":{"self":[{"href":"https:\/\/edublog.educastur.es\/ixuxu\/wp-json\/wp\/v2\/posts\/19669","targetHints":{"allow":["GET"]}}],"collection":[{"href":"https:\/\/edublog.educastur.es\/ixuxu\/wp-json\/wp\/v2\/posts"}],"about":[{"href":"https:\/\/edublog.educastur.es\/ixuxu\/wp-json\/wp\/v2\/types\/post"}],"author":[{"embeddable":true,"href":"https:\/\/edublog.educastur.es\/ixuxu\/wp-json\/wp\/v2\/users\/117"}],"replies":[{"embeddable":true,"href":"https:\/\/edublog.educastur.es\/ixuxu\/wp-json\/wp\/v2\/comments?post=19669"}],"version-history":[{"count":5,"href":"https:\/\/edublog.educastur.es\/ixuxu\/wp-json\/wp\/v2\/posts\/19669\/revisions"}],"predecessor-version":[{"id":19730,"href":"https:\/\/edublog.educastur.es\/ixuxu\/wp-json\/wp\/v2\/posts\/19669\/revisions\/19730"}],"wp:attachment":[{"href":"https:\/\/edublog.educastur.es\/ixuxu\/wp-json\/wp\/v2\/media?parent=19669"}],"wp:term":[{"taxonomy":"category","embeddable":true,"href":"https:\/\/edublog.educastur.es\/ixuxu\/wp-json\/wp\/v2\/categories?post=19669"},{"taxonomy":"post_tag","embeddable":true,"href":"https:\/\/edublog.educastur.es\/ixuxu\/wp-json\/wp\/v2\/tags?post=19669"}],"curies":[{"name":"wp","href":"https:\/\/api.w.org\/{rel}","templated":true}]}}