{"id":19674,"date":"2023-05-17T08:23:59","date_gmt":"2023-05-17T06:23:59","guid":{"rendered":"https:\/\/edublog.educastur.es\/ixuxu\/?p=19674"},"modified":"2023-05-28T17:53:47","modified_gmt":"2023-05-28T15:53:47","slug":"19674","status":"publish","type":"post","link":"https:\/\/edublog.educastur.es\/ixuxu\/2023\/05\/19674\/","title":{"rendered":"Dignid\u00e1 y derechos de tolos seres humanos, incluy\u00edes les persones LGBTIQ+"},"content":{"rendered":"<p style=\"text-align: center\"><a href=\"https:\/\/vivaleliana.com\/images\/lgtb-portada.jpg\"><img loading=\"lazy\" decoding=\"async\" class=\"aligncenter \" src=\"https:\/\/vivaleliana.com\/images\/lgtb-portada.jpg\" width=\"645\" height=\"295\" \/><\/a><\/p>\n<p>En diverses partes del mundu, les persones LGBTIQ+ sufren discriminaci\u00f3n solo por ser quien son.<\/p>\n<ul>\n<li>VER <strong><a href=\"https:\/\/view.genial.ly\/64706daae924fe0011d126c3?fbclid=IwAR06oyxU6o4RzYDiO3oMu-kRbrjfyHJ4WmfqfJ05YtZgGPHZdN-rc62RtUU\">Relatos sobre la identid\u00e1 de x\u00e9neru<\/a> <\/strong>\/<\/li>\n<\/ul>\n<p><!--more--><\/p>\n<p style=\"text-align: center\">\n<!-- iframe plugin v.6.0 wordpress.org\/plugins\/iframe\/ -->\n<iframe loading=\"lazy\" frameborder=\"0\" width=\"600px\" height=\"338px\" src=\"https:\/\/view.genial.ly\/64706daae924fe0011d126c3\" 0=\"\/iframe\" scrolling=\"yes\" class=\"iframe-class\"><\/iframe>\n<\/p>\n<p>Les Naciones Xun\u00edes documentaron un empeoramientu de la discriminaci\u00f3n, la violencia y el discursu d&#8217;odiu contra les persones LGBTIQ+, la so esclusi\u00f3n social y econ\u00f3mico, la estigmatizaci\u00f3n que sufren y les torgues que-yos torguen aportar a l&#8217;atenci\u00f3n sanitaria, la educaci\u00f3n, l&#8217;empl\u00e9u y los servicios b\u00e1sicos.<\/p>\n<p style=\"text-align: center\"><a href=\"https:\/\/i0.wp.com\/ieslasencinas.org\/wp-content\/uploads\/2017\/05\/17-de-mayo.jpg?fit=480%2C628&amp;ssl=1\"><img loading=\"lazy\" decoding=\"async\" class=\"aligncenter size-full\" src=\"https:\/\/i0.wp.com\/ieslasencinas.org\/wp-content\/uploads\/2017\/05\/17-de-mayo.jpg?fit=480%2C628&amp;ssl=1\" width=\"480\" height=\"628\" \/><\/a><\/p>\n<p>Encetar les desigualdaes y nun dexar a naide tras, garantizando la iguald\u00e1 de derechos de toles persones, son les pilastres de l&#8217;Axenda 2030 pal Desenvolvimientu Sostenible. A midida que procuramos recuperanos de la pandemia p&#8217;ameyorar, hemos de tomar mid\u00edes concretes pa derogar les lleis discriminatories, encetar la violencia y la discriminaci\u00f3n basaes na orientaci\u00f3n sexual, la identid\u00e1 de x\u00e9neru y les caracter\u00edstiques sexuales, y combatir les verdaderes causes de tales inxusticies.<\/p>\n<p>Les Naciones Xun\u00edes defenden la dignid\u00e1 y los derechos de tolos seres humanos, incluy\u00edes les persones LGBTIQ+. Trabayemos xuntos pa crear un mundu inclusivu que dexe a cada cual vivir llibremente y con dignid\u00e1 ya iguald\u00e1 de derechos, ensin importar qui\u00e9n s\u00eda, \u00f3nde s&#8217;atope o a qui\u00e9n ame.<\/p>\n<p style=\"text-align: center\"><a href=\"https:\/\/www.rtpa.es\/fotos\/\/16\/05\/20160517203603_bosquin160517total.jpg\"><img loading=\"lazy\" decoding=\"async\" class=\"aligncenter size-full\" src=\"https:\/\/www.rtpa.es\/fotos\/\/16\/05\/20160517203603_bosquin160517total.jpg\" width=\"648\" height=\"365\" \/><\/a><\/p>\n","protected":false},"excerpt":{"rendered":"<p>En diverses partes del mundu, les persones LGBTIQ+ sufren discriminaci\u00f3n solo por ser quien son. VER Relatos sobre la identid\u00e1 de x\u00e9neru \/<\/p>\n","protected":false},"author":117,"featured_media":0,"comment_status":"open","ping_status":"open","sticky":false,"template":"","format":"standard","meta":{"footnotes":""},"categories":[6,301],"tags":[],"class_list":["post-19674","post","type-post","status-publish","format-standard","hentry","category-dia-de","category-lgbtiq"],"_links":{"self":[{"href":"https:\/\/edublog.educastur.es\/ixuxu\/wp-json\/wp\/v2\/posts\/19674","targetHints":{"allow":["GET"]}}],"collection":[{"href":"https:\/\/edublog.educastur.es\/ixuxu\/wp-json\/wp\/v2\/posts"}],"about":[{"href":"https:\/\/edublog.educastur.es\/ixuxu\/wp-json\/wp\/v2\/types\/post"}],"author":[{"embeddable":true,"href":"https:\/\/edublog.educastur.es\/ixuxu\/wp-json\/wp\/v2\/users\/117"}],"replies":[{"embeddable":true,"href":"https:\/\/edublog.educastur.es\/ixuxu\/wp-json\/wp\/v2\/comments?post=19674"}],"version-history":[{"count":5,"href":"https:\/\/edublog.educastur.es\/ixuxu\/wp-json\/wp\/v2\/posts\/19674\/revisions"}],"predecessor-version":[{"id":19677,"href":"https:\/\/edublog.educastur.es\/ixuxu\/wp-json\/wp\/v2\/posts\/19674\/revisions\/19677"}],"wp:attachment":[{"href":"https:\/\/edublog.educastur.es\/ixuxu\/wp-json\/wp\/v2\/media?parent=19674"}],"wp:term":[{"taxonomy":"category","embeddable":true,"href":"https:\/\/edublog.educastur.es\/ixuxu\/wp-json\/wp\/v2\/categories?post=19674"},{"taxonomy":"post_tag","embeddable":true,"href":"https:\/\/edublog.educastur.es\/ixuxu\/wp-json\/wp\/v2\/tags?post=19674"}],"curies":[{"name":"wp","href":"https:\/\/api.w.org\/{rel}","templated":true}]}}