{"id":19744,"date":"2023-05-17T08:15:21","date_gmt":"2023-05-17T06:15:21","guid":{"rendered":"https:\/\/edublog.educastur.es\/ixuxu\/?p=19744"},"modified":"2023-05-21T20:20:34","modified_gmt":"2023-05-21T18:20:34","slug":"dia-mundial-del-reciclaxe","status":"publish","type":"post","link":"https:\/\/edublog.educastur.es\/ixuxu\/2023\/05\/dia-mundial-del-reciclaxe\/","title":{"rendered":"D\u00eda Mundial del reciclaxe"},"content":{"rendered":"<p>Cellebr\u00e1moslu coles mires de concenciar a la socied\u00e1 sobro la importancia que tien tratar les borrafes como correspuenden, pa nun contribuyir al camb\u00e9u clim\u00e1ticu, y asina protexer el mediu ambiente. Cada a\u00f1u, la humanid\u00e1 produz m\u00e1s de 2.000 tonelaes de residuos\/borrafes s\u00f3lides.<\/p>\n<p><a href=\"https:\/\/jlmingenieria.com\/wp-content\/uploads\/2021\/05\/imagendestacada-1-900x450.jpg\"><img loading=\"lazy\" decoding=\"async\" class=\"aligncenter \" src=\"https:\/\/jlmingenieria.com\/wp-content\/uploads\/2021\/05\/imagendestacada-1-900x450.jpg\" width=\"600\" height=\"300\" \/><\/a><\/p>\n<p>Genially enfoc\u00e1u a los alumnos d&#8217;infantil y primer ciclu de Primaria, con 3 minixuegos para trabayar los contenedores m\u00e1s comunes qu&#8217;utilizamos, y qu\u00e9 borrafes s&#8217;han de depositar en cada unu. Milenta gracies a<a href=\"https:\/\/www.facebook.com\/groups\/1309627332399790\/user\/1772772210\/?__cft__[0]=AZW0EI0ElJORDjXsVpTMRGxHAq9YwmVnG8_GwPMDCLCeRZ3oqgX3lvjfuM1EbqBbug0N-cCQApsQRq91wdu011aQy_69FLj6ZVeny_GCZ_G7XkysvAI-uxbwmFK6HZtkr4Y7OIi7pJpXtHjd15_eIhKZ-ja9hVWVyFpujMpDpRFYeponlLjwXJpXVDAFwzQAKvxt2IDHrlOc8rxmsGcKZs5r&amp;__tn__=-UC*F\"> Sonia Cart\u00f3n<\/a> por apurr\u00ednoslu.<\/p>\n<p style=\"text-align: center\">\n<!-- iframe plugin v.6.0 wordpress.org\/plugins\/iframe\/ -->\n<iframe loading=\"lazy\" frameborder=\"0\" width=\"600px\" height=\"338px\" src=\"https:\/\/view.genial.ly\/63a5b344811115001102c949\" 0=\"\/iframe\" scrolling=\"yes\" class=\"iframe-class\"><\/iframe>\n<\/p>\n<ul>\n<li><a href=\"https:\/\/view.genial.ly\/63a5b344811115001102c949\/interactive-content-05-reciclamos\">Enllaz Genial.ly<\/a> \/ <a href=\"https:\/\/www.diainternacionalde.com\/ficha\/dia-mundial-reciclaje\">D\u00eda de&#8230;<\/a> \/<\/li>\n<li>\n<div class=\"xu06os2 x1ok221b\">\n<div class=\"xdj266r x11i5rnm xat24cr x1mh8g0r x1vvkbs x126k92a\">\n<div dir=\"auto\"><a class=\"x1i10hfl xjbqb8w x6umtig x1b1mbwd xaqea5y xav7gou x9f619 x1ypdohk xt0psk2 xe8uvvx xdj266r x11i5rnm xat24cr x1mh8g0r xexx8yu x4uap5 x18d9i69 xkhd6sd x16tdsg8 x1hl2dhg xggy1nq x1a2a7pz xt0b8zv x1fey0fg\" role=\"link\" href=\"https:\/\/l.facebook.com\/l.php?u=https%3A%2F%2Fwww.vivanuestraenergia.es%2Freciclamos%2F%3Ffbclid%3DIwAR0CD5tZh7_UOUcad0NPJ04J8FRf1rGkuIP8q2sO4JZNjEcZm9OqtdKK9oU&amp;h=AT1igYSb_i-2-9TFthyQak0G4E8FSlxD5rbF6ArHUOooPJWT28mkDHUlCwF0VY_DealbIDrwYQaVXTAYTqFzowLh1EN_4cQJSJPWSaUG5Bo-sk4-XH2JqWZP5-r8FdP0Lw&amp;__tn__=-UK-y-R&amp;c[0]=AT0b59uhDS4kAkzpQGOZcgWDDUMEP64ndaPgAa6pToutlz0UJaZmQ_tvPZcvyDZzhoEIA7FXxG8ntFC63lxTP6UwHFzVrhaiWFbU8Qv2ZJG1BZPkmpQVP5EVJs9oR-K0CILHvZ5P32w95edixD1rmmP79i4aYWyw6FjrzcK2keUEOGMCJqoJ3Zr9N2VGO0JuujpjFzaYD6VoXEBfknOjMMRZb9X3YzC8WNC9UQWN61dqkaS-\" target=\"_blank\" rel=\"nofollow noopener\"><strong>Web:<\/strong> https:\/\/www.vivanuestraenergia.es\/reciclamos\/<\/a><\/div>\n<\/div>\n<\/div>\n<div dir=\"auto\"><\/div>\n<\/li>\n<\/ul>\n<p><!--more--><\/p>\n<p style=\"text-align: center\">\n<!-- iframe plugin v.6.0 wordpress.org\/plugins\/iframe\/ -->\n<iframe loading=\"lazy\" width=\"665\" height=\"374\" src=\"https:\/\/www.youtube.com\/embed\/zrGbrCkh6pw\" title=\"El D\u00eda Mundial del Reciclaje en un cuento, por Pilar G. Mu\u00f1iz | #ElD\u00edaEnUnCuento | LAB\" frameborder=\"0\" allow=\"accelerometer; autoplay; clipboard-write; encrypted-media; gyroscope; picture-in-picture; web-share\" 0=\"allowfullscreen\" 1=\"\/iframe\" scrolling=\"yes\" class=\"iframe-class\"><\/iframe>\n<\/p>\n<blockquote><p><span style=\"color: #008080\"><strong>6 motivos que te van convencer por que recicles <\/strong><a href=\"https:\/\/www.loqueleo.es\/noticias\/actualidad\/6-motivos-que-te-convenceran-para-que-recicles\"><span style=\"text-decoration: underline\"><em>Fonte: Loqueleo Santillana<\/em><\/span><\/a><strong><br \/>\n<\/strong><\/span><\/p>\n<p><span style=\"color: #008080\">R que R col reciclaje. Otru a\u00f1u m\u00e1s se celebra&#8217;l D\u00eda de Reciclaje coles mires de concenciar a la socied\u00e1 sobro la importancia que tien tratar les refugayes como correspuenden, pa nun contribuyir al camb\u00e9u clim\u00e1ticu, y asina protexer el mediu ambiente. Pero veamos qu\u00e9 motivos pueden convencete por qu&#8217;l reciclaxe forme parte del to d\u00eda ente d\u00eda.<\/span><\/p>\n<p><span style=\"color: #008080\"><em>1) Una refugaya\/deshechu puede introducise de nuevu nel ciclu de vida.<\/em><\/span><br \/>\n<span style=\"color: #008080\"><em>2) Faise un meyor uso de los recursos naturales.<\/em><\/span><br \/>\n<span style=\"color: #008080\"><em>3) Amen\u00f3rgase l&#8217;impactu medioambiental: amenorga la contaminaci\u00f3n del aire, suelu y agua.<\/em><\/span><br \/>\n<span style=\"color: #008080\"><em>4) Amenorgamientu de costos acomu\u00f1aos a la producci\u00f3n de nuevos bienes.<\/em><\/span><br \/>\n<span style=\"color: #008080\"><em>5) Aforru d&#8217;enerx\u00eda y polo tanto amenorga la dependencia del petr\u00f3leu.<\/em><\/span><br \/>\n<span style=\"color: #008080\"><em>6) Obliga a la socied\u00e1 a escurrir formes creatives de redise\u00f1ar los nuesos oxetos y da-yos nueva vida.<\/em><\/span><\/p><\/blockquote>\n<p><strong>Reciclar. <\/strong>La mayor\u00eda de materiales qu&#8217;utilizamos pueden reciclase. Esto depende de les instituciones y de n\u00f3s mesmos. Por casu, el reciclaxe de 1.000 kg de papel salva la vida de 17 \u00e1rboles.<\/p>\n<p style=\"text-align: center\"><a href=\"https:\/\/fxsanmarti.com\/cajas_carton\/wp-content\/uploads\/2021\/08\/4erres-rec.jpg\"><img loading=\"lazy\" decoding=\"async\" class=\"aligncenter size-full\" src=\"https:\/\/fxsanmarti.com\/cajas_carton\/wp-content\/uploads\/2021\/08\/4erres-rec.jpg\" width=\"1280\" height=\"720\" \/><\/a><\/p>\n<p><strong><em><span style=\"color: #008080\">Si tienes que tirar los residuos, depos\u00edtalos nel contenedor correspondiente:<\/span><\/em><\/strong><\/p>\n<p><em><span style=\"color: #008080\">Contenedor azul: Papel y cart\u00f3n.<\/span><\/em><br \/>\n<em><span style=\"color: #008080\">Contenedor mariellu: Envases (botelles, bolses, llates) Llimpia antes los envases y, no posible, entart\u00e1llalos pa menguar el so volume.<\/span><\/em><br \/>\n<em><span style=\"color: #008080\">Contenedor verde claru: Vidriu. Llimpia antes los envases y quita les tapes.<\/span><\/em><br \/>\n<em><span style=\"color: #008080\">Contenedor verde escuru: Restu de residuos: materia org\u00e1nico.<\/span><\/em><\/p>\n<p style=\"text-align: center\"><a href=\"https:\/\/pbs.twimg.com\/media\/EYO86NXXgAAF880.jpg\"><img loading=\"lazy\" decoding=\"async\" class=\"aligncenter size-full\" src=\"https:\/\/pbs.twimg.com\/media\/EYO86NXXgAAF880.jpg\" width=\"642\" height=\"757\" \/><\/a><\/p>\n<p style=\"text-align: center\"><a href=\"https:\/\/cdn0.ecologiaverde.com\/es\/posts\/6\/6\/0\/7r_redisenar_reducir_reutilizar_reparar_renovar_recuperar_y_reciclar_2066_orig.jpg\"><img loading=\"lazy\" decoding=\"async\" class=\"aligncenter size-full\" src=\"https:\/\/cdn0.ecologiaverde.com\/es\/posts\/6\/6\/0\/7r_redisenar_reducir_reutilizar_reparar_renovar_recuperar_y_reciclar_2066_orig.jpg\" width=\"1323\" height=\"1018\" \/><\/a><\/p>\n<p>\u267b\ufe0fLa recuperaci\u00f3n de borrafes por aciu el reciclaxe dexa reintroducir materiales nel sistema granible, favoreciendo un desenvolvimientu m\u00e1s equilibr\u00e1u y sostenible, dibuxando esi c\u00edrculu ensin fin que ye la<strong> #economiacircular.<\/strong>\u00a0 ??Cuando dixebres, contrib\u00fais a la econom\u00eda circular. <a href=\"https:\/\/www.facebook.com\/cogersa\">Fonte: COGERSA.<\/a><\/p>\n<p style=\"text-align: center\">\n<!-- iframe plugin v.6.0 wordpress.org\/plugins\/iframe\/ -->\n<iframe loading=\"lazy\" src=\"https:\/\/www.facebook.com\/plugins\/post.php?href=https%3A%2F%2Fwww.facebook.com%2Fphoto.php%3Ffbid%3D623116643173898%26set%3Da.479188907566673%26type%3D3&#038;show_text=false&#038;width=500\" width=\"500\" height=\"698\" style=\"border:none;overflow:hidden\" scrolling=\"no\" frameborder=\"0\" allowfullscreen=\"true\" allow=\"autoplay; clipboard-write; encrypted-media; picture-in-picture; web-share\" 0=\"\/iframe\" class=\"iframe-class\"><\/iframe>\n<\/p>\n<p>&nbsp;<\/p>\n<p>&nbsp;<\/p>\n<p>&nbsp;<\/p>\n","protected":false},"excerpt":{"rendered":"<p>Cellebr\u00e1moslu coles mires de concenciar a la socied\u00e1 sobro la importancia que tien tratar les borrafes como correspuenden, pa nun contribuyir al camb\u00e9u clim\u00e1ticu, y asina protexer el mediu ambiente. Cada a\u00f1u, la humanid\u00e1 produz m\u00e1s de 2.000 tonelaes de residuos\/borrafes s\u00f3lides. Genially enfoc\u00e1u a los alumnos d&#8217;infantil y primer ciclu de Primaria, con 3 [&hellip;]<\/p>\n","protected":false},"author":117,"featured_media":0,"comment_status":"open","ping_status":"open","sticky":false,"template":"","format":"standard","meta":{"footnotes":""},"categories":[6],"tags":[],"class_list":["post-19744","post","type-post","status-publish","format-standard","hentry","category-dia-de"],"_links":{"self":[{"href":"https:\/\/edublog.educastur.es\/ixuxu\/wp-json\/wp\/v2\/posts\/19744","targetHints":{"allow":["GET"]}}],"collection":[{"href":"https:\/\/edublog.educastur.es\/ixuxu\/wp-json\/wp\/v2\/posts"}],"about":[{"href":"https:\/\/edublog.educastur.es\/ixuxu\/wp-json\/wp\/v2\/types\/post"}],"author":[{"embeddable":true,"href":"https:\/\/edublog.educastur.es\/ixuxu\/wp-json\/wp\/v2\/users\/117"}],"replies":[{"embeddable":true,"href":"https:\/\/edublog.educastur.es\/ixuxu\/wp-json\/wp\/v2\/comments?post=19744"}],"version-history":[{"count":12,"href":"https:\/\/edublog.educastur.es\/ixuxu\/wp-json\/wp\/v2\/posts\/19744\/revisions"}],"predecessor-version":[{"id":19821,"href":"https:\/\/edublog.educastur.es\/ixuxu\/wp-json\/wp\/v2\/posts\/19744\/revisions\/19821"}],"wp:attachment":[{"href":"https:\/\/edublog.educastur.es\/ixuxu\/wp-json\/wp\/v2\/media?parent=19744"}],"wp:term":[{"taxonomy":"category","embeddable":true,"href":"https:\/\/edublog.educastur.es\/ixuxu\/wp-json\/wp\/v2\/categories?post=19744"},{"taxonomy":"post_tag","embeddable":true,"href":"https:\/\/edublog.educastur.es\/ixuxu\/wp-json\/wp\/v2\/tags?post=19744"}],"curies":[{"name":"wp","href":"https:\/\/api.w.org\/{rel}","templated":true}]}}