{"id":19843,"date":"2023-05-16T09:00:50","date_gmt":"2023-05-16T07:00:50","guid":{"rendered":"https:\/\/edublog.educastur.es\/ixuxu\/?p=19843"},"modified":"2023-05-21T19:59:26","modified_gmt":"2023-05-21T17:59:26","slug":"dia-internacional-de-la-lluz","status":"publish","type":"post","link":"https:\/\/edublog.educastur.es\/ixuxu\/2023\/05\/dia-internacional-de-la-lluz\/","title":{"rendered":"D\u00eda Internacional de la lluz, fonte d&#8217;enerx\u00eda vital pa los seres humanos"},"content":{"rendered":"<p style=\"text-align: center\"><a href=\"https:\/\/www.clpu.es\/sites\/default\/files\/diadelaluz.png\"><img loading=\"lazy\" decoding=\"async\" class=\"aligncenter \" src=\"https:\/\/www.clpu.es\/sites\/default\/files\/diadelaluz.png\" width=\"664\" height=\"328\" \/><\/a><\/p>\n<p>La lluz (del llat\u00edn lux, lucis) <strong><span style=\"color: #008080\">ye la parte de la radiaci\u00f3n electromagn\u00e9tico que puede ser percibida pol g\u00fceyu humanu.<\/span><\/strong> Un 16 de mayu ,en 1960, produc\u00edase la primer emisi\u00f3n de lluz l\u00e1ser llograda por Theodore Maiman. De magar, la ciencia de la lluz revolucion\u00f3&#8217;l nuesu mundu. Esti d\u00eda recu\u00e9rdanos la so importancia en tantos aspeutos de la nuesa vida. Dende la sal\u00fa y el bienestar hasta la tecnolox\u00eda.<\/p>\n<ul>\n<li>Fonte: <a href=\"https:\/\/www.diainternacionalde.com\/ficha\/dia-mundial-luz\">D\u00eda de&#8230;<\/a> \/<\/li>\n<li>Lluz: <a href=\"https:\/\/es.wikipedia.org\/wiki\/Luz\">wiki<\/a> \/ <a href=\"https:\/\/www.google.com\/search?q=luz&amp;tbm=isch&amp;ved=2ahUKEwjyzeWR_ob_AhV0oicCHQRBCvMQ2-cCegQIABAA&amp;oq=luz&amp;gs_lcp=CgNpbWcQAzIHCAAQigUQQzIHCAAQigUQQzIHCAAQigUQQzIHCAAQigUQQzIFCAAQgAQyCggAEIoFELEDEEMyBwgAEIoFEEMyCggAEIoFELEDEEMyBwgAEIoFEEMyCAgAEIAEELEDOgYIABAIEB46CAgAELEDEIMBOgQIABADUJgHWI8LYJoNaABwAHgAgAGdAYgB6wKSAQMzLjGYAQCgAQGqAQtnd3Mtd2l6LWltZ8ABAQ&amp;sclient=img&amp;ei=eFtqZPKxFvTEnsEPhIKpmA8&amp;bih=739&amp;biw=1536&amp;client=firefox-b-d\">semeyes<\/a> \/<\/li>\n<\/ul>\n<p><!--more--><\/p>\n<p style=\"text-align: center\">\n<!-- iframe plugin v.6.0 wordpress.org\/plugins\/iframe\/ -->\n<iframe loading=\"lazy\" width=\"665\" height=\"374\" src=\"https:\/\/www.youtube.com\/embed\/wQu-db5as-k\" title=\"D\u00eda Internacional de la Luz 16 de mayo Video Oficial\" frameborder=\"0\" allow=\"accelerometer; autoplay; clipboard-write; encrypted-media; gyroscope; picture-in-picture; web-share\" 0=\"allowfullscreen\" 1=\"\/iframe\" scrolling=\"yes\" class=\"iframe-class\"><\/iframe>\n<\/p>\n<p>La lluz fai posible avanzar en ciencia, cultura, arte, educaci\u00f3n, desenvolvimientu sostenible. El D\u00eda Internacional de la Lluz surde como una idea tres la celebraci\u00f3n del A\u00f1u Internacional de la Lluz y les Tecnolox\u00edes Basaes na Lluz que tuvo llugar en 2015.\u00a0 Mientres dichu a\u00f1u surden collaboraciones y contactos ente l\u00edderes del sector tecnol\u00f3xicu y cient\u00edficu de la lluz. Pa caltener, impulsar y aguiyar dicha relaci\u00f3n prop\u00f3nse la creaci\u00f3n del D\u00eda Internacional de la Lluz.<\/p>\n<p>La fecha foi promulgada mientres xuna Conferencia Xeneral de la UNESCO. Esta decisi\u00f3n foi aceptada de manera un\u00e1nime y tami\u00e9n conmemora&#8217;l d\u00eda en que per primer vegada un l\u00e1ser foi puestu en funcionamientu.<\/p>\n<p>Esti importante eventu foi posible gracies a les investigaciones y trabayu del reconoc\u00edu f\u00edsicu<span style=\"color: #008080\"><a style=\"color: #008080\" href=\"https:\/\/es.wikipedia.org\/wiki\/Theodore_Harold_Maiman\"><strong> Theodore Maiman<\/strong><\/a><\/span>, qui\u00e9n foi l&#8217;inventor d&#8217;un l\u00e1ser de rub\u00ed, que ten\u00eda la capacid\u00e1 de producir emisi\u00f3n aguiyada de radiaci\u00f3n.<\/p>\n<p style=\"text-align: center\"><a href=\"https:\/\/onheaven.co.in\/wp-content\/uploads\/2022\/01\/Ruby-Laser-2-719x1024.jpg\"><img loading=\"lazy\" decoding=\"async\" class=\"aligncenter size-full\" src=\"https:\/\/onheaven.co.in\/wp-content\/uploads\/2022\/01\/Ruby-Laser-2-719x1024.jpg\" width=\"719\" height=\"1024\" \/><\/a><\/p>\n<p>Dende los rayos gamma hasta les ondes de radiu, l&#8217;espectru de la lluz br\u00edndanos conocencies importantes sobro l&#8217;orixe del universu, sobro les tecnolox\u00edes n&#8217;\u00e1mbitos tan diversos como la medicina, l&#8217;agricultura, la enerx\u00eda y pa la protecci\u00f3n del patrimoniu cultural.<\/p>\n<p>Am\u00e1s, la lluz tuvo xuna repercusi\u00f3n significativa nes artes visuales y esc\u00e9niques, la lliteratura y el pensamientu.<\/p>\n<p><span style=\"text-decoration: underline\"><em><span style=\"color: #008080;text-decoration: underline\">La lluz tuvo pal home xuna gran cantid\u00e1 de ventayes, siendo les m\u00e1s relevantes les que se detallen de sigu\u00edo:<\/span><\/em><\/span><\/p>\n<ul>\n<li><em><span style=\"color: #008080\">La lluz foi la principal precursora de la lluz artificial.<\/span><\/em><\/li>\n<li><em><span style=\"color: #008080\">Dex\u00f3&#8217;l desenvolvimientu cient\u00edfico y tecnol\u00f3xico.<\/span><\/em><\/li>\n<li><em><span style=\"color: #008080\">Sirvi\u00f3 p&#8217;ameyorar la calid\u00e1 de vida de los seres humanos.<\/span><\/em><\/li>\n<li><em><span style=\"color: #008080\">Ye xuna fonte d&#8217;enerx\u00eda vital pa la vida y el desenvolvimientu de toles especies qu&#8217;habiten la Tierra.<\/span><\/em><\/li>\n<li><em><span style=\"color: #008080\">Al travi\u00e9s de la lluz p\u00fadose estudiar l&#8217;orixe del universu.<\/span><\/em><\/li>\n<\/ul>\n<p style=\"text-align: center\"><a href=\"https:\/\/cdn.britannica.com\/61\/96861-004-8E792F95.jpg\"><img loading=\"lazy\" decoding=\"async\" class=\"aligncenter size-full\" src=\"https:\/\/cdn.britannica.com\/61\/96861-004-8E792F95.jpg\" width=\"366\" height=\"450\" \/><\/a><a href=\"https:\/\/m.media-amazon.com\/images\/I\/91pw0v+8YiL.jpg\"><img loading=\"lazy\" decoding=\"async\" class=\"aligncenter size-full\" src=\"https:\/\/m.media-amazon.com\/images\/I\/91pw0v+8YiL.jpg\" width=\"2145\" height=\"2560\" \/><\/a><\/p>\n","protected":false},"excerpt":{"rendered":"<p>La lluz (del llat\u00edn lux, lucis) ye la parte de la radiaci\u00f3n electromagn\u00e9tico que puede ser percibida pol g\u00fceyu humanu. Un 16 de mayu ,en 1960, produc\u00edase la primer emisi\u00f3n de lluz l\u00e1ser llograda por Theodore Maiman. De magar, la ciencia de la lluz revolucion\u00f3&#8217;l nuesu mundu. Esti d\u00eda recu\u00e9rdanos la so importancia en tantos [&hellip;]<\/p>\n","protected":false},"author":117,"featured_media":0,"comment_status":"open","ping_status":"open","sticky":false,"template":"","format":"standard","meta":{"footnotes":""},"categories":[6],"tags":[],"class_list":["post-19843","post","type-post","status-publish","format-standard","hentry","category-dia-de"],"_links":{"self":[{"href":"https:\/\/edublog.educastur.es\/ixuxu\/wp-json\/wp\/v2\/posts\/19843","targetHints":{"allow":["GET"]}}],"collection":[{"href":"https:\/\/edublog.educastur.es\/ixuxu\/wp-json\/wp\/v2\/posts"}],"about":[{"href":"https:\/\/edublog.educastur.es\/ixuxu\/wp-json\/wp\/v2\/types\/post"}],"author":[{"embeddable":true,"href":"https:\/\/edublog.educastur.es\/ixuxu\/wp-json\/wp\/v2\/users\/117"}],"replies":[{"embeddable":true,"href":"https:\/\/edublog.educastur.es\/ixuxu\/wp-json\/wp\/v2\/comments?post=19843"}],"version-history":[{"count":8,"href":"https:\/\/edublog.educastur.es\/ixuxu\/wp-json\/wp\/v2\/posts\/19843\/revisions"}],"predecessor-version":[{"id":19845,"href":"https:\/\/edublog.educastur.es\/ixuxu\/wp-json\/wp\/v2\/posts\/19843\/revisions\/19845"}],"wp:attachment":[{"href":"https:\/\/edublog.educastur.es\/ixuxu\/wp-json\/wp\/v2\/media?parent=19843"}],"wp:term":[{"taxonomy":"category","embeddable":true,"href":"https:\/\/edublog.educastur.es\/ixuxu\/wp-json\/wp\/v2\/categories?post=19843"},{"taxonomy":"post_tag","embeddable":true,"href":"https:\/\/edublog.educastur.es\/ixuxu\/wp-json\/wp\/v2\/tags?post=19843"}],"curies":[{"name":"wp","href":"https:\/\/api.w.org\/{rel}","templated":true}]}}