{"id":19934,"date":"2023-05-23T11:31:56","date_gmt":"2023-05-23T09:31:56","guid":{"rendered":"https:\/\/edublog.educastur.es\/ixuxu\/?p=19934"},"modified":"2023-05-23T11:32:01","modified_gmt":"2023-05-23T09:32:01","slug":"asturies-solicita-ayudes-por-seca","status":"publish","type":"post","link":"https:\/\/edublog.educastur.es\/ixuxu\/2023\/05\/asturies-solicita-ayudes-por-seca\/","title":{"rendered":"Asturies solicita ayudes por seca"},"content":{"rendered":"<p style=\"text-align: center\"><a href=\"https:\/\/www.nortes.me\/wp-content\/uploads\/2022\/07\/Villapedre_Asturies_Julio_202217-1068x713.jpg\"><img loading=\"lazy\" decoding=\"async\" class=\"aligncenter size-full\" src=\"https:\/\/www.nortes.me\/wp-content\/uploads\/2022\/07\/Villapedre_Asturies_Julio_202217-1068x713.jpg\" width=\"1068\" height=\"713\" \/><\/a><span style=\"font-size: 14px\"><em>Campu de maiz en Villapedre, Navia. Foto: David Aguilar S\u00e1nchez.<\/em><\/span><\/p>\n<p>El camb\u00e9u clim\u00e1ticu obliga per primer vegada a Asturies a solicitar ayudes por seca. T\u00e1n destinaes a los sectores de vacunu, ov\u00edn y caprino de carne y lleche, ap\u00edcola y agr\u00edcola.<\/p>\n<ul>\n<li>Fonte: <a href=\"https:\/\/www.nortes.me\/2023\/05\/23\/el-cambio-climatico-obliga-por-primera-vez-a-asturies-a-solicitar-ayudas-por-sequia\/\">Nortes.me<\/a> \/<\/li>\n<\/ul>\n<p><!--more--><\/p>\n<p>El conseyeru de Mediu Rural y Cohesi\u00f3n Territorial, Alejandro Calvo, destac\u00f3 esti llunes que&#8217;l Princip\u00e1u va cuntar per primer vegada con ayudes directes del Gobierno frente a la seca, destinaes a los sectores de vacunu, ov\u00edn y caprino de carne y lleche, ap\u00edcola y agr\u00edcola.<\/p>\n<p>Calvo valor\u00f3 les mid\u00edes impulsaes pol Ministeriu d&#8217;Agricultura, Pesca y Alimentaci\u00f3n pa compensar a llabradores y ganaderos pola xubida de los costos de producci\u00f3n que fueron anunciaes g\u00fcei na xunta telem\u00e1tica del Conseyu Consultivu de Pol\u00edtica Agraria p&#8217;Asuntos Comu\u00f1ales.<\/p>\n<p>El conseyeru tami\u00e9n resalt\u00f3&#8217;l sofitu que van suponer tas iniciatives pa les esplotaciones familiares agraries de Asturies.<\/p>\n<p>Pa el productores de carne y lleche de vacunu, ov\u00edn y caprino, les ayudes van abonase directamente a los titulares de les esplotaciones beneficiarios de les ayudes acomu\u00f1aes de la Pol\u00edtica Agraria Com\u00fan (PAC) 2022.<\/p>\n<p>Pal sector ap\u00edcola, va realizase una convocatoria espec\u00edfica y les ayudes van ser complementaries a les de la Intervenci\u00f3n Sectorial Ap\u00edcola, con m\u00e1ximos en funci\u00f3n del tama\u00f1u de la esplotaci\u00f3n.<\/p>\n<p>El paquete de mid\u00edes incl\u00fai tami\u00e9n la flexibilizaci\u00f3n determinaos requisitos de les ayudes directes de la PAC 2023.<\/p>\n<p>Asina, ampl\u00edase&#8217;l plazu pa la presentaci\u00f3n de la solicit\u00fa \u00fanica hasta&#8217;l 30 de xunu, retr\u00e1sase la entrada a valir del <strong>Cuadiernu Dixital d&#8217;Esplotaci\u00f3n<\/strong> y ret\u00e1rdase a 2025 la incorporaci\u00f3n de la informaci\u00f3n obligatoria.<\/p>\n<p>Am\u00e1s, va aplicase la causa de fuerza mayor d&#8217;oficiu pola seca a requisitos de condicionalidad reforzada, ecorreg\u00edmenes y ayudes acomu\u00f1aes.<\/p>\n<p>Tami\u00e9n s&#8217;ameyoren los seguros agrarios, que van poder subvencionar hasta&#8217;l 70% el costu de les p\u00f3lices y\u00e1 contrataes qu&#8217;incluyan la cobertoria por riesgu de seca nos cultivos de secanu d&#8217;herbales estensivos, ablanar, quivi, olivar, uva de vinificaci\u00f3n, almendro, prunu, alfalfa, remolacha azucrera y ma\u00edz forrajero.<\/p>\n<p>Nel \u00e1mbitu fiscal, se exime del pagu del Impuestu de Bienes Inmuebles (IBI) a les propiedaes de los titulares d&#8217;esplotaciones agr\u00edcoles o ganaderes que sufrieren nel exerciciu 2023 un amenorgamientu del rendimientu netu de les actividaes agraries de, siquier, un 20% en zones con llimitaciones naturales, seg\u00fan la normativa de la Uni\u00f3n Europea, o d&#8217;un 30% nes dem\u00e1s.<\/p>\n<p>Tami\u00e9n se eximen del pagu d&#8217;IRPF y del impuestu de sociedaes les ayudes que se perciban polos ecorreg\u00edmenes de la PAC y del impuestu de tresmisiones patrimoniales y actos xur\u00eddicos documentados la formalizaci\u00f3n d&#8217;avales de la Socied\u00e1 Estatal de Cauci\u00f3n Agraria (Saeca).<\/p>\n<p>Estes mid\u00edes sumir a la convocatoria estraordinaria d&#8217;ayudes, dotada con cuatro millones, pa ganader\u00edes de cebu y\/o con vaques nodrizas, pa faer frente a la xubida de los costos de producci\u00f3n motivada pola invasi\u00f3n rusa d&#8217;Ucrania.<\/p>\n<p>Les subvenciones, cofinanciaes al travi\u00e9s del <strong>Fondu Europ\u00e9u Agrariu de Desenvolvimientu Rural (Feader)<\/strong>, abonar n&#8217;abril y y\u00e1 se destinaron tr\u00e9s millones a les ganader\u00edes que ceben xatos produc\u00edos na mesma esplotaci\u00f3n y un mill\u00f3n a aquelles que caltienen vaques nodrizas.<\/p>\n<p>&nbsp;<\/p>\n<p>&nbsp;<\/p>\n","protected":false},"excerpt":{"rendered":"<p>Campu de maiz en Villapedre, Navia. Foto: David Aguilar S\u00e1nchez. El camb\u00e9u clim\u00e1ticu obliga per primer vegada a Asturies a solicitar ayudes por seca. T\u00e1n destinaes a los sectores de vacunu, ov\u00edn y caprino de carne y lleche, ap\u00edcola y agr\u00edcola. Fonte: Nortes.me \/<\/p>\n","protected":false},"author":117,"featured_media":0,"comment_status":"open","ping_status":"open","sticky":false,"template":"","format":"standard","meta":{"footnotes":""},"categories":[1],"tags":[],"class_list":["post-19934","post","type-post","status-publish","format-standard","hentry","category-sin-categoria"],"_links":{"self":[{"href":"https:\/\/edublog.educastur.es\/ixuxu\/wp-json\/wp\/v2\/posts\/19934","targetHints":{"allow":["GET"]}}],"collection":[{"href":"https:\/\/edublog.educastur.es\/ixuxu\/wp-json\/wp\/v2\/posts"}],"about":[{"href":"https:\/\/edublog.educastur.es\/ixuxu\/wp-json\/wp\/v2\/types\/post"}],"author":[{"embeddable":true,"href":"https:\/\/edublog.educastur.es\/ixuxu\/wp-json\/wp\/v2\/users\/117"}],"replies":[{"embeddable":true,"href":"https:\/\/edublog.educastur.es\/ixuxu\/wp-json\/wp\/v2\/comments?post=19934"}],"version-history":[{"count":1,"href":"https:\/\/edublog.educastur.es\/ixuxu\/wp-json\/wp\/v2\/posts\/19934\/revisions"}],"predecessor-version":[{"id":19935,"href":"https:\/\/edublog.educastur.es\/ixuxu\/wp-json\/wp\/v2\/posts\/19934\/revisions\/19935"}],"wp:attachment":[{"href":"https:\/\/edublog.educastur.es\/ixuxu\/wp-json\/wp\/v2\/media?parent=19934"}],"wp:term":[{"taxonomy":"category","embeddable":true,"href":"https:\/\/edublog.educastur.es\/ixuxu\/wp-json\/wp\/v2\/categories?post=19934"},{"taxonomy":"post_tag","embeddable":true,"href":"https:\/\/edublog.educastur.es\/ixuxu\/wp-json\/wp\/v2\/tags?post=19934"}],"curies":[{"name":"wp","href":"https:\/\/api.w.org\/{rel}","templated":true}]}}