{"id":1996,"date":"2020-12-20T14:31:32","date_gmt":"2020-12-20T12:31:32","guid":{"rendered":"https:\/\/edublog.educastur.es\/ixuxu\/?p=1996"},"modified":"2020-12-27T20:28:48","modified_gmt":"2020-12-27T18:28:48","slug":"asina-vas-ver-el-particular-besu-de-navida-de-xupiter-y-saturno-que-nun-asocede-en-800-anos","status":"publish","type":"post","link":"https:\/\/edublog.educastur.es\/ixuxu\/2020\/12\/asina-vas-ver-el-particular-besu-de-navida-de-xupiter-y-saturno-que-nun-asocede-en-800-anos\/","title":{"rendered":"Asina vas ver el particular \u201cbesu de Navid\u00e1\u201d de X\u00fapiter y Saturno que nun asocede en 800 a\u00f1os"},"content":{"rendered":"<p><span style=\"font-size: 20px;color: #008080\"><em>Va ser en d\u00edes previos a Navid\u00e1 que pueda apreciase l&#8217;alliniaci\u00f3n de X\u00fapiter y Saturno nel cielu, un eventu astron\u00f3micu qu&#8217;asocede cada dos d\u00e9cades, pero qu&#8217;esta vegada va tener una variante especial.<\/em><\/span><\/p>\n<p><a href=\"https:\/\/www.youtube.com\/watch?v=koxLH4Y8Kr8\"><img loading=\"lazy\" decoding=\"async\" class=\"alignnone \" src=\"https:\/\/i.ytimg.com\/vi\/koxLH4Y8Kr8\/hqdefault_live.jpg?sqp=-oaymwEZCPYBEIoBSFXyq4qpAwsIARUAAIhCGAFwAQ==&amp;rs=AOn4CLDW4b0O1L3bG_0QNyYZOB4jAsvP_g\" width=\"296\" height=\"166\" \/><\/a><\/p>\n<p><span style=\"font-size: 20px\"><em><a href=\"https:\/\/www.youtube.com\/results?search_query=jupiter+y+saturno+en+vivo+2020\">L&#8217;eventu va poder siguise en directu<\/a> g\u00fcei llunes, dende les 19.30 hora peninsular espa\u00f1ola, <a href=\"https:\/\/www.youtube.com\/user\/CanalULL\">na canal de YouTube de l&#8217;Aula Cultural Cassiopeia, de la Universid\u00e1 de La Llaguna.<\/a><\/em><\/span><\/p>\n<p><a href=\"https:\/\/imgbox.es\/images\/2020\/12\/21\/ecoosfera64eb4a99e9e5016d.jpg\"><img loading=\"lazy\" decoding=\"async\" class=\"alignnone\" src=\"https:\/\/imgbox.es\/images\/2020\/12\/21\/ecoosfera64eb4a99e9e5016d.jpg\" alt=\"\" width=\"2048\" height=\"1366\" \/><\/a><\/p>\n<p><em><span style=\"font-size: 20px\">El pr\u00f3ximu 21 d&#8217;avientu, podr\u00e1 reparase nel cielu l&#8217;alliniaci\u00f3n de X\u00fapiter y Saturno nel cielu, tami\u00e9n conocida como <strong><span style=\"color: #008080\">\u201cbesu de Navid\u00e1\u201d<\/span><\/strong>, un eventu astron\u00f3micu que nam\u00e1 asocede cada 20 a\u00f1os.\u00a0<\/span><\/em><\/p>\n<p><!--more--><\/p>\n<div class=\"ruby-container\">\n<div class=\"single-header is-center\">\n<header class=\"entry-header single-title post-title is-big-title \">\n<ul>\n<li class=\"entry-title\"><a href=\"https:\/\/ecoosfera.com\/estrella-de-belen-visible-2020-conjuncion-saturno-jupiter\/\">La \u2018Estrella de Bel\u00e9n\u2019 ser\u00e1 visible nuevamente despu\u00e9s de 16 mil a\u00f1os (gracias a la conjunci\u00f3n de J\u00fapiter y Saturno).<\/a><\/li>\n<li><a href=\"https:\/\/www.xataka.com\/espacio\/gran-conjuncion-jupiter-saturno-tuvo-espectadora-invitada-estacion-espacial-internacional\/amp?__twitter_impression=true&amp;s=08\">Dende l\u00b4Estaci\u00f3n Espacial internacional<\/a><\/li>\n<\/ul>\n<\/header>\n<\/div>\n<\/div>\n<p><a href=\"https:\/\/www.google.com\/doodles\/celebrating-winter-2020-and-the-great-conjunction-northern-hemisphere\"><img loading=\"lazy\" decoding=\"async\" class=\"aligncenter\" src=\"https:\/\/www.lavanguardia.com\/files\/image_948_465\/uploads\/2020\/12\/21\/5fe03d482aa0a.jpeg\" alt=\"\" width=\"408\" height=\"200\" \/><\/a><\/p>\n<p><a href=\"https:\/\/solarsystem.nasa.gov\/system\/feature_items\/images\/28_saturn.png\"><img loading=\"lazy\" decoding=\"async\" class=\"alignnone\" src=\"https:\/\/solarsystem.nasa.gov\/system\/feature_items\/images\/28_saturn.png\" alt=\"\" width=\"124\" height=\"93\" \/><\/a><em><span style=\"font-size: 14px\">Saturno \/ X\u00fapiter<\/span><\/em> <a href=\"https:\/\/solarsystem.nasa.gov\/system\/feature_items\/images\/16_jupiter_new.png\"><img loading=\"lazy\" decoding=\"async\" class=\"alignnone\" src=\"https:\/\/solarsystem.nasa.gov\/system\/feature_items\/images\/16_jupiter_new.png\" alt=\"\" width=\"129\" height=\"97\" \/><\/a><\/p>\n<p><em><span style=\"font-size: 20px\"><a href=\"https:\/\/www.nasa.gov\/feature\/the-great-conjunction-of-jupiter-and-saturn\">La \u201cgran conxunci\u00f3n\u201d de los planetes<\/a> ye un fen\u00f3menu que fai qu&#8217;estos dos cuerpos celestes all\u00edniense hasta que paez que formen un planeta doble\u201d.<a href=\"https:\/\/solarsystem.nasa.gov\/news\/1615\/how-to-photograph-the-conjunction-of-saturn-and-jupiter\/\"> Ver noticia<\/a><br \/>\n<\/span><\/em><\/p>\n\n<!-- iframe plugin v.6.0 wordpress.org\/plugins\/iframe\/ -->\n<iframe loading=\"lazy\" width=\"588\" height=\"331\" src=\"https:\/\/www.youtube.com\/embed\/CPzobHnqefc\" scrolling=\"yes\" class=\"iframe-class\" frameborder=\"0\"><\/iframe>\n\n<p><em><span style=\"font-size: 20px\">Anque los dos planetes atopen cada 20 a\u00f1os, en 2020 l&#8217;eventu cobra relevancia por cuenta de que p<strong><span style=\"color: #008080\">asaron casi 400 a\u00f1os desque tuvieron tan cerca l&#8217;unu del otru, y alredor de 800 desque esti alcuentru tien llugar pela nueche.<\/span><\/strong><\/span><\/em><\/p>\n<p><em><span style=\"font-size: 20px\">Estes condiciones van faer que&#8217;l <strong>fen\u00f3menu s\u00eda visible en casi cualesquier parte del mundu<\/strong>, seg\u00fan l&#8217;Alministraci\u00f3n Nacional d&#8217;Aeron\u00e1utica y l&#8217;Espaciu (<a href=\"https:\/\/twitter.com\/nasahqphoto\">NASA<\/a>).<a href=\"https:\/\/twitter.com\/NASA\/status\/1339010857443930112?ref_src=twsrc%5Etfw%7Ctwcamp%5Etweetembed%7Ctwterm%5E1339010857443930112%7Ctwgr%5E%7Ctwcon%5Es1_&amp;ref_url=https%3A%2F%2Fwww.reporteindigo.com%2F\"><strong><span style=\"color: #008080\">Twitter de la NASA<\/span><\/strong><\/a>. <\/span><\/em><em><span style=\"font-size: 20px\">La cercan\u00eda\u201d ente X\u00fapiter y Saturno ye relativa, pos consiste en cientos de millones de kil\u00f3metros.<\/span><\/em><\/p>\n<p><em><span style=\"font-size: 20px\">Pa reparar l&#8217;alliniaci\u00f3n de dambos planetes, eventu bautiz\u00e1u como&#8217;l besu de Navid\u00e1\u201d por dellos astr\u00f3nomos. <\/span><\/em><em><span style=\"font-size: 20px\">Xuna hora dempu\u00e9s de que&#8217;l cuerpu lluminosu que da calor y lluz a la Tierra escu\u00e9ndase, va poder reparase la conxunci\u00f3n nel cielu.<\/span><\/em><\/p>\n\n<!-- iframe plugin v.6.0 wordpress.org\/plugins\/iframe\/ -->\n<iframe loading=\"lazy\" width=\"588\" height=\"331\" src=\"https:\/\/www.youtube.com\/embed\/FDsberWEAMk\" scrolling=\"yes\" class=\"iframe-class\" frameborder=\"0\"><\/iframe>\n\n<p><em><span style=\"font-size: 20px\">Por cuenta de la lluminosid\u00e1 qu&#8217;esprende esti fen\u00f3menu, nun se van precisar aditamentos especiales, como binoculares o telescopiu, pa velo, sicas\u00ed, ye importante apuntar la mirada al oeste dende un sitiu elev\u00e1u.<\/span><\/em><\/p>\n<p><a href=\"https:\/\/cadenaser00.epimg.net\/ser\/imagenes\/2020\/12\/22\/radio_club_tenerife\/1608632063_977584_1608632159_noticia_normal_recorte1.jpg\"><img loading=\"lazy\" decoding=\"async\" class=\"alignnone\" src=\"https:\/\/cadenaser00.epimg.net\/ser\/imagenes\/2020\/12\/22\/radio_club_tenerife\/1608632063_977584_1608632159_noticia_normal_recorte1.jpg\" alt=\"\" width=\"1300\" height=\"764\" \/><\/a><\/p>\n<p><em>La imaxe foi tomada dende El Teide por un astru fot\u00f3grafu aficion\u00e1u de Tenerife \/ Jacinto Hern\u00e1ndez <a href=\"https:\/\/cadenaser.com\/emisora\/2020\/12\/22\/radio_club_tenerife\/1608632063_977584.html\">Ver art\u00edculu.<\/a><br \/>\n<\/em><\/p>\n<p><em><span style=\"font-size: 20px\">Para reparar a esta <a href=\"http:\/\/Cosmos La \u2018Estrella de Bel\u00e9n\u2019 ser\u00e1 visible nuevamente despu\u00e9s de 16 mil a\u00f1os (gracias a la conjunci\u00f3n de J\u00fapiter y Saturno)\"><span style=\"color: #008080\"><strong>Estrella de Navid\u00e1<\/strong><\/span><\/a>, dende l&#8217;<a href=\"http:\/\/www.iac.es\/index.php\/es\"><span style=\"color: #008080\">Institutu Astron\u00f3micu de Canaries (IAC)<\/span><\/a>, encamienten buscar horizontes estenos escontra l&#8217;oeste pocu dempu\u00e9s de la puesta de Sol. Puede vese a g\u00fceyu, pero si emplega un pequenu telescopiu vamos poder reparar dambos planetes coles mesmes. X\u00fapiter (el m\u00e1s brillosu), coles sos cuatro llunes Galileanas, y Saturno, colos sos an\u00edos. <span style=\"color: #008080\"><strong>Xuna imaxe que nun se repitir\u00e1 en 60 a\u00f1os<\/strong><\/span>. Dempu\u00e9s d&#8217;esta nueche, los dos planetes van siguir los sos caminos y van empezar a dixebrase nel cielu.<br \/>\n<\/span><\/em><\/p>\n<p>Fonte: <a href=\"https:\/\/www.reporteindigo.com\/piensa\/asi-veras-el-particular-beso-de-navidad-de-jupiter-y-saturno-que-no-ocurre-en-800-anos\/\">Indigo Staff<\/a><\/p>\n<hr \/>\n<div class=\"css-hl9dz2-GridComponent e57qer20\" dir=\"ltr\">\n<p dir=\"ltr\"><a href=\"https:\/\/astroaficion.com\/2020\/11\/18\/gran-conjuncion-de-jupiter-y-saturno-en-diciembre-2020\/\"><span style=\"font-size: 20px\"><span style=\"color: #008080\"><em><strong>Gran conjunci\u00f3n de J\u00fapiter y Saturno<\/strong><\/em><\/span><\/span><\/a><\/p>\n<p class=\"css-1ikvhrr-Paragraph e1cc2ql70\" dir=\"ltr\"><span style=\"font-size: 20px\"><em><b>El 21 de diciembre de 2020, J\u00fapiter y Saturno se cruzar\u00e1n en el cielo nocturno y, por un breve momento, parecer\u00e1n brillar juntos como un solo cuerpo celeste. <\/b><\/em><\/span><\/p>\n<\/div>\n<div class=\"css-hl9dz2-GridComponent e57qer20\" dir=\"ltr\">\n<p class=\"css-1ikvhrr-Paragraph e1cc2ql70\" dir=\"ltr\"><span style=\"font-size: 20px\"><em>Si bien las conjunciones planetarias como esta no son eventos cotidianos, tampoco son particularmente raras.La conjunci\u00f3n de este a\u00f1o es diferente por al menos dos razones. La primera es el grado en que los dos planetas estar\u00e1n alineados. Los expertos predicen que aparecer\u00e1n <b>m\u00e1s cerca que en casi ocho siglos<\/b> y tambi\u00e9n m\u00e1s brillantes.<\/em><\/span><\/p>\n<\/div>\n<div class=\"css-hl9dz2-GridComponent e57qer20\" dir=\"ltr\">\n<p class=\"css-1ikvhrr-Paragraph e1cc2ql70\" dir=\"ltr\"><span style=\"font-size: 20px\"><em>Pero el segundo factor, y el que ha puesto este evento en el centro de atenci\u00f3n, es que ocurrir\u00e1 <b>en el solsticio de invierno<\/b>, justo antes de <\/em><\/span><a href=\"https:\/\/www.bbc.com\/mundo\/noticias-55351413\"><span style=\"font-size: 20px\"><em>Navidad.<\/em><\/span><\/a><\/p>\n<\/div>\n\n<!-- iframe plugin v.6.0 wordpress.org\/plugins\/iframe\/ -->\n<iframe loading=\"lazy\" width=\"588\" height=\"331\" src=\"https:\/\/www.youtube.com\/embed\/HGjeEb_EP14\" scrolling=\"yes\" class=\"iframe-class\" frameborder=\"0\"><\/iframe>\n\n<ul>\n<li>P<a href=\"https:\/\/www.youtube.com\/watch?v=igxbW9B3nzs\"><span style=\"text-decoration: underline\"><em>laneta Tierra visto desde el espacio. NASA<\/em><\/span><\/a><\/li>\n<\/ul>\n\n<!-- iframe plugin v.6.0 wordpress.org\/plugins\/iframe\/ -->\n<iframe loading=\"lazy\" width=\"588\" height=\"331\" src=\"https:\/\/www.youtube.com\/embed\/igxbW9B3nzs\" scrolling=\"yes\" class=\"iframe-class\" frameborder=\"0\"><\/iframe>\n\n<div class=\"css-hl9dz2-GridComponent e57qer20\" dir=\"ltr\">\n<p dir=\"ltr\">\n<\/div>\n","protected":false},"excerpt":{"rendered":"<p>Va ser en d\u00edes previos a Navid\u00e1 que pueda apreciase l&#8217;alliniaci\u00f3n de X\u00fapiter y Saturno nel cielu, un eventu astron\u00f3micu qu&#8217;asocede cada dos d\u00e9cades, pero qu&#8217;esta vegada va tener una variante especial. L&#8217;eventu va poder siguise en directu g\u00fcei llunes, dende les 19.30 hora peninsular espa\u00f1ola, na canal de YouTube de l&#8217;Aula Cultural Cassiopeia, de [&hellip;]<\/p>\n","protected":false},"author":117,"featured_media":0,"comment_status":"closed","ping_status":"open","sticky":false,"template":"","format":"standard","meta":{"footnotes":""},"categories":[4],"tags":[],"class_list":["post-1996","post","type-post","status-publish","format-standard","hentry","category-natura"],"_links":{"self":[{"href":"https:\/\/edublog.educastur.es\/ixuxu\/wp-json\/wp\/v2\/posts\/1996","targetHints":{"allow":["GET"]}}],"collection":[{"href":"https:\/\/edublog.educastur.es\/ixuxu\/wp-json\/wp\/v2\/posts"}],"about":[{"href":"https:\/\/edublog.educastur.es\/ixuxu\/wp-json\/wp\/v2\/types\/post"}],"author":[{"embeddable":true,"href":"https:\/\/edublog.educastur.es\/ixuxu\/wp-json\/wp\/v2\/users\/117"}],"replies":[{"embeddable":true,"href":"https:\/\/edublog.educastur.es\/ixuxu\/wp-json\/wp\/v2\/comments?post=1996"}],"version-history":[{"count":18,"href":"https:\/\/edublog.educastur.es\/ixuxu\/wp-json\/wp\/v2\/posts\/1996\/revisions"}],"predecessor-version":[{"id":2243,"href":"https:\/\/edublog.educastur.es\/ixuxu\/wp-json\/wp\/v2\/posts\/1996\/revisions\/2243"}],"wp:attachment":[{"href":"https:\/\/edublog.educastur.es\/ixuxu\/wp-json\/wp\/v2\/media?parent=1996"}],"wp:term":[{"taxonomy":"category","embeddable":true,"href":"https:\/\/edublog.educastur.es\/ixuxu\/wp-json\/wp\/v2\/categories?post=1996"},{"taxonomy":"post_tag","embeddable":true,"href":"https:\/\/edublog.educastur.es\/ixuxu\/wp-json\/wp\/v2\/tags?post=1996"}],"curies":[{"name":"wp","href":"https:\/\/api.w.org\/{rel}","templated":true}]}}