{"id":2002,"date":"2020-12-20T14:49:08","date_gmt":"2020-12-20T12:49:08","guid":{"rendered":"https:\/\/edublog.educastur.es\/ixuxu\/?p=2002"},"modified":"2020-12-21T20:55:44","modified_gmt":"2020-12-21T18:55:44","slug":"solsticiu-diviernu","status":"publish","type":"post","link":"https:\/\/edublog.educastur.es\/ixuxu\/2020\/12\/solsticiu-diviernu\/","title":{"rendered":"Solsticiu d\u00b4iviernu n\u00b4Espa\u00f1a"},"content":{"rendered":"<p><a href=\"https:\/\/www.portalisimo.com\/wp-content\/uploads\/2017\/12\/Solsticio-de-Invierno-y-verano.png\"><img loading=\"lazy\" decoding=\"async\" class=\"alignnone\" src=\"https:\/\/www.portalisimo.com\/wp-content\/uploads\/2017\/12\/Solsticio-de-Invierno-y-verano.png\" alt=\"\" width=\"1151\" height=\"672\" \/><\/a><\/p>\n<p><span style=\"font-size: 20px\"><em><span style=\"color: #008080\">El solsticiu d&#8217;iviernu 2020 va tener llugar el pr\u00f3ximu 21 d&#8217;avientu y con \u00e9l, dicimos adi\u00f3s a la seronda para dar la bienvenida a los meses m\u00e1s fr\u00edos del a\u00f1u hasta&#8217;l camb\u00e9u a la estaci\u00f3n primaveral. <a href=\"https:\/\/www.lavanguardia.com\/cribeo\/cultura\/20201221\/6128527\/mitos-tradiciones-celebrar-solsticio-invierno.html\"><strong>Mitos del solsticiu d\u00b4iviernu.<\/strong><\/a><br \/>\n<\/span><\/em><\/span><\/p>\n<p><!--more--><\/p>\n<p>&nbsp;<\/p>\n<p><a href=\"https:\/\/www.estrategiaynegocios.net\/csp\/mediapool\/sites\/dt.common.streams.StreamServer.cls?STREAMOID=OhIzfWmOAQ1fXU4z1xsoHM$daE2N3K4ZzOUsqbU5sYu7kN67fosUo5c0xTRwrXqL6FB40xiOfUoExWL3M40tfzssyZqpeG_J0TFo7ZhRaDiHC9oxmioMlYVJD0A$3RbIiibgT65kY_CSDiCiUzvHvODrHApbd6ry6YGl5GGOZrs-&amp;CONTENTTYPE=image\/jpeg\"><img loading=\"lazy\" decoding=\"async\" class=\"alignnone\" src=\"https:\/\/www.estrategiaynegocios.net\/csp\/mediapool\/sites\/dt.common.streams.StreamServer.cls?STREAMOID=OhIzfWmOAQ1fXU4z1xsoHM$daE2N3K4ZzOUsqbU5sYu7kN67fosUo5c0xTRwrXqL6FB40xiOfUoExWL3M40tfzssyZqpeG_J0TFo7ZhRaDiHC9oxmioMlYVJD0A$3RbIiibgT65kY_CSDiCiUzvHvODrHApbd6ry6YGl5GGOZrs-&amp;CONTENTTYPE=image\/jpeg\" alt=\"\" width=\"800\" height=\"535\" \/><\/a><\/p>\n<p>&nbsp;<\/p>\n<p><a href=\"https:\/\/infografiasencastellano.files.wordpress.com\/2013\/12\/infografia_el_solsticio_de_invierno.jpg\"><img loading=\"lazy\" decoding=\"async\" class=\"alignnone\" src=\"https:\/\/infografiasencastellano.files.wordpress.com\/2013\/12\/infografia_el_solsticio_de_invierno.jpg\" alt=\"\" width=\"798\" height=\"1179\" \/><\/a><a href=\"https:\/\/www.unotv.com\/uploads\/2020\/12\/solsticio-1.png\"><img loading=\"lazy\" decoding=\"async\" class=\"alignnone\" src=\"https:\/\/www.unotv.com\/uploads\/2020\/12\/solsticio-1.png\" alt=\"\" width=\"650\" height=\"1755\" \/><\/a><\/p>\n<p><!--more--><\/p>\n<p><a href=\"https:\/\/imgbox.es\/images\/2020\/12\/20\/estaciones9635d167a9d7e137.jpg\"><img loading=\"lazy\" decoding=\"async\" class=\"aligncenter\" src=\"https:\/\/imgbox.es\/images\/2020\/12\/20\/estaciones9635d167a9d7e137.jpg\" alt=\"\" width=\"960\" height=\"757\" \/><\/a><\/p>\n<p><span style=\"font-size: 20px\"><em><span style=\"color: #008080\"><strong>Dicimos adi\u00f3s a la seronda.<\/strong><\/span> El pr\u00f3ximu 21 d&#8217;avientu va tener llugar el solsticiu d&#8217;iviernu 2020 n&#8217;Espa\u00f1a, que va dar la bienvenida a los meses m\u00e1s fr\u00edos del a\u00f1u. Nesi momentu, el Polu Sur de la Tierra va tar inclin\u00e1u escontra&#8217;l Sol, algamando la so posici\u00f3n m\u00e1s austral nel cielu y dando la bienvenida al primer d\u00eda d&#8217;iviernu nel hemisferiu norte y el primer d\u00eda de branu nel hemisferiu sur.<\/em><\/span><\/p>\n<p><span style=\"font-size: 20px\"><em>D&#8217;alcuerdu al Observatoriu Astron\u00f3micu Nacional, la llegada oficial del iviernu va producise a les 11:02 hora espa\u00f1ola, enllargando la \u00faltima estaci\u00f3n del a\u00f1u hasta&#8217;l 20 de marzu de 2021, cuando llegue l&#8217;equinocciu de primavera.<\/em><\/span><\/p>\n<p><span style=\"color: #008080\"><strong><span style=\"font-size: 20px\"><em>Qu\u00e9 ye&#8217;l solsticiu d&#8217;iviernu: <\/em><\/span><\/strong><\/span><span style=\"font-size: 20px\"><em>Tradicionalmente, contempl\u00e1bense cuatro feches distintes nel calendariu que marcaben el fin de la seronda. Yeren les entend\u00edes ente&#8217;l 20 y el 23 d&#8217;avientu, anque angua\u00f1o suelse concentrar ente&#8217;l 20 y el 22 del mesmu mes.<\/em><\/span><\/p>\n<p><span style=\"font-size: 20px\"><em><strong>Tr\u00e1tase del d\u00eda m\u00e1s curtiu y la nueche m\u00e1s llarga del a\u00f1u, un fen\u00f3menu que s&#8217;esplica pol allugamientu de la Tierra respecto al Sol.<\/strong><\/em><\/span><\/p>\n<p><span style=\"font-size: 20px\"><em>Nel d\u00eda del solsticiu d&#8217;iviernu, la exa (eje) del hemisferiu norte del nuesu planeta ta m\u00e1s allo\u00f1\u00e1u de la gran estrella, lo que provoca un desequilibriu ente les hores del d\u00eda y la nueche, siendo \u00e9sta la m\u00e1s llarga del a\u00f1u n&#8217;Espa\u00f1a.<\/em><\/span><\/p>\n<p><span style=\"color: #008080\"><strong><span style=\"font-size: 20px\"><em>Cu\u00e1ndo ye&#8217;l solsticiu d&#8217;iviernu n&#8217;Espa\u00f1a: <\/em><\/span><\/strong><\/span><span style=\"font-size: 20px\"><em>Cumpliendo con tolos pron\u00f3sticos, el 21 d&#8217;avientu de 2020 ye la fecha fita nel calendariu pa la entrada oficial del iviernu. Y la hora, les 11:02 h (horariu peninsular).<\/em><\/span><\/p>\n<p><span style=\"font-size: 20px\"><em>El d\u00eda coincide pr\u00e1cticamente en tolos pa\u00edses del mundu, pero non l&#8217;horariu del camb\u00e9u estacional, y\u00e1 que puede variar n&#8217;hores o minutos dependiendo del territoriu.<\/em><\/span><\/p>\n<p><span style=\"font-size: 20px\"><em>A\u00f1almente, el solsticiu d&#8217;iviernu tami\u00e9n sufre variaciones por cuenta de que&#8217;l periodu orbital de la Tierra ye inesactu. Concretamente, el nuesu planeta tarda 365,2425 d\u00edes en dar la vuelta al Sol, permedi\u00e1ndose cada cuatro a\u00f1os col a\u00f1u bisiestu.<\/em><\/span><\/p>\n<p><span style=\"color: #008080\"><strong><span style=\"font-size: 20px\"><em>Diferencia ente solsticiu y equinocciu: <\/em><\/span><\/strong><\/span><span style=\"font-size: 20px\"><em>\u00bfYe lo mesmo un solsticiu qu&#8217;un equinocciu? Ye probable qu&#8217;esta entruga xenere duldes ente les persones. De sigu\u00edo, d\u00e1moste la respuesta.<\/em><\/span><\/p>\n<ul>\n<li><span style=\"font-size: 20px\"><em>L&#8217;entamu de ca\u00fana de les estaciones del a\u00f1u vien marc\u00e1u pola posici\u00f3n de la Tierra respecto al Sol. L&#8217;equinocciu produzse cuando la gran estrella ta nel so puntu m\u00e1s cercanu a la ll\u00ednea del ecuador, marcando l&#8217;entamu de la primavera y de la seronda.<\/em><\/span><\/li>\n<li><span style=\"font-size: 20px\"><em>Pela contra, el solsticiu dase cuando&#8217;l Sol all\u00f3\u00f1ase m\u00e1s al respective de la Tierra, recibiendo xuna mayor cantid\u00e1 de lluz n&#8217;unu de los hemisferios. Asina, dase la bienvenida a les estaciones de branu ya iviernu.<\/em><\/span><\/li>\n<li><span style=\"font-size: 20px\"><em>Siendo \u00e9sta la principal diferencia ente solsticiu y equinocciu, cont\u00e9mplense tami\u00e9n otros intereses qu&#8217;estremen dambos t\u00e9rminos, como la duraci\u00f3n del d\u00eda y la nueche.<\/em><\/span><\/li>\n<li><span style=\"font-size: 20px\"><em>Mientres l&#8217;equinocciu, dambes partes del d\u00eda duren lo mesmo, ente que&#8217;l solsticiu marca&#8217;l d\u00eda m\u00e1s llargu, cola llegada del branu, y el m\u00e1s curtiu del a\u00f1u, col iviernu.<\/em><\/span><\/li>\n<li><span style=\"font-size: 20px\"><em>Les feches que correspuenden a los cuatro cambeos d&#8217;estaci\u00f3n a\u00f1al n&#8217;Espa\u00f1a son ente&#8217;l 19 y el 21 de marzu pal equinocciu de primavera; del 20 al 22 de xunu pal solsticiu de branu; ente&#8217;l 21 y el 24 de setiembre pal equinocciu de seronda; y del 20 al 22 d&#8217;avientu pal solsticiu d&#8217;iviernu, el pr\u00f3ximu nel nuesu calendariu.<\/em><\/span><\/li>\n<\/ul>\n<p>&nbsp;<\/p>\n","protected":false},"excerpt":{"rendered":"<p>El solsticiu d&#8217;iviernu 2020 va tener llugar el pr\u00f3ximu 21 d&#8217;avientu y con \u00e9l, dicimos adi\u00f3s a la seronda para dar la bienvenida a los meses m\u00e1s fr\u00edos del a\u00f1u hasta&#8217;l camb\u00e9u a la estaci\u00f3n primaveral. Mitos del solsticiu d\u00b4iviernu.<\/p>\n","protected":false},"author":117,"featured_media":0,"comment_status":"closed","ping_status":"open","sticky":false,"template":"","format":"standard","meta":{"footnotes":""},"categories":[4,5],"tags":[],"class_list":["post-2002","post","type-post","status-publish","format-standard","hentry","category-natura","category-tiempu"],"_links":{"self":[{"href":"https:\/\/edublog.educastur.es\/ixuxu\/wp-json\/wp\/v2\/posts\/2002","targetHints":{"allow":["GET"]}}],"collection":[{"href":"https:\/\/edublog.educastur.es\/ixuxu\/wp-json\/wp\/v2\/posts"}],"about":[{"href":"https:\/\/edublog.educastur.es\/ixuxu\/wp-json\/wp\/v2\/types\/post"}],"author":[{"embeddable":true,"href":"https:\/\/edublog.educastur.es\/ixuxu\/wp-json\/wp\/v2\/users\/117"}],"replies":[{"embeddable":true,"href":"https:\/\/edublog.educastur.es\/ixuxu\/wp-json\/wp\/v2\/comments?post=2002"}],"version-history":[{"count":9,"href":"https:\/\/edublog.educastur.es\/ixuxu\/wp-json\/wp\/v2\/posts\/2002\/revisions"}],"predecessor-version":[{"id":2044,"href":"https:\/\/edublog.educastur.es\/ixuxu\/wp-json\/wp\/v2\/posts\/2002\/revisions\/2044"}],"wp:attachment":[{"href":"https:\/\/edublog.educastur.es\/ixuxu\/wp-json\/wp\/v2\/media?parent=2002"}],"wp:term":[{"taxonomy":"category","embeddable":true,"href":"https:\/\/edublog.educastur.es\/ixuxu\/wp-json\/wp\/v2\/categories?post=2002"},{"taxonomy":"post_tag","embeddable":true,"href":"https:\/\/edublog.educastur.es\/ixuxu\/wp-json\/wp\/v2\/tags?post=2002"}],"curies":[{"name":"wp","href":"https:\/\/api.w.org\/{rel}","templated":true}]}}