{"id":2004,"date":"2020-12-20T08:00:43","date_gmt":"2020-12-20T06:00:43","guid":{"rendered":"https:\/\/edublog.educastur.es\/ixuxu\/?p=2004"},"modified":"2020-12-20T14:55:56","modified_gmt":"2020-12-20T12:55:56","slug":"estau-del-tiempu-domingu-20-davientu","status":"publish","type":"post","link":"https:\/\/edublog.educastur.es\/ixuxu\/2020\/12\/estau-del-tiempu-domingu-20-davientu\/","title":{"rendered":"Est\u00e1u del tiempu: domingu 20 d\u00b4avientu"},"content":{"rendered":"<div class=\"\" dir=\"auto\">\n<div id=\"jsc_c_h7\" class=\"ecm0bbzt hv4rvrfc ihqw7lf3 dati1w0a\" data-ad-comet-preview=\"message\" data-ad-preview=\"message\">\n<div class=\"j83agx80 cbu4d94t ew0dbk1b irj2b8pg\">\n<div class=\"qzhwtbm6 knvmm38d\">\n<div class=\"kvgmc6g5 cxmmr5t8 oygrvhab hcukyx3x c1et5uql ii04i59q\"><\/div>\n<div class=\"o9v6fnle cxmmr5t8 oygrvhab hcukyx3x c1et5uql ii04i59q\">\n<div dir=\"auto\">\n<div dir=\"auto\">\n<p><em><a href=\"http:\/\/cdn.simplesite.com\/i\/3c\/23\/284852681120359228\/i284852689489568549._szw3000h2000_.jpg\"><img loading=\"lazy\" decoding=\"async\" class=\"alignnone \" src=\"http:\/\/cdn.simplesite.com\/i\/3c\/23\/284852681120359228\/i284852689489568549._szw3000h2000_.jpg\" width=\"192\" height=\"133\" \/><\/a><br \/>\n<\/em><strong><em><a href=\"http:\/\/eltiempunasturies.simplesite.com\/\">El tiempu n\u00b4Asturies<\/a><\/em><\/strong><\/p>\n<\/div>\n<\/div>\n<\/div>\n<div class=\"o9v6fnle cxmmr5t8 oygrvhab hcukyx3x c1et5uql ii04i59q\">\n<div dir=\"auto\"><span style=\"font-size: 20px\"><em>Alborecemos col cielu nuboso ya con unes temperatures que tan alrodiu de los 6\u00baC, rexistr\u00e1ndose nel puirtu Payares 2\u00baC.<\/em><\/span><\/div>\n<div dir=\"auto\"><\/div>\n<\/div>\n<div class=\"o9v6fnle cxmmr5t8 oygrvhab hcukyx3x c1et5uql ii04i59q\">\n<div dir=\"auto\"><span style=\"font-size: 20px\"><em><strong><span style=\"color: #008080\">G\u00fcei<\/span> <\/strong>tendremos abondosa nubosid\u00e1 media-alta pero les precipitaciones nun llegar\u00e1n hasta la nueche, con unes temperatures que camudar\u00e1n poco con m\u00e1simes alrodiu de los 14\u00baC. Al finar el d\u00eda va arreciar l&#8217;aire \u00e1brigu nes zones altes de monta\u00f1a onde se puen algamar raches superiores a los 70km\/h.<\/em><\/span><\/div>\n<div dir=\"auto\">\n<div dir=\"auto\">\n<p><span style=\"font-size: 20px\"><em><!--more--><\/em><\/span><\/p>\n<\/div>\n<\/div>\n<\/div>\n<div class=\"o9v6fnle cxmmr5t8 oygrvhab hcukyx3x c1et5uql ii04i59q\">\n<div dir=\"auto\"><span style=\"font-size: 20px\"><em><span style=\"color: #008080\"><strong>Durante&#8217;l riscar del llunes<\/strong><\/span> mos va cruzar un frente altl\u00e1nticu poco activu que mos dexar\u00e1 precipitaciones febles en xeneral que sedr\u00e1n m\u00e1s abondoses na met\u00e1 ocidental. Durante&#8217;l d\u00eda quedar\u00e1n intervalos nubosos entemecios ente dellos claros con unes temperatures n&#8217;ascensu que mos apurrir\u00e1n unes m\u00e1simes perriba de los 17\u00baC. L&#8217;aire \u00e1brigu va soplar con fuercia n&#8217;alborada en zones altes de monta\u00f1a ya en puntos del llitoral con tendencia a amenorgar durante&#8217;l d\u00eda anque van caltenese raches moderaes igualmente.<\/em><\/span><\/div>\n<\/div>\n<div class=\"o9v6fnle cxmmr5t8 oygrvhab hcukyx3x c1et5uql ii04i59q\">\n<div dir=\"auto\"><span style=\"font-size: 20px\"><em><strong><span style=\"color: #008080\">El martes<\/span><\/strong> seguiremos col aire \u00e1brigu ya con nubosid\u00e1 media-alta que mos dexar\u00e1 un ambiente afayaizu ya temperatures suaves.<\/em><\/span><\/div>\n<\/div>\n<div class=\"o9v6fnle cxmmr5t8 oygrvhab hcukyx3x c1et5uql ii04i59q\">\n<div dir=\"auto\"><span style=\"font-size: 20px\"><em><strong><span style=\"color: #008080\">El mi\u00e9rcoles<\/span><\/strong> aumentar\u00e1 la nubosid\u00e1 con precipitaciones pela tarde, con unes temperatures que descender\u00e1n pero llixeramente, sobre too al final del d\u00eda. L&#8217;aire con tendencia a rolar a gallegu pela tarde que mos pue dexar dalguna racha moderada en zones altes ya en puntos del llitoral.<\/em><\/span><\/div>\n<\/div>\n<div class=\"o9v6fnle cxmmr5t8 oygrvhab hcukyx3x c1et5uql ii04i59q\">\n<div dir=\"auto\"><span style=\"font-size: 20px\"><em><strong><span style=\"color: #008080\">Pa Nueche Bona y Navid\u00e1<\/span><\/strong> los modelos meteorol\u00f3xicos mos lo tan poniendo dif\u00edcil, cada salida camuden dalgo y ca\u00fan diz una cosa diferente pero lo m\u00e1s probable ye que durante&#8217;l xueves tengamos unes hores con vientu de componente norte que mos apurrir\u00e1 xarabatos intermitentes ya un descensu moder\u00e1u de les temperaures, faciendo que surda la nieve perriba de los 900-1000m. <\/em><\/span><\/div>\n<div dir=\"auto\"><\/div>\n<div dir=\"auto\"><span style=\"font-size: 20px\"><em><span style=\"color: #008080\"><strong>El d\u00eda del Nadal<\/strong> <\/span>sedr\u00e1 un d\u00eda nuboso y fr\u00edu con un descensu bultable de les temperatures pero sin malpenes precipitaciones, ya&#8217;l restu la selmana presentase poco nuboso o escampl\u00e1u pero con xelaes mui importantes y temperatures mui contenies al mediu d\u00eda. <\/em><\/span><\/div>\n<\/div>\n<\/div>\n<\/div>\n<\/div>\n<\/div>\n<div>\n<div id=\"jsc_c_h8\" class=\"l9j0dhe7\">\n<div class=\"stjgntxs ni8dbmo4\"><\/div>\n<\/div>\n<\/div>\n<div>\n<div class=\"stjgntxs ni8dbmo4 l82x9zwi uo3d90p7 h905i5nu monazrh9\" data-visualcompletion=\"ignore-dynamic\">\n<div>\n<div>\n<div>\n<div class=\"l9j0dhe7\">\n<div class=\"bp9cbjyn m9osqain j83agx80 jq4qci2q bkfpd7mw a3bd9o3v kvgmc6g5 wkznzc2l oygrvhab dhix69tm jktsbyx5 rz4wbd8a osnr6wyh a8nywdso s1tcr66n\">\n<div class=\"bp9cbjyn j83agx80 buofh1pr ni8dbmo4 stjgntxs\"><\/div>\n<\/div>\n<\/div>\n<\/div>\n<\/div>\n<\/div>\n<\/div>\n<\/div>\n<div class=\"\"><\/div>\n<div class=\"gtad4xkn\">\n<div id=\"jsc_c_h9\" class=\"oajrlxb2 g5ia77u1 qu0x051f esr5mh6w e9989ue4 r7d6kgcz rq0escxv nhd2j8a9 nc684nl6 p7hjln8o kvgmc6g5 cxmmr5t8 oygrvhab hcukyx3x jb3vyjys rz4wbd8a qt6c0cv9 a8nywdso i1ao9s8h esuyzwwr f1sip0of lzcic4wl l9j0dhe7 abiwlrkh gpro0wi8 dwo3fsh8 ow4ym5g4 auili1gw du4w35lb gmql0nx0\" role=\"button\"><\/div>\n<\/div>\n<p><span class=\"d2edcug0 hpfvmrgz qv66sw1b c1et5uql rrkovp55 a8c37x1j keod5gw0 nxhoafnm aigsh9s9 d3f4x2em fe6kdd0r mau55g9w c8b282yb iv3no6db jq4qci2q a3bd9o3v knj5qynh m9osqain\" dir=\"auto\">5 comenta<\/span><\/p>\n<div class=\"gtad4xkn\">\n<div id=\"jsc_c_h9\" class=\"oajrlxb2 g5ia77u1 qu0x051f esr5mh6w e9989ue4 r7d6kgcz rq0escxv nhd2j8a9 nc684nl6 p7hjln8o kvgmc6g5 cxmmr5t8 oygrvhab hcukyx3x jb3vyjys rz4wbd8a qt6c0cv9 a8nywdso i1ao9s8h esuyzwwr f1sip0of lzcic4wl l9j0dhe7 abiwlrkh gpro0wi8 dwo3fsh8 ow4ym5g4 auili1gw du4w35lb gmql0nx0\" role=\"button\"><span class=\"d2edcug0 hpfvmrgz qv66sw1b c1et5uql rrkovp55 a8c37x1j keod5gw0 nxhoafnm aigsh9s9 d3f4x2em fe6kdd0r mau55g9w c8b282yb iv3no6db jq4qci2q a3bd9o3v knj5qynh m9osqain\" dir=\"auto\">rios<\/span><\/div>\n<\/div>\n","protected":false},"excerpt":{"rendered":"<p>El tiempu n\u00b4Asturies Alborecemos col cielu nuboso ya con unes temperatures que tan alrodiu de los 6\u00baC, rexistr\u00e1ndose nel puirtu Payares 2\u00baC. G\u00fcei tendremos abondosa nubosid\u00e1 media-alta pero les precipitaciones nun llegar\u00e1n hasta la nueche, con unes temperatures que camudar\u00e1n poco con m\u00e1simes alrodiu de los 14\u00baC. Al finar el d\u00eda va arreciar l&#8217;aire \u00e1brigu [&hellip;]<\/p>\n","protected":false},"author":117,"featured_media":0,"comment_status":"closed","ping_status":"open","sticky":false,"template":"","format":"standard","meta":{"footnotes":""},"categories":[5],"tags":[],"class_list":["post-2004","post","type-post","status-publish","format-standard","hentry","category-tiempu"],"_links":{"self":[{"href":"https:\/\/edublog.educastur.es\/ixuxu\/wp-json\/wp\/v2\/posts\/2004","targetHints":{"allow":["GET"]}}],"collection":[{"href":"https:\/\/edublog.educastur.es\/ixuxu\/wp-json\/wp\/v2\/posts"}],"about":[{"href":"https:\/\/edublog.educastur.es\/ixuxu\/wp-json\/wp\/v2\/types\/post"}],"author":[{"embeddable":true,"href":"https:\/\/edublog.educastur.es\/ixuxu\/wp-json\/wp\/v2\/users\/117"}],"replies":[{"embeddable":true,"href":"https:\/\/edublog.educastur.es\/ixuxu\/wp-json\/wp\/v2\/comments?post=2004"}],"version-history":[{"count":2,"href":"https:\/\/edublog.educastur.es\/ixuxu\/wp-json\/wp\/v2\/posts\/2004\/revisions"}],"predecessor-version":[{"id":2006,"href":"https:\/\/edublog.educastur.es\/ixuxu\/wp-json\/wp\/v2\/posts\/2004\/revisions\/2006"}],"wp:attachment":[{"href":"https:\/\/edublog.educastur.es\/ixuxu\/wp-json\/wp\/v2\/media?parent=2004"}],"wp:term":[{"taxonomy":"category","embeddable":true,"href":"https:\/\/edublog.educastur.es\/ixuxu\/wp-json\/wp\/v2\/categories?post=2004"},{"taxonomy":"post_tag","embeddable":true,"href":"https:\/\/edublog.educastur.es\/ixuxu\/wp-json\/wp\/v2\/tags?post=2004"}],"curies":[{"name":"wp","href":"https:\/\/api.w.org\/{rel}","templated":true}]}}