{"id":20053,"date":"2023-05-24T14:52:55","date_gmt":"2023-05-24T12:52:55","guid":{"rendered":"https:\/\/edublog.educastur.es\/ixuxu\/?p=20053"},"modified":"2023-05-24T14:52:55","modified_gmt":"2023-05-24T12:52:55","slug":"20053","status":"publish","type":"post","link":"https:\/\/edublog.educastur.es\/ixuxu\/2023\/05\/20053\/","title":{"rendered":""},"content":{"rendered":"<p style=\"text-align: center\"><span style=\"color: #800080\"><em><span style=\"font-size: 20px\">\u00abColes palabres m\u00e1xiques del \u00e9rase una vegada<\/span><\/em><\/span><br \/>\n<span style=\"color: #800080\"><em><span style=\"font-size: 20px\">\u00e1lzase un mundu imaxinariu, onde nun caben<\/span><\/em><\/span><br \/>\n<span style=\"color: #800080\"><em><span style=\"font-size: 20px\"> el tel\u00e9fonu nin les urxencies del mundu real. <\/span><\/em><\/span><br \/>\n<span style=\"color: #800080\"><em><span style=\"font-size: 20px\">\u201cQue naide ataye porque toi lleendo un cuentu\u201d,<\/span><\/em><\/span><br \/>\n<span style=\"color: #800080\"><em><span style=\"font-size: 20px\"> va dicir l&#8217;adultu. <\/span><\/em><\/span><br \/>\n<span style=\"color: #800080\"><em><span style=\"font-size: 20px\">Ent\u00f3s los ne\u00f1os van dir aprendiendo, piel a piel,<\/span><\/em><\/span><br \/>\n<span style=\"color: #800080\"><em><span style=\"font-size: 20px\"> qu&#8217;esa conversaci\u00f3n sobro la vida qu&#8217;asocede <\/span><\/em><\/span><br \/>\n<span style=\"color: #800080\"><em><span style=\"font-size: 20px\">ente les ll\u00ednees d&#8217;un cuentu da nome a les emociones. <\/span><\/em><\/span><br \/>\n<span style=\"color: #800080\"><em><span style=\"font-size: 20px\">Y van aprender tami\u00e9n a querer los llibros<\/span><\/em><\/span><br \/>\n<span style=\"color: #800080\"><em><span style=\"font-size: 20px\"> porque-yos dexen parolar colos sos seres quer\u00edos.\u00bb<\/span> <\/em><\/span><br \/>\nYolanda Reyes.<\/p>\n","protected":false},"excerpt":{"rendered":"<p>\u00abColes palabres m\u00e1xiques del \u00e9rase una vegada \u00e1lzase un mundu imaxinariu, onde nun caben el tel\u00e9fonu nin les urxencies del mundu real. \u201cQue naide ataye porque toi lleendo un cuentu\u201d, va dicir l&#8217;adultu. Ent\u00f3s los ne\u00f1os van dir aprendiendo, piel a piel, qu&#8217;esa conversaci\u00f3n sobro la vida qu&#8217;asocede ente les ll\u00ednees d&#8217;un cuentu da nome [&hellip;]<\/p>\n","protected":false},"author":117,"featured_media":0,"comment_status":"open","ping_status":"open","sticky":false,"template":"","format":"quote","meta":{"footnotes":""},"categories":[1],"tags":[],"class_list":["post-20053","post","type-post","status-publish","format-quote","hentry","category-sin-categoria","post_format-post-format-quote"],"_links":{"self":[{"href":"https:\/\/edublog.educastur.es\/ixuxu\/wp-json\/wp\/v2\/posts\/20053","targetHints":{"allow":["GET"]}}],"collection":[{"href":"https:\/\/edublog.educastur.es\/ixuxu\/wp-json\/wp\/v2\/posts"}],"about":[{"href":"https:\/\/edublog.educastur.es\/ixuxu\/wp-json\/wp\/v2\/types\/post"}],"author":[{"embeddable":true,"href":"https:\/\/edublog.educastur.es\/ixuxu\/wp-json\/wp\/v2\/users\/117"}],"replies":[{"embeddable":true,"href":"https:\/\/edublog.educastur.es\/ixuxu\/wp-json\/wp\/v2\/comments?post=20053"}],"version-history":[{"count":1,"href":"https:\/\/edublog.educastur.es\/ixuxu\/wp-json\/wp\/v2\/posts\/20053\/revisions"}],"predecessor-version":[{"id":20054,"href":"https:\/\/edublog.educastur.es\/ixuxu\/wp-json\/wp\/v2\/posts\/20053\/revisions\/20054"}],"wp:attachment":[{"href":"https:\/\/edublog.educastur.es\/ixuxu\/wp-json\/wp\/v2\/media?parent=20053"}],"wp:term":[{"taxonomy":"category","embeddable":true,"href":"https:\/\/edublog.educastur.es\/ixuxu\/wp-json\/wp\/v2\/categories?post=20053"},{"taxonomy":"post_tag","embeddable":true,"href":"https:\/\/edublog.educastur.es\/ixuxu\/wp-json\/wp\/v2\/tags?post=20053"}],"curies":[{"name":"wp","href":"https:\/\/api.w.org\/{rel}","templated":true}]}}