{"id":20068,"date":"2023-05-24T22:00:36","date_gmt":"2023-05-24T20:00:36","guid":{"rendered":"https:\/\/edublog.educastur.es\/ixuxu\/?p=20068"},"modified":"2023-05-25T20:49:03","modified_gmt":"2023-05-25T18:49:03","slug":"tina-turnes-que-la-tierra-te-seya-leve","status":"publish","type":"post","link":"https:\/\/edublog.educastur.es\/ixuxu\/2023\/05\/tina-turnes-que-la-tierra-te-seya-leve\/","title":{"rendered":"Tina Turner, la meyor del rock&#8230;"},"content":{"rendered":"<p style=\"text-align: center\">\n<!-- iframe plugin v.6.0 wordpress.org\/plugins\/iframe\/ -->\n<iframe loading=\"lazy\" width=\"100%\" height=\"350\" src=\"https:\/\/www.youtube.com\/embed\/5Oyow_XPX0c\" title=\"Tina Turner - The Best - In Memoriam 24-05-2023\" frameborder=\"0\" allow=\"accelerometer; autoplay; clipboard-write; encrypted-media; gyroscope; picture-in-picture; web-share\" 0=\"allowfullscreen\" 1=\"\/iframe\" scrolling=\"yes\" class=\"iframe-class\"><\/iframe>\n<\/p>\n<ul>\n<li style=\"text-align: left\">Tina Turner: <a href=\"https:\/\/es.wikipedia.org\/wiki\/Tina_Turner\">wiki<\/a> \/ <a href=\"https:\/\/www.tinaturnerofficial.com\/\">web<\/a> \/ semeyes \/ <a href=\"https:\/\/www.youtube.com\/channel\/UCfBkblXPcSNt784AZz5J6AQ\">Youtube<\/a> \/<\/li>\n<li>Noticies: <a href=\"https:\/\/www.elcomercio.es\/culturas\/musica\/fotos-tina-turner-fallece-leyenda-rock-20230524212650-ga.html\">El Comercio<\/a> \/<\/li>\n<\/ul>\n<p>Foi una cantante suiza d&#8217;orixe estadounidense. Desenvolvi\u00f3 la so carrera mientres m\u00e1s de cincuenta a\u00f1os, am\u00e1s de convertise n&#8217;una de les principales y mayores compositores de rock.Morri\u00f3 con 83 a\u00f1os.<\/p>\n<p><!--more--><\/p>\n<p>Referente y estrella del rock n&#8217;unu oficiu *masculinizada y \u00eddola de delles xeneraciones. Tami\u00e9n superviviente de violencia machista, super\u00f3 grandes dificultaes na so vida. Cuando ent\u00e1 nun se falaba de \u00abempoderamiento femen\u00edn\u00bb, Turner y\u00e1 yera un claru exemplu d&#8217;ello.<\/p>\n<p>? *Tina *Turner va ser siempres sin\u00f3nimu \u00ab*empowerment\u00bb.<\/p>\n\n<!-- iframe plugin v.6.0 wordpress.org\/plugins\/iframe\/ -->\n<iframe loading=\"lazy\" width=\"100%\" height=\"400\" src=\"https:\/\/www.youtube.com\/embed\/TTfYnRQgKgY\" title=\"Tina Turner - Proud Mary (Live from Arnhem, Netherlands)\" frameborder=\"0\" allow=\"accelerometer; autoplay; clipboard-write; encrypted-media; gyroscope; picture-in-picture; web-share\" 0=\"allowfullscreen\" 1=\"\/iframe\" scrolling=\"yes\" class=\"iframe-class\"><\/iframe>\n\n<p style=\"text-align: center\"><a href=\"https:\/\/www.revista360grados.com.mx\/Portal\/wp-content\/uploads\/2023\/05\/tina-turner-image-1000x600.jpg\"><img loading=\"lazy\" decoding=\"async\" class=\"aligncenter \" src=\"https:\/\/www.revista360grados.com.mx\/Portal\/wp-content\/uploads\/2023\/05\/tina-turner-image-1000x600.jpg\" width=\"337\" height=\"202\" \/><\/a><\/p>\n<p style=\"text-align: center\">\n<!-- iframe plugin v.6.0 wordpress.org\/plugins\/iframe\/ -->\n<iframe loading=\"lazy\" width=\"424\" height=\"238\" src=\"https:\/\/www.youtube.com\/embed\/oGpFcHTxjZs\" title=\"Tina Turner - What&#039;s Love Got To Do With It (Official Music Video)\" frameborder=\"0\" allow=\"accelerometer; autoplay; clipboard-write; encrypted-media; gyroscope; picture-in-picture; web-share\" 0=\"allowfullscreen\" 1=\"\/iframe\" scrolling=\"yes\" class=\"iframe-class\"><\/iframe>\n<\/p>\n<p style=\"text-align: center\"><a href=\"https:\/\/s1.ppllstatics.com\/elcomercio\/www\/multimedia\/2023\/05\/24\/tina-turner%20(6).jpg\"><img loading=\"lazy\" decoding=\"async\" class=\"aligncenter size-full\" src=\"https:\/\/s1.ppllstatics.com\/elcomercio\/www\/multimedia\/2023\/05\/24\/tina-turner%20(6).jpg\" width=\"1374\" height=\"932\" \/><\/a><\/p>\n<p style=\"text-align: center\">\n<!-- iframe plugin v.6.0 wordpress.org\/plugins\/iframe\/ -->\n<iframe loading=\"lazy\" width=\"100%\" height=\"395\" src=\"https:\/\/www.youtube.com\/embed\/GC5E8ie2pdM\" title=\"Tina Turner - The Best (Official Music Video)\" frameborder=\"0\" allow=\"accelerometer; autoplay; clipboard-write; encrypted-media; gyroscope; picture-in-picture; web-share\" 0=\"allowfullscreen\" 1=\"\/iframe\" scrolling=\"yes\" class=\"iframe-class\"><\/iframe>\n<\/p>\n<pre class=\"U_nX_1rJoqQSWPJRE6zb\" data-testid=\"iframe-code\">\n<!-- iframe plugin v.6.0 wordpress.org\/plugins\/iframe\/ -->\n<iframe style=\"border-radius:12px\" src=\"https:\/\/open.spotify.com\/embed\/artist\/1zuJe6b1roixEKMOtyrEak?utm_source=generator\" width=\"100%\" height=\"700\" frameborder=\"0\" allowfullscreen allow=\"autoplay; clipboard-write; encrypted-media; fullscreen; \r\npicture-in-picture\" loading=\"lazy\" 0=\"\/iframe\" scrolling=\"yes\" class=\"iframe-class\"><\/iframe>\n\r\n\r\n\n<!-- iframe plugin v.6.0 wordpress.org\/plugins\/iframe\/ -->\n<iframe loading=\"lazy\" src=\"https:\/\/www.facebook.com\/plugins\/post.php?href=https%3A%2F%2Fwww.facebook.com%2Ffeminarian%2Fposts%2Fpfbid09ReuXMZMvnECmuCmvZz1xpPM6Geimie7avadnbgD42dVHx9CdsJ2EDUhtKSPcKYWl&#038;show_text=false&#038;width=500\" width=\"500\" height=\"498\" style=\"border:none;overflow:hidden\" scrolling=\"no\" frameborder=\"0\" allowfullscreen=\"true\" allow=\"autoplay; clipboard-write; encrypted-media; picture-in-picture; web-share\" 0=\"\/iframe\" class=\"iframe-class\"><\/iframe>\n<\/pre>\n","protected":false},"excerpt":{"rendered":"<p>Tina Turner: wiki \/ web \/ semeyes \/ Youtube \/ Noticies: El Comercio \/ Foi una cantante suiza d&#8217;orixe estadounidense. Desenvolvi\u00f3 la so carrera mientres m\u00e1s de cincuenta a\u00f1os, am\u00e1s de convertise n&#8217;una de les principales y mayores compositores de rock.Morri\u00f3 con 83 a\u00f1os.<\/p>\n","protected":false},"author":117,"featured_media":0,"comment_status":"open","ping_status":"open","sticky":false,"template":"","format":"standard","meta":{"footnotes":""},"categories":[162,35],"tags":[],"class_list":["post-20068","post","type-post","status-publish","format-standard","hentry","category-dep","category-musica"],"_links":{"self":[{"href":"https:\/\/edublog.educastur.es\/ixuxu\/wp-json\/wp\/v2\/posts\/20068","targetHints":{"allow":["GET"]}}],"collection":[{"href":"https:\/\/edublog.educastur.es\/ixuxu\/wp-json\/wp\/v2\/posts"}],"about":[{"href":"https:\/\/edublog.educastur.es\/ixuxu\/wp-json\/wp\/v2\/types\/post"}],"author":[{"embeddable":true,"href":"https:\/\/edublog.educastur.es\/ixuxu\/wp-json\/wp\/v2\/users\/117"}],"replies":[{"embeddable":true,"href":"https:\/\/edublog.educastur.es\/ixuxu\/wp-json\/wp\/v2\/comments?post=20068"}],"version-history":[{"count":8,"href":"https:\/\/edublog.educastur.es\/ixuxu\/wp-json\/wp\/v2\/posts\/20068\/revisions"}],"predecessor-version":[{"id":20084,"href":"https:\/\/edublog.educastur.es\/ixuxu\/wp-json\/wp\/v2\/posts\/20068\/revisions\/20084"}],"wp:attachment":[{"href":"https:\/\/edublog.educastur.es\/ixuxu\/wp-json\/wp\/v2\/media?parent=20068"}],"wp:term":[{"taxonomy":"category","embeddable":true,"href":"https:\/\/edublog.educastur.es\/ixuxu\/wp-json\/wp\/v2\/categories?post=20068"},{"taxonomy":"post_tag","embeddable":true,"href":"https:\/\/edublog.educastur.es\/ixuxu\/wp-json\/wp\/v2\/tags?post=20068"}],"curies":[{"name":"wp","href":"https:\/\/api.w.org\/{rel}","templated":true}]}}