{"id":20085,"date":"2023-05-25T20:30:12","date_gmt":"2023-05-25T18:30:12","guid":{"rendered":"https:\/\/edublog.educastur.es\/ixuxu\/?p=20085"},"modified":"2023-05-25T20:51:51","modified_gmt":"2023-05-25T18:51:51","slug":"20085","status":"publish","type":"post","link":"https:\/\/edublog.educastur.es\/ixuxu\/2023\/05\/20085\/","title":{"rendered":""},"content":{"rendered":"<div class=\"\" dir=\"auto\">\n<div class=\"\" dir=\"auto\">\n<div class=\"x1iorvi4 x1pi30zi x1l90r2v x1swvt13\" data-ad-comet-preview=\"message\" data-ad-preview=\"message\">\n<div class=\"x78zum5 xdt5ytf xz62fqu x16ldp7u\">\n<div class=\"xu06os2 x1ok221b\">\n<div class=\"xdj266r x11i5rnm xat24cr x1mh8g0r x1vvkbs x126k92a\">\n<ul>\n<li><span class=\"x3nfvp2 x1j61x8r x1fcty0u xdj266r xhhsvwb xat24cr xgzva0m xxymvpz xlup9mm x1kky2od\">Fonte:<a href=\"https:\/\/iniciativapolasturianu.org\/iniciativa-pol-asturianu-ufre-una-tabla-cola-esbilla-de-los-contenios-sobre-politica-llinguistica-y-oficialida-nos-programes-electorales\/?fbclid=IwAR0Lf6IQCWF73KzB6zDkal3lefBLep0IhvdWGgP3JAWEB0lVDxbPfaRkeIA\"> Iniciativa pol Asturianu<\/a> \/ Descarga tabla pdf: <a href=\"https:\/\/iniciativapolasturianu.org\/wp-content\/uploads\/2023\/05\/Programes-llingu\u0308i\u0301sticos-2023-1.pdf\">Programes llingu\u0308i\u0301sticos 2023<\/a><\/span><\/li>\n<\/ul>\n<div dir=\"auto\">Iniciativa pol Asturianu ufre una tabla cola esbilla de los conten\u00edos sobre pol\u00edtica lling\u00fc\u00edstica y <a class=\"x1i10hfl xjbqb8w x6umtig x1b1mbwd xaqea5y xav7gou x9f619 x1ypdohk xt0psk2 xe8uvvx xdj266r x11i5rnm xat24cr x1mh8g0r xexx8yu x4uap5 x18d9i69 xkhd6sd x16tdsg8 x1hl2dhg xggy1nq x1a2a7pz xt0b8zv x1qq9wsj xo1l8bm\" role=\"link\" href=\"https:\/\/www.facebook.com\/hashtag\/oficialid%C3%A1?__eep__=6&amp;__cft__[0]=AZV9ejzGIJ3BElDPstVKkDobahlQSCIcXlQSajl3aAtoHy1XZk8wQ8IftNsCMnW8rUfhe9dLxQvVHi9h3owCzEMFulUFuEpqGoAzNAp9DqzVw2hHrYdCXG-YVoqHOX-4Yf8iPbFY4apbds078riIE57K8LXgejYBt3Mlhyz3xpZs9ZxMcxQs2U8u9SEECXmIQejx2t2XIChpM-cht-nbMrQ0&amp;__tn__=*NK-y-R\">#oficialid\u00e1<\/a> nos programes electorales. <a class=\"x1i10hfl xjbqb8w x6umtig x1b1mbwd xaqea5y xav7gou x9f619 x1ypdohk xt0psk2 xe8uvvx xdj266r x11i5rnm xat24cr x1mh8g0r xexx8yu x4uap5 x18d9i69 xkhd6sd x16tdsg8 x1hl2dhg xggy1nq x1a2a7pz xt0b8zv x1qq9wsj xo1l8bm\" role=\"link\" href=\"https:\/\/www.facebook.com\/hashtag\/28m?__eep__=6&amp;__cft__[0]=AZV9ejzGIJ3BElDPstVKkDobahlQSCIcXlQSajl3aAtoHy1XZk8wQ8IftNsCMnW8rUfhe9dLxQvVHi9h3owCzEMFulUFuEpqGoAzNAp9DqzVw2hHrYdCXG-YVoqHOX-4Yf8iPbFY4apbds078riIE57K8LXgejYBt3Mlhyz3xpZs9ZxMcxQs2U8u9SEECXmIQejx2t2XIChpM-cht-nbMrQ0&amp;__tn__=*NK-y-R\">#28M<\/a><\/div>\n<\/div>\n<\/div>\n<div dir=\"auto\" style=\"text-align: center\"><a href=\"https:\/\/iniciativapolasturianu.org\/wp-content\/uploads\/2023\/05\/Programes-llingu%CC%88i%CC%81sticos-Asturies-2023-28M-1068x1419.png\"><img loading=\"lazy\" decoding=\"async\" class=\"aligncenter size-full\" src=\"https:\/\/iniciativapolasturianu.org\/wp-content\/uploads\/2023\/05\/Programes-llingu%CC%88i%CC%81sticos-Asturies-2023-28M-1068x1419.png\" width=\"1068\" height=\"1419\" \/><\/a><\/div>\n<div class=\"xu06os2 x1ok221b\">\n<div class=\"x11i5rnm xat24cr x1mh8g0r x1vvkbs xtlvy1s x126k92a\">\n<div dir=\"auto\"><!--more--><\/div>\n<div dir=\"auto\">Una convocatoria m\u00e1s Iniciativa pol Asturianu quier ufrir a la socied\u00e1 informaci\u00f3n sobre los conten\u00edos en pol\u00edtica lling\u00fc\u00edstica y oficialid\u00e1 nos programes electorales de los principales part\u00edos que se presenten a les elecciones auton\u00f3miques asturianes del domingu 28 de mayu. Dende l\u2019apartidismu propiu d\u2019una organizaci\u00f3n tresversal como ye Iniciativa pol Asturianu queremos animar a la socied\u00e1 asturiana a valorar los programes en materia lling\u00fc\u00edstica y votar a formaciones que trabayen por meyorar tanto l\u2019estatus lling\u00fc\u00edsticu de les lling\u00fces d\u2019Asturies como la so situaci\u00f3n sociolling\u00fc\u00edstica.<\/div>\n<div dir=\"auto\"><\/div>\n<\/div>\n<\/div>\n<\/div>\n<\/div>\n<\/div>\n<\/div>\n<p>&nbsp;<\/p>\n","protected":false},"excerpt":{"rendered":"<p>Fonte: Iniciativa pol Asturianu \/ Descarga tabla pdf: Programes llingu\u0308i\u0301sticos 2023 Iniciativa pol Asturianu ufre una tabla cola esbilla de los conten\u00edos sobre pol\u00edtica lling\u00fc\u00edstica y #oficialid\u00e1 nos programes electorales. #28M<\/p>\n","protected":false},"author":117,"featured_media":0,"comment_status":"open","ping_status":"open","sticky":false,"template":"","format":"standard","meta":{"footnotes":""},"categories":[47],"tags":[],"class_list":["post-20085","post","type-post","status-publish","format-standard","hentry","category-iniciativa-pol-asturianu"],"_links":{"self":[{"href":"https:\/\/edublog.educastur.es\/ixuxu\/wp-json\/wp\/v2\/posts\/20085","targetHints":{"allow":["GET"]}}],"collection":[{"href":"https:\/\/edublog.educastur.es\/ixuxu\/wp-json\/wp\/v2\/posts"}],"about":[{"href":"https:\/\/edublog.educastur.es\/ixuxu\/wp-json\/wp\/v2\/types\/post"}],"author":[{"embeddable":true,"href":"https:\/\/edublog.educastur.es\/ixuxu\/wp-json\/wp\/v2\/users\/117"}],"replies":[{"embeddable":true,"href":"https:\/\/edublog.educastur.es\/ixuxu\/wp-json\/wp\/v2\/comments?post=20085"}],"version-history":[{"count":2,"href":"https:\/\/edublog.educastur.es\/ixuxu\/wp-json\/wp\/v2\/posts\/20085\/revisions"}],"predecessor-version":[{"id":20087,"href":"https:\/\/edublog.educastur.es\/ixuxu\/wp-json\/wp\/v2\/posts\/20085\/revisions\/20087"}],"wp:attachment":[{"href":"https:\/\/edublog.educastur.es\/ixuxu\/wp-json\/wp\/v2\/media?parent=20085"}],"wp:term":[{"taxonomy":"category","embeddable":true,"href":"https:\/\/edublog.educastur.es\/ixuxu\/wp-json\/wp\/v2\/categories?post=20085"},{"taxonomy":"post_tag","embeddable":true,"href":"https:\/\/edublog.educastur.es\/ixuxu\/wp-json\/wp\/v2\/tags?post=20085"}],"curies":[{"name":"wp","href":"https:\/\/api.w.org\/{rel}","templated":true}]}}