{"id":20091,"date":"2023-05-25T20:58:49","date_gmt":"2023-05-25T18:58:49","guid":{"rendered":"https:\/\/edublog.educastur.es\/ixuxu\/?p=20091"},"modified":"2023-05-25T21:01:33","modified_gmt":"2023-05-25T19:01:33","slug":"afaya-cuantes-persones-llamense-y-apellidense-como-tu-nespana","status":"publish","type":"post","link":"https:\/\/edublog.educastur.es\/ixuxu\/2023\/05\/afaya-cuantes-persones-llamense-y-apellidense-como-tu-nespana\/","title":{"rendered":"Afaya cu\u00e1ntes persones ll\u00e1mense y apell\u00eddense como tu n&#8217;Espa\u00f1a"},"content":{"rendered":"<ul>\n<li>Fonte: <a href=\"https:\/\/www.65ymas.com\/sociedad\/descubre-con-cuantas-personas-compartes-el-nombre-y-apellido_50507_102.html\">65 y m\u00e1s<\/a> \/ <a href=\"https:\/\/www.ine.es\/dyngs\/INEbase\/es\/operacion.htm?c=Estadistica_C&amp;cid=1254736177009&amp;menu=ultiDatos&amp;idp=1254734710990\"><strong>+ datos<\/strong><\/a> \/<\/li>\n<li><span style=\"color: #999999\"><a style=\"color: #999999\" href=\"https:\/\/www.ine.es\/explica\/explica_estadymas_widget_nomape_ayuda.htm\">https:\/\/www.ine.es\/explica\/explica_estadymas_widget_nomape_ayuda.htm<\/a><\/span><\/li>\n<\/ul>\n<p>Antonio y Mar\u00eda Carmen repiten un a\u00f1u m\u00e1s como los nomes m\u00e1s frecuentes. Los nomes de les persones tami\u00e9n t\u00e1n suxetos a modes y cambeos. Los que g\u00fcei son los m\u00e1s escoy\u00edos para los ne\u00f1os y ne\u00f1es naciellos, va trenta a\u00f1os nun taben nin ente los 50 primeros. Asina lo demuestren los nuevos datos del <strong><span style=\"color: #008080\">Institutu Nacional d&#8217;Estad\u00edstica (INE)<\/span><\/strong>, que public\u00f3 los datos sobro nomes y apell\u00edos m\u00e1s frecuentes n&#8217;Espa\u00f1a correspondientes a 2022.<\/p>\n<p>Si tienes un nome o apell\u00edu que crees que ye poco frecuente o sientes inter\u00e9s por saber cu\u00e1ntos tocayos esisten n&#8217;Espa\u00f1a y en qu\u00e9 llugares se concentren, puedes comprobalo equ\u00ed. <a href=\"https:\/\/www.ine.es\/explica\/explica_estadymas_widget_nomape_ayuda.htm\">https:\/\/www.ine.es\/explica\/explica_estadymas_widget_nomape_ayuda.htm<\/a><\/p>\n<p style=\"text-align: center\"><a href=\"https:\/\/www.ine.es\/dyngs\/INEbase\/es\/operacion.htm?c=Estadistica_C&amp;cid=1254736177009&amp;menu=ultiDatos&amp;idp=1254734710990\"><img loading=\"lazy\" decoding=\"async\" class=\"aligncenter size-full\" src=\"https:\/\/www.ine.es\/menus\/_b\/img\/logoINE.gif\" width=\"326\" height=\"125\" \/><\/a><\/p>\n<p>&nbsp;<\/p>\n<p><!--more--><\/p>\n<div class=\"body-article\">\n<h3>Cl\u00e1sicos que se van, novedades que llegan<\/h3>\n<p><strong>Antonio <\/strong>se mantiene un a\u00f1o m\u00e1s en el puesto n\u00famero uno como el nombre m\u00e1s frecuente entre los hombres espa\u00f1oles, de la misma forma que <strong>Mar\u00eda Carmen<\/strong> lo hace en el de las mujeres. <strong>Son 636.109 las mujeres que, para el 1 de enero de 2022, ten\u00edan este nombre en su DNI<\/strong>, mientras que <strong>Antonio aparec\u00eda en la identificaci\u00f3n de 627.738 hombres.<\/strong><\/p>\n<p>&nbsp;<\/p>\n<p>&nbsp;<\/p>\n<p>Sin embargo, esta tendencia podr\u00eda cambiar en los pr\u00f3ximos a\u00f1os. <strong>Jos\u00e9 ya perdi\u00f3 el primer puesto tras caer como nombre preferido para los ni\u00f1os reci\u00e9n nacidos.<\/strong> Entre las d\u00e9cadas de los a\u00f1os 30 y 50, oscilaba entre las primeras posiciones como el nombre m\u00e1s com\u00fan para los beb\u00e9s. Sin embargo, desde los 60, ha ido cayendo en desuso y hoy <strong>solo lo eligen 5,6 padres por cada 1.000 nacimientos.<\/strong><\/p>\n<p>Antonio y Mar\u00eda Carmen parecen seguir el mismo camino. Adem\u00e1s de presentar una media de edad elevada,<strong> rondando ambos los 60 a\u00f1os<\/strong>, los nombres en tendencia han cambiado. <strong>Mar\u00eda Carmen dej\u00f3 de ser el m\u00e1s elegido para las ni\u00f1as reci\u00e9n nacidas en los 70 y ahora ni siquiera aparece entre los 50 primeros.<\/strong><\/p>\n<p>En contraste, los apellidos m\u00e1s frecuentes no sorprenden. <strong>Garc\u00eda sigue situ\u00e1ndose muy por encima del resto<\/strong>, con casi un mill\u00f3n y medio de personas con ese apellido.<\/p>\n<p>&nbsp;<\/p>\n<h3>Los m\u00e1s elegidos para los beb\u00e9s<\/h3>\n<p>Los nuevos beb\u00e9s espa\u00f1oles dejan atr\u00e1s los cl\u00e1sicos frente a la irrupci\u00f3n de nombres cortos y de or\u00edgenes diversos, como <strong>Liam, Thiago o Dylan<\/strong> en el caso de los ni\u00f1os y <strong>Chloe, Laia o Zoe<\/strong> en el de las ni\u00f1as.<\/p>\n<p>Frente a Jos\u00e9, Antonio o Mar\u00eda Carmen que eran los m\u00e1s habituales hace varias d\u00e9cadas, <strong>hoy destacan Hugo y Luc\u00eda como las dos elecciones preferidas por los padres <\/strong>en Espa\u00f1a. Estos nombres ascienden y son cada vez m\u00e1s comunes, mientras otros se extinguen.<\/p>\n<p><strong>Afrodisia, Acracia y Fraternidad han ca\u00eddo en desuso. <\/strong>Apenas una veintena de personas viven hoy en Espa\u00f1a con esos nombres y su media de edad es alt\u00edsima. Estas personas, nacidas en su mayor\u00eda alrededor de los a\u00f1os 30, ver\u00e1n su nombre desaparecer en los pr\u00f3ximos a\u00f1os. Por el contrario,<strong> han aparecido novedades como Breo o Arya.<\/strong><\/p>\n<p>&nbsp;<\/p>\n<p>&nbsp;<\/p>\n<p>Tambi\u00e9n encontramos algunas diferencias seg\u00fan las Comunidades Aut\u00f3nomas. <strong>El sur lo domina Manuel; <a title=\"Catalu\u00f1a invertir\u00e1 161 millones de euros en la construcci\u00f3n de 40 residencias y centros de d\u00eda\" href=\"https:\/\/www.65ymas.com\/sociedad\/cataluna-161-millones-euros-construccion-40-residencias-centros-dia_50150_102.html\" target=\"_self\" rel=\"follow noopener\" data-external=\"0\" data-intl-links-es=\"https:\/\/www.65ymas.com\/sociedad\/cataluna-161-millones-euros-construccion-40-residencias-centros-dia_50150_102.html\">Catalu\u00f1a<\/a>\u00a0y Baleares prefieren Marc; Galicia, Madrid y Cantabria optan por Mateo; y Mart\u00edn domina en la mayor\u00eda del resto.<\/strong><\/p>\n<p>Por el contrario, en el caso de las ni\u00f1as <strong><a title=\"IPC disparado: Canarias, Baleares y Andaluc\u00eda, las comunidades m\u00e1s golpeadas por el alza de precios\" href=\"https:\/\/www.65ymas.com\/economia\/ipc-canarias-baleares-andalucia-ccaa-mas-golpeadas-alza-precios-anual_50305_102.html\" target=\"_self\" rel=\"follow noopener\" data-external=\"0\" data-intl-links-es=\"https:\/\/www.65ymas.com\/economia\/ipc-canarias-baleares-andalucia-ccaa-mas-golpeadas-alza-precios-anual_50305_102.html\">Andaluc\u00eda<\/a> es la \u00fanica en la que sobresalen las Mar\u00edas; en Pa\u00eds Vasco optan por Ane; Nahia destaca en Navarra; y Luc\u00eda se extiende por la gran mayor\u00eda del territorio.\u00a0<\/strong><\/p>\n<p>&nbsp;<\/p>\n<\/div>\n<div class=\"c-author-article\">\n<div class=\"c-author-article__wrapper\">\n<p>Sobre el autor: Paula Buedo<a title=\"\" href=\"https:\/\/www.65ymas.com\/paula-buedo_205_115.html\" target=\"_self\" rel=\"folow noopener\">\u2026 saber m\u00e1s sobre el autor <\/a><\/p>\n<\/div>\n<\/div>\n","protected":false},"excerpt":{"rendered":"<p>Fonte: 65 y m\u00e1s \/ + datos \/ https:\/\/www.ine.es\/explica\/explica_estadymas_widget_nomape_ayuda.htm Antonio y Mar\u00eda Carmen repiten un a\u00f1u m\u00e1s como los nomes m\u00e1s frecuentes. Los nomes de les persones tami\u00e9n t\u00e1n suxetos a modes y cambeos. Los que g\u00fcei son los m\u00e1s escoy\u00edos para los ne\u00f1os y ne\u00f1es naciellos, va trenta a\u00f1os nun taben nin ente los [&hellip;]<\/p>\n","protected":false},"author":117,"featured_media":0,"comment_status":"open","ping_status":"open","sticky":false,"template":"","format":"standard","meta":{"footnotes":""},"categories":[1],"tags":[],"class_list":["post-20091","post","type-post","status-publish","format-standard","hentry","category-sin-categoria"],"_links":{"self":[{"href":"https:\/\/edublog.educastur.es\/ixuxu\/wp-json\/wp\/v2\/posts\/20091","targetHints":{"allow":["GET"]}}],"collection":[{"href":"https:\/\/edublog.educastur.es\/ixuxu\/wp-json\/wp\/v2\/posts"}],"about":[{"href":"https:\/\/edublog.educastur.es\/ixuxu\/wp-json\/wp\/v2\/types\/post"}],"author":[{"embeddable":true,"href":"https:\/\/edublog.educastur.es\/ixuxu\/wp-json\/wp\/v2\/users\/117"}],"replies":[{"embeddable":true,"href":"https:\/\/edublog.educastur.es\/ixuxu\/wp-json\/wp\/v2\/comments?post=20091"}],"version-history":[{"count":6,"href":"https:\/\/edublog.educastur.es\/ixuxu\/wp-json\/wp\/v2\/posts\/20091\/revisions"}],"predecessor-version":[{"id":20097,"href":"https:\/\/edublog.educastur.es\/ixuxu\/wp-json\/wp\/v2\/posts\/20091\/revisions\/20097"}],"wp:attachment":[{"href":"https:\/\/edublog.educastur.es\/ixuxu\/wp-json\/wp\/v2\/media?parent=20091"}],"wp:term":[{"taxonomy":"category","embeddable":true,"href":"https:\/\/edublog.educastur.es\/ixuxu\/wp-json\/wp\/v2\/categories?post=20091"},{"taxonomy":"post_tag","embeddable":true,"href":"https:\/\/edublog.educastur.es\/ixuxu\/wp-json\/wp\/v2\/tags?post=20091"}],"curies":[{"name":"wp","href":"https:\/\/api.w.org\/{rel}","templated":true}]}}